{"id":1283,"date":"2011-04-10T19:08:09","date_gmt":"2011-04-10T19:08:09","guid":{"rendered":"http:\/\/www.simepe.com.br\/novo\/?p=1283"},"modified":"2011-07-29T20:26:32","modified_gmt":"2011-07-29T20:26:32","slug":"atencao-medicos-11","status":"publish","type":"post","link":"https:\/\/www.simepe.com.br\/novo\/atencao-medicos-11\/","title":{"rendered":"Aten\u00e7\u00e3o M\u00e9dicos"},"content":{"rendered":"<p style=\"text-align: justify;\"><strong>COMISS\u00c3O ESTADUAL DE HONOR\u00c1RIOS M\u00c9DICOS\/PARALISA\u00c7\u00c3O NACIONAL<\/strong> \u2013 No dia Nacional de Paralisa\u00e7\u00e3o do Atendimento aos Planos de Sa\u00fade os m\u00e9dicos de Pernambuco mostraram a sua for\u00e7a e poder de mobiliza\u00e7\u00e3o. Houve ades\u00e3o pr\u00f3xima aos 100% em v\u00e1rios servi\u00e7os: Radiologia, Oftalmologia, Traumatologia, Anestesiologia, Cardiologia, Ginecologia\/Obstetr\u00edcia e Pediatria entre outros. Estabelecimentos de sa\u00fade e colegas do interior do Estado tamb\u00e9m participaram do Movimento Nacional. O atendimento \u00e0s urg\u00eancias e emerg\u00eancias, bem como os servi\u00e7os essenciais: hemodi\u00e1lise, hemoterapia, quimioterapia, radioterapia e afins, foram preservados. O povo pernambucano entendeu e apoiou o protesto dos m\u00e9dicos. O \u201cFlash Mob\u201d foi o momento simb\u00f3lico da paralisa\u00e7\u00e3o, quando m\u00e9dicos vestiram seus jalecos e cruzaram os bra\u00e7os para os planos de sa\u00fade. Nosso profundo respeito e gratid\u00e3o a todos os colegas, sociedades de especialidades e estabelecimentos de sa\u00fade; \u00e0 m\u00eddia pela ampla cobertura, parlamentares e, em especial, aos usu\u00e1rios de planos de sa\u00fade, pela compreens\u00e3o e cumplicidade contribuindo de forma inequ\u00edvoca para o sucesso do dia 07\/04\/2011, uma data emblem\u00e1tica para a sa\u00fade suplementar brasileira.<\/p>\n<p style=\"text-align: justify;\"><strong>PREFEITURA DE OLINDA<\/strong> \u2013 O Simepe e as secretarias da Fazenda\/Administra\u00e7\u00e3o e da Sa\u00fade deram continuidade, na sexta-feira (08\/04\/2011), as discuss\u00f5es sobre a Campanha de Valoriza\u00e7\u00e3o do Trabalho M\u00e9dico de 2011. Pr\u00f3xima reuni\u00e3o: dia\u00a004\/05\/2011, \u00e0s 10h, na Secretaria de Sa\u00fade de Olinda.<\/p>\n<p style=\"text-align: justify;\"><strong>PREFEITURA DE CARUARU<\/strong> &#8211; Na pr\u00f3xima ter\u00e7a-feira (12\/04\/2011) haver\u00e1 reuni\u00e3o, no Minist\u00e9rio P\u00fablico de Caruaru, \u00e0s 14h. Pauta: descumprimento do Termo de Compromisso.<\/p>\n<p style=\"text-align: justify;\"><strong>MATERNIDADES DA REDE P\u00daBLICA<\/strong> \u2013 Reuni\u00e3o com os m\u00e9dicos plantonistas obstetras\/neonatologistas &#8211; quarta-feira, 13\/04\/2011, \u00e0s 19h &#8211; no Simepe. Pauta: regula\u00e7\u00e3o dos leitos materno-infantil.<\/p>\n<p style=\"text-align: justify;\"><strong>PALESTRA APOSENTADORIA ESPECIAL<\/strong> \u2013 O Simepe realizou, com \u00eaxito, na ter\u00e7a-feira, 05\/04\/11, no audit\u00f3rio da AMPE, palestra sobre Aposentadoria Especial dos m\u00e9dicos, com transmiss\u00e3o ao vivo pela Internet. A Defensoria M\u00e9dica est\u00e1\u00a0disponibilizando na internet dois modelos de requerimentos, um com o pedido de simula\u00e7\u00e3o da aposentadoria especial e o outro com o pedido de aposentadoria especial.<\/p>\n<p style=\"text-align: justify;\"><strong>COOPERATIVISMO E APOSENTADORIA ESPECIAL EM OURICURI<\/strong> \u2013 Nesta segunda- feira (11\/04\/2011), o Simepe promover\u00e1 palestra sobre Cooperativismo M\u00e9dico e Aposentadoria especial, \u00e0s 19h, na sede da IX Ger\u00eancia Regional de Sa\u00fade (Geres) de\u00a0Ouricuri, com a participa\u00e7\u00e3o do advogado Ricardo Santos, da Defensoria M\u00e9dica.<\/p>\n<p style=\"text-align: justify;\">M\u00e9dico sindicalizado \u00e9 m\u00e9dico representado!<\/p>\n<p style=\"text-align: justify;\">Recife, 10 de abril de 2011<\/p>\n<p style=\"text-align: justify;\"><strong>A DIRETORIA<\/strong><\/p>\n","protected":false},"excerpt":{"rendered":"<p>COMISS\u00c3O ESTADUAL DE HONOR\u00c1RIOS M\u00c9DICOS\/PARALISA\u00c7\u00c3O NACIONAL \u2013 No dia Nacional de Paralisa\u00e7\u00e3o do Atendimento aos Planos de Sa\u00fade os m\u00e9dicos de Pernambuco mostraram a sua for\u00e7a e poder de mobiliza\u00e7\u00e3o. Houve ades\u00e3o pr\u00f3xima aos 100% em v\u00e1rios servi\u00e7os: Radiologia, Oftalmologia, Traumatologia, Anestesiologia, Cardiologia, Ginecologia\/Obstetr\u00edcia e Pediatria entre outros. Estabelecimentos de sa\u00fade e colegas do interior [&hellip;]<\/p>\n","protected":false},"author":1,"featured_media":0,"comment_status":"open","ping_status":"open","sticky":false,"template":"","format":"standard","meta":{"ocean_post_layout":"","ocean_both_sidebars_style":"","ocean_both_sidebars_content_width":0,"ocean_both_sidebars_sidebars_width":0,"ocean_sidebar":"","ocean_second_sidebar":"","ocean_disable_margins":"enable","ocean_add_body_class":"","ocean_shortcode_before_top_bar":"","ocean_shortcode_after_top_bar":"","ocean_shortcode_before_header":"","ocean_shortcode_after_header":"","ocean_has_shortcode":"","ocean_shortcode_after_title":"","ocean_shortcode_before_footer_widgets":"","ocean_shortcode_after_footer_widgets":"","ocean_shortcode_before_footer_bottom":"","ocean_shortcode_after_footer_bottom":"","ocean_display_top_bar":"default","ocean_display_header":"default","ocean_header_style":"","ocean_center_header_left_menu":"","ocean_custom_header_template":"","ocean_custom_logo":0,"ocean_custom_retina_logo":0,"ocean_custom_logo_max_width":0,"ocean_custom_logo_tablet_max_width":0,"ocean_custom_logo_mobile_max_width":0,"ocean_custom_logo_max_height":0,"ocean_custom_logo_tablet_max_height":0,"ocean_custom_logo_mobile_max_height":0,"ocean_header_custom_menu":"","ocean_menu_typo_font_family":"","ocean_menu_typo_font_subset":"","ocean_menu_typo_font_size":0,"ocean_menu_typo_font_size_tablet":0,"ocean_menu_typo_font_size_mobile":0,"ocean_menu_typo_font_size_unit":"px","ocean_menu_typo_font_weight":"","ocean_menu_typo_font_weight_tablet":"","ocean_menu_typo_font_weight_mobile":"","ocean_menu_typo_transform":"","ocean_menu_typo_transform_tablet":"","ocean_menu_typo_transform_mobile":"","ocean_menu_typo_line_height":0,"ocean_menu_typo_line_height_tablet":0,"ocean_menu_typo_line_height_mobile":0,"ocean_menu_typo_line_height_unit":"","ocean_menu_typo_spacing":0,"ocean_menu_typo_spacing_tablet":0,"ocean_menu_typo_spacing_mobile":0,"ocean_menu_typo_spacing_unit":"","ocean_menu_link_color":"","ocean_menu_link_color_hover":"","ocean_menu_link_color_active":"","ocean_menu_link_background":"","ocean_menu_link_hover_background":"","ocean_menu_link_active_background":"","ocean_menu_social_links_bg":"","ocean_menu_social_hover_links_bg":"","ocean_menu_social_links_color":"","ocean_menu_social_hover_links_color":"","ocean_disable_title":"default","ocean_disable_heading":"default","ocean_post_title":"","ocean_post_subheading":"","ocean_post_title_style":"","ocean_post_title_background_color":"","ocean_post_title_background":0,"ocean_post_title_bg_image_position":"","ocean_post_title_bg_image_attachment":"","ocean_post_title_bg_image_repeat":"","ocean_post_title_bg_image_size":"","ocean_post_title_height":0,"ocean_post_title_bg_overlay":0.5,"ocean_post_title_bg_overlay_color":"","ocean_disable_breadcrumbs":"default","ocean_breadcrumbs_color":"","ocean_breadcrumbs_separator_color":"","ocean_breadcrumbs_links_color":"","ocean_breadcrumbs_links_hover_color":"","ocean_display_footer_widgets":"default","ocean_display_footer_bottom":"default","ocean_custom_footer_template":"","ocean_post_oembed":"","ocean_post_self_hosted_media":"","ocean_post_video_embed":"","ocean_link_format":"","ocean_link_format_target":"self","ocean_quote_format":"","ocean_quote_format_link":"post","ocean_gallery_link_images":"on","ocean_gallery_id":[]},"categories":[1],"tags":[],"acf":[],"_links":{"self":[{"href":"https:\/\/www.simepe.com.br\/novo\/wp-json\/wp\/v2\/posts\/1283"}],"collection":[{"href":"https:\/\/www.simepe.com.br\/novo\/wp-json\/wp\/v2\/posts"}],"about":[{"href":"https:\/\/www.simepe.com.br\/novo\/wp-json\/wp\/v2\/types\/post"}],"author":[{"embeddable":true,"href":"https:\/\/www.simepe.com.br\/novo\/wp-json\/wp\/v2\/users\/1"}],"replies":[{"embeddable":true,"href":"https:\/\/www.simepe.com.br\/novo\/wp-json\/wp\/v2\/comments?post=1283"}],"version-history":[{"count":4,"href":"https:\/\/www.simepe.com.br\/novo\/wp-json\/wp\/v2\/posts\/1283\/revisions"}],"predecessor-version":[{"id":1286,"href":"https:\/\/www.simepe.com.br\/novo\/wp-json\/wp\/v2\/posts\/1283\/revisions\/1286"}],"wp:attachment":[{"href":"https:\/\/www.simepe.com.br\/novo\/wp-json\/wp\/v2\/media?parent=1283"}],"wp:term":[{"taxonomy":"category","embeddable":true,"href":"https:\/\/www.simepe.com.br\/novo\/wp-json\/wp\/v2\/categories?post=1283"},{"taxonomy":"post_tag","embeddable":true,"href":"https:\/\/www.simepe.com.br\/novo\/wp-json\/wp\/v2\/tags?post=1283"}],"curies":[{"name":"wp","href":"https:\/\/api.w.org\/{rel}","templated":true}]}}