{"id":1547,"date":"2011-08-08T15:47:41","date_gmt":"2011-08-08T15:47:41","guid":{"rendered":"http:\/\/www.simepe.com.br\/novo\/?p=1547"},"modified":"2011-08-08T15:48:17","modified_gmt":"2011-08-08T15:48:17","slug":"entidades-medicas-nacionais-planejam-paralisacao-de-advertencia-no-sus","status":"publish","type":"post","link":"https:\/\/www.simepe.com.br\/novo\/entidades-medicas-nacionais-planejam-paralisacao-de-advertencia-no-sus\/","title":{"rendered":"SUS: entidades m\u00e9dicas nacionais planejam paralisa\u00e7\u00e3o"},"content":{"rendered":"<p style=\"text-align: justify;\"><a href=\"http:\/\/www.simepe.com.br\/novo\/wp-content\/uploads\/2011\/08\/a7895ec2dd6294f86e067a1d4e572e77paralisacaosus.jpg\"><img class=\"alignleft size-medium wp-image-1548\" title=\"a7895ec2dd6294f86e067a1d4e572e77paralisacaosus\" src=\"http:\/\/www.simepe.com.br\/novo\/wp-content\/uploads\/2011\/08\/a7895ec2dd6294f86e067a1d4e572e77paralisacaosus-300x137.jpg\" alt=\"\" width=\"300\" height=\"137\" srcset=\"https:\/\/www.simepe.com.br\/novo\/wp-content\/uploads\/2011\/08\/a7895ec2dd6294f86e067a1d4e572e77paralisacaosus-300x137.jpg 300w, https:\/\/www.simepe.com.br\/novo\/wp-content\/uploads\/2011\/08\/a7895ec2dd6294f86e067a1d4e572e77paralisacaosus.jpg 642w\" sizes=\"(max-width: 300px) 100vw, 300px\" \/><\/a>Representantes das entidades m\u00e9dicas votaram nesta sexta-feira (05) a  favor da realiza\u00e7\u00e3o do Dia Nacional de Paralisa\u00e7\u00e3o da Sa\u00fade P\u00fablica. A  decis\u00e3o foi aprovada por ampla maioria, durante a reuni\u00e3o ampliada da  Comiss\u00e3o Pr\u00f3-SUS, formada por membros da Federa\u00e7\u00e3o Nacional dos M\u00e9dicos,  do Conselho Federal de Medicina e da Associa\u00e7\u00e3o M\u00e9dica Brasileira.  Participaram da delibera\u00e7\u00e3o representantes dos conselhos, associa\u00e7\u00f5es e  sindicatos de todas as regi\u00f5es do pa\u00eds.<\/p>\n<p>A oficializa\u00e7\u00e3o da paralisa\u00e7\u00e3o, prevista para o dia 25 de outubro, ainda  passar\u00e1 pela aprova\u00e7\u00e3o da diretoria das tr\u00eas entidades m\u00e9dicas  nacionais (FENAM, CFM e AMB).<\/p>\n<p>O objetivo \u00e9 sensibilizar pol\u00edticos e gestores p\u00fablicos e reivindicar  sobretudo melhor assist\u00eancia \u00e0 popula\u00e7\u00e3o. Outras reivindica\u00e7\u00f5es incluem  um melhor financiamento da sa\u00fade, com a regulamenta\u00e7\u00e3o da Emenda  Constitucional 29, remunera\u00e7\u00e3o m\u00e9dica justa e condizente com a  responsabilidade do trabalho m\u00e9dico, Plano de Cargos, Carreira e  Vencimentos (PCCV), condi\u00e7\u00f5es dignas e adequadas de trabalho e  qualifica\u00e7\u00e3o da gest\u00e3o p\u00fablica.<\/p>\n<p>&#8220;Queremos chamar a aten\u00e7\u00e3o da sociedade e do governo para a grave  situa\u00e7\u00e3o da sa\u00fade&#8221;, lembrou o dirigente da FENAM, Cristiano da Matta  Machado.<\/p>\n<p>Durante a reuni\u00e3o, tamb\u00e9m foi deliberado que no dia seguinte \u00e0  paralisa\u00e7\u00e3o, 26\/10, seja feita uma manifesta\u00e7\u00e3o pelas lideran\u00e7as m\u00e9dicas  no Minist\u00e9rio da Sa\u00fade e no Congresso Nacional, levando as pautas  reivindicadas.<\/p>\n<p>Urg\u00eancias e Emerg\u00eancias<\/p>\n<p>O presidente da FENAM, Cid Carvalhaes, tamb\u00e9m relatou durante a reuni\u00e3o  sua experi\u00eancia nas visitas \u00e0s urg\u00eancias e emerg\u00eancias do pa\u00eds. Desde o  in\u00edcio deste ano, o presidente da entidade t\u00eam percorrido corredores de  hospitais p\u00fablicos brasileiros e confirmou o que se v\u00ea na m\u00eddia todos os  dias: situa\u00e7\u00f5es aviltantes que desrespeitam pacientes e profissionais,  que n\u00e3o t\u00eam condi\u00e7\u00f5es adequadas de trabalho.<\/p>\n<p>&#8220;Essas visitas t\u00eam trazido uma demonstra\u00e7\u00e3o de uma realidade muito  tr\u00e1gica das urg\u00eancias e emerg\u00eancias do pa\u00eds. Podemos afirmar que houve  um descaso completo em rela\u00e7\u00e3o \u00e0 preserva\u00e7\u00e3o da qualidade do  atendimento. \u00c9 um quadro tenebroso e tr\u00e1gico que exige das autoridades  posicionamentos imediatos para solucionar a quest\u00e3o&#8221;, acentuou  Carvalhaes. Para ele, um dia de paralisa\u00e7\u00e3o de advert\u00eancia \u00e9 o mecanismo  ideal para levantar a quest\u00e3o e sensibilizar gestores e pol\u00edticos pela  melhoria do sistema.<\/p>\n<p>&#8220;Uma paralisa\u00e7\u00e3o de advert\u00eancia para as autoridades e de comunica\u00e7\u00e3o no  sentido de sensibilizar a popula\u00e7\u00e3o para que ela tome conhecimento das  condi\u00e7\u00f5es prec\u00e1rias em que est\u00e1 sendo atendida. A popula\u00e7\u00e3o precisa  saber que essas condi\u00e7\u00f5es s\u00e3o extremamente prejudiciais e amea\u00e7am a sua  seguran\u00e7a e sua vida. V\u00e1rias coisas que poderiam ser feitas em tempo  h\u00e1bil deixam de ser feitas, aumentando a gravidade da doen\u00e7a ou at\u00e9  mesmo aumentando a amea\u00e7a \u00e0 vida dos pacientes. A popula\u00e7\u00e3o precisa  saber que \u00e0s vezes o m\u00e9dico n\u00e3o disp\u00f5e de determinado medicamento ou  equipamento e tem de improvisar o atendimento, o que pode ser muito  prejudicial&#8221;, alertou o presidente da FENAM.<\/p>\n<p>Reivindica\u00e7\u00f5es:<\/p>\n<p>Levantamento preliminar da Comiss\u00e3o Pr\u00f3-SUS mostra que o movimento dos  m\u00e9dicos do sistema p\u00fablico, localizados nos estados e munic\u00edpios, \u00e9  din\u00e2mico e heterog\u00eaneo, devido \u00e0 multiplicidade de formas de contrata\u00e7\u00e3o  e de v\u00ednculos de trabalho dos m\u00e9dicos. A paralisa\u00e7\u00e3o nacional visa  reivindicar por pontos de interesse comum dos m\u00e9dicos brasileiros. S\u00e3o  eles:<\/p>\n<p>1) Melhor remunera\u00e7\u00e3o e Plano de Cargos, Carreira e Vencimentos (PCCV)<br \/>\n2) Condi\u00e7\u00f5es adequadas de trabalho;<br \/>\n3) Assist\u00eancia de qualidade para a popula\u00e7\u00e3o;<br \/>\n4) Financiamento maior e permanente para o SUS e;<br \/>\n5) Qualifica\u00e7\u00e3o da gest\u00e3o p\u00fablica.<\/p>\n<p style=\"text-align: justify;\">Fonte: Fenam<\/p>\n","protected":false},"excerpt":{"rendered":"<p>Representantes das entidades m\u00e9dicas votaram nesta sexta-feira (05) a favor da realiza\u00e7\u00e3o do Dia Nacional de Paralisa\u00e7\u00e3o da Sa\u00fade P\u00fablica. A decis\u00e3o foi aprovada por ampla maioria, durante a reuni\u00e3o ampliada da Comiss\u00e3o Pr\u00f3-SUS, formada por membros da Federa\u00e7\u00e3o Nacional dos M\u00e9dicos, do Conselho Federal de Medicina e da Associa\u00e7\u00e3o M\u00e9dica Brasileira. Participaram da delibera\u00e7\u00e3o [&hellip;]<\/p>\n","protected":false},"author":1,"featured_media":0,"comment_status":"open","ping_status":"open","sticky":false,"template":"","format":"standard","meta":{"ocean_post_layout":"","ocean_both_sidebars_style":"","ocean_both_sidebars_content_width":0,"ocean_both_sidebars_sidebars_width":0,"ocean_sidebar":"","ocean_second_sidebar":"","ocean_disable_margins":"enable","ocean_add_body_class":"","ocean_shortcode_before_top_bar":"","ocean_shortcode_after_top_bar":"","ocean_shortcode_before_header":"","ocean_shortcode_after_header":"","ocean_has_shortcode":"","ocean_shortcode_after_title":"","ocean_shortcode_before_footer_widgets":"","ocean_shortcode_after_footer_widgets":"","ocean_shortcode_before_footer_bottom":"","ocean_shortcode_after_footer_bottom":"","ocean_display_top_bar":"default","ocean_display_header":"default","ocean_header_style":"","ocean_center_header_left_menu":"","ocean_custom_header_template":"","ocean_custom_logo":0,"ocean_custom_retina_logo":0,"ocean_custom_logo_max_width":0,"ocean_custom_logo_tablet_max_width":0,"ocean_custom_logo_mobile_max_width":0,"ocean_custom_logo_max_height":0,"ocean_custom_logo_tablet_max_height":0,"ocean_custom_logo_mobile_max_height":0,"ocean_header_custom_menu":"","ocean_menu_typo_font_family":"","ocean_menu_typo_font_subset":"","ocean_menu_typo_font_size":0,"ocean_menu_typo_font_size_tablet":0,"ocean_menu_typo_font_size_mobile":0,"ocean_menu_typo_font_size_unit":"px","ocean_menu_typo_font_weight":"","ocean_menu_typo_font_weight_tablet":"","ocean_menu_typo_font_weight_mobile":"","ocean_menu_typo_transform":"","ocean_menu_typo_transform_tablet":"","ocean_menu_typo_transform_mobile":"","ocean_menu_typo_line_height":0,"ocean_menu_typo_line_height_tablet":0,"ocean_menu_typo_line_height_mobile":0,"ocean_menu_typo_line_height_unit":"","ocean_menu_typo_spacing":0,"ocean_menu_typo_spacing_tablet":0,"ocean_menu_typo_spacing_mobile":0,"ocean_menu_typo_spacing_unit":"","ocean_menu_link_color":"","ocean_menu_link_color_hover":"","ocean_menu_link_color_active":"","ocean_menu_link_background":"","ocean_menu_link_hover_background":"","ocean_menu_link_active_background":"","ocean_menu_social_links_bg":"","ocean_menu_social_hover_links_bg":"","ocean_menu_social_links_color":"","ocean_menu_social_hover_links_color":"","ocean_disable_title":"default","ocean_disable_heading":"default","ocean_post_title":"","ocean_post_subheading":"","ocean_post_title_style":"","ocean_post_title_background_color":"","ocean_post_title_background":0,"ocean_post_title_bg_image_position":"","ocean_post_title_bg_image_attachment":"","ocean_post_title_bg_image_repeat":"","ocean_post_title_bg_image_size":"","ocean_post_title_height":0,"ocean_post_title_bg_overlay":0.5,"ocean_post_title_bg_overlay_color":"","ocean_disable_breadcrumbs":"default","ocean_breadcrumbs_color":"","ocean_breadcrumbs_separator_color":"","ocean_breadcrumbs_links_color":"","ocean_breadcrumbs_links_hover_color":"","ocean_display_footer_widgets":"default","ocean_display_footer_bottom":"default","ocean_custom_footer_template":"","ocean_post_oembed":"","ocean_post_self_hosted_media":"","ocean_post_video_embed":"","ocean_link_format":"","ocean_link_format_target":"self","ocean_quote_format":"","ocean_quote_format_link":"post","ocean_gallery_link_images":"on","ocean_gallery_id":[]},"categories":[1],"tags":[215,116,34],"acf":[],"_links":{"self":[{"href":"https:\/\/www.simepe.com.br\/novo\/wp-json\/wp\/v2\/posts\/1547"}],"collection":[{"href":"https:\/\/www.simepe.com.br\/novo\/wp-json\/wp\/v2\/posts"}],"about":[{"href":"https:\/\/www.simepe.com.br\/novo\/wp-json\/wp\/v2\/types\/post"}],"author":[{"embeddable":true,"href":"https:\/\/www.simepe.com.br\/novo\/wp-json\/wp\/v2\/users\/1"}],"replies":[{"embeddable":true,"href":"https:\/\/www.simepe.com.br\/novo\/wp-json\/wp\/v2\/comments?post=1547"}],"version-history":[{"count":4,"href":"https:\/\/www.simepe.com.br\/novo\/wp-json\/wp\/v2\/posts\/1547\/revisions"}],"predecessor-version":[{"id":1552,"href":"https:\/\/www.simepe.com.br\/novo\/wp-json\/wp\/v2\/posts\/1547\/revisions\/1552"}],"wp:attachment":[{"href":"https:\/\/www.simepe.com.br\/novo\/wp-json\/wp\/v2\/media?parent=1547"}],"wp:term":[{"taxonomy":"category","embeddable":true,"href":"https:\/\/www.simepe.com.br\/novo\/wp-json\/wp\/v2\/categories?post=1547"},{"taxonomy":"post_tag","embeddable":true,"href":"https:\/\/www.simepe.com.br\/novo\/wp-json\/wp\/v2\/tags?post=1547"}],"curies":[{"name":"wp","href":"https:\/\/api.w.org\/{rel}","templated":true}]}}