{"id":1561,"date":"2011-08-09T18:06:39","date_gmt":"2011-08-09T18:06:39","guid":{"rendered":"http:\/\/www.simepe.com.br\/novo\/?p=1561"},"modified":"2011-08-21T13:03:46","modified_gmt":"2011-08-21T13:03:46","slug":"medicos-de-caruaru-aguardam-resposta-da-prefeitura-no-dia-15","status":"publish","type":"post","link":"https:\/\/www.simepe.com.br\/novo\/medicos-de-caruaru-aguardam-resposta-da-prefeitura-no-dia-15\/","title":{"rendered":"M\u00e9dicos de Caruaru aguardam resposta da Prefeitura no dia 15"},"content":{"rendered":"<p style=\"text-align: justify;\"><a href=\"http:\/\/www.simepe.com.br\/novo\/wp-content\/uploads\/2011\/08\/Caruaru-editada1.jpg\"><img fetchpriority=\"high\" class=\"alignleft size-medium wp-image-1567\" style=\"margin: 8px;\" title=\"Caruaru - editada\" src=\"http:\/\/www.simepe.com.br\/novo\/wp-content\/uploads\/2011\/08\/Caruaru-editada1-300x180.jpg\" alt=\"\" width=\"300\" height=\"180\" srcset=\"https:\/\/www.simepe.com.br\/novo\/wp-content\/uploads\/2011\/08\/Caruaru-editada1-300x180.jpg 300w, https:\/\/www.simepe.com.br\/novo\/wp-content\/uploads\/2011\/08\/Caruaru-editada1.jpg 1024w\" sizes=\"(max-width: 300px) 100vw, 300px\" \/><\/a>Expectativa. Ficou para a pr\u00f3xima segunda-feira (15), o posicionamento da Prefeitura Municipal de Caruaru sobre a antecipa\u00e7\u00e3o da \u00faltima parcela do Termo de Ajustamento de Conduta (TAC) para o m\u00eas de outubro\u00a0 e apresenta\u00e7\u00e3o de proposta salarial de 2012. A discuss\u00e3o aconteceu na Assembleia Geral desta segunda-feira (8), no audit\u00f3rio da Associa\u00e7\u00e3o M\u00e9dica Regional de Caruaru, coordenada pelo Sindicato dos M\u00e9dicos de Pernambuco (Simepe).<\/p>\n<p style=\"text-align: justify;\">Na oportunidade, o presidente do Simepe, Silvio Rodrigues apresentou a minuta do cronograma de reuni\u00f5es do Plano de Cargos, Carreira e Vencimentos (PCCV) e da Lei da Produtividade. As datas do cronograma \u00a0e da pauta espec\u00edfica foram discutidas durante a reuni\u00e3o entre diretores do Simepe, secret\u00e1rios municipais de Sa\u00fade, Planejamento e Administra\u00e7\u00e3o, al\u00e9m de m\u00e9dicos da rede municipal de sa\u00fade. O encontro foi realizado no final da tarde no gabinete do prefeito Jos\u00e9 Queiroz. Vale frisar que a data-limite do PCCV, a ser aprovado pela C\u00e2mara Municipal de Vereadores, \u00e9 o dia 28 de setembro deste ano.<\/p>\n<p style=\"text-align: justify;\">\u201cAvaliamos como positivas a reuni\u00e3o com os gestores, bem como a assembleia realizada com os m\u00e9dicos. Avan\u00e7amos nas negocia\u00e7\u00f5es e aguardamos uma proposta da prefeitura de Caruaru para os m\u00e9dicos em geral na pr\u00f3xima segunda-feira (15), afirmou Silvio Rodrigues.<\/p>\n<p style=\"text-align: justify;\">A pr\u00f3xima assembl\u00e9ia dos m\u00e9dicos de rede municipal de sa\u00fade est\u00e1 marcada para segunda-feira (15), \u00e0s 19h, no audit\u00f3rio da Associa\u00e7\u00e3o M\u00e9dica Regional de Caruaru, bairro Universit\u00e1rio, para avalia\u00e7\u00e3o e defini\u00e7\u00e3o dos rumos da categoria.<\/p>\n<p style=\"text-align: justify;\"><strong>Confira o Cronograma:<\/strong><\/p>\n<p style=\"text-align: justify;\">&nbsp;<\/p>\n<div><object style=\"width: 300px; height: 212px;\"><param name=\"movie\" value=\"http:\/\/static.issuu.com\/webembed\/viewers\/style1\/v1\/IssuuViewer.swf?mode=embed&amp;viewMode=presentation&amp;layout=http%3A%2F%2Fskin.issuu.com%2Fv%2Fcolor%2Flayout.xml&amp;backgroundColor=FFFFFF&amp;showFlipBtn=true&amp;documentId=110809180105-003c821baf454640920b32a18e8723f0&amp;docName=cronograma_pccv_produtividade&amp;username=jornaldomedico&amp;loadingInfoText=Cronograma%20-&amp;et=1312928518500&amp;er=24\" \/><param name=\"allowfullscreen\" value=\"true\" \/><param name=\"menu\" value=\"false\" \/><embed style=\"width: 300px; height: 212px;\" type=\"application\/x-shockwave-flash\" src=\"http:\/\/static.issuu.com\/webembed\/viewers\/style1\/v1\/IssuuViewer.swf\" allowfullscreen=\"true\" menu=\"false\" flashvars=\"mode=embed&amp;viewMode=presentation&amp;layout=http%3A%2F%2Fskin.issuu.com%2Fv%2Fcolor%2Flayout.xml&amp;backgroundColor=FFFFFF&amp;showFlipBtn=true&amp;documentId=110809180105-003c821baf454640920b32a18e8723f0&amp;docName=cronograma_pccv_produtividade&amp;username=jornaldomedico&amp;loadingInfoText=Cronograma%20-&amp;et=1312928518500&amp;er=24\"><\/embed><\/object>&nbsp;<\/p>\n<div style=\"width: 300px; text-align: left;\"><strong>Fonte: Chico Carlos &#8211; Assessor de Imprensa do Simepe<\/strong><\/div>\n<\/div>\n","protected":false},"excerpt":{"rendered":"<p>Expectativa. Ficou para a pr\u00f3xima segunda-feira (15), o posicionamento da Prefeitura Municipal de Caruaru sobre a antecipa\u00e7\u00e3o da \u00faltima parcela do Termo de Ajustamento de Conduta (TAC) para o m\u00eas de outubro\u00a0 e apresenta\u00e7\u00e3o de proposta salarial de 2012. A discuss\u00e3o aconteceu na Assembleia Geral desta segunda-feira (8), no audit\u00f3rio da Associa\u00e7\u00e3o M\u00e9dica Regional de [&hellip;]<\/p>\n","protected":false},"author":1,"featured_media":0,"comment_status":"open","ping_status":"open","sticky":false,"template":"","format":"standard","meta":{"ocean_post_layout":"","ocean_both_sidebars_style":"","ocean_both_sidebars_content_width":0,"ocean_both_sidebars_sidebars_width":0,"ocean_sidebar":"","ocean_second_sidebar":"","ocean_disable_margins":"enable","ocean_add_body_class":"","ocean_shortcode_before_top_bar":"","ocean_shortcode_after_top_bar":"","ocean_shortcode_before_header":"","ocean_shortcode_after_header":"","ocean_has_shortcode":"","ocean_shortcode_after_title":"","ocean_shortcode_before_footer_widgets":"","ocean_shortcode_after_footer_widgets":"","ocean_shortcode_before_footer_bottom":"","ocean_shortcode_after_footer_bottom":"","ocean_display_top_bar":"default","ocean_display_header":"default","ocean_header_style":"","ocean_center_header_left_menu":"","ocean_custom_header_template":"","ocean_custom_logo":0,"ocean_custom_retina_logo":0,"ocean_custom_logo_max_width":0,"ocean_custom_logo_tablet_max_width":0,"ocean_custom_logo_mobile_max_width":0,"ocean_custom_logo_max_height":0,"ocean_custom_logo_tablet_max_height":0,"ocean_custom_logo_mobile_max_height":0,"ocean_header_custom_menu":"","ocean_menu_typo_font_family":"","ocean_menu_typo_font_subset":"","ocean_menu_typo_font_size":0,"ocean_menu_typo_font_size_tablet":0,"ocean_menu_typo_font_size_mobile":0,"ocean_menu_typo_font_size_unit":"px","ocean_menu_typo_font_weight":"","ocean_menu_typo_font_weight_tablet":"","ocean_menu_typo_font_weight_mobile":"","ocean_menu_typo_transform":"","ocean_menu_typo_transform_tablet":"","ocean_menu_typo_transform_mobile":"","ocean_menu_typo_line_height":0,"ocean_menu_typo_line_height_tablet":0,"ocean_menu_typo_line_height_mobile":0,"ocean_menu_typo_line_height_unit":"","ocean_menu_typo_spacing":0,"ocean_menu_typo_spacing_tablet":0,"ocean_menu_typo_spacing_mobile":0,"ocean_menu_typo_spacing_unit":"","ocean_menu_link_color":"","ocean_menu_link_color_hover":"","ocean_menu_link_color_active":"","ocean_menu_link_background":"","ocean_menu_link_hover_background":"","ocean_menu_link_active_background":"","ocean_menu_social_links_bg":"","ocean_menu_social_hover_links_bg":"","ocean_menu_social_links_color":"","ocean_menu_social_hover_links_color":"","ocean_disable_title":"default","ocean_disable_heading":"default","ocean_post_title":"","ocean_post_subheading":"","ocean_post_title_style":"","ocean_post_title_background_color":"","ocean_post_title_background":0,"ocean_post_title_bg_image_position":"","ocean_post_title_bg_image_attachment":"","ocean_post_title_bg_image_repeat":"","ocean_post_title_bg_image_size":"","ocean_post_title_height":0,"ocean_post_title_bg_overlay":0.5,"ocean_post_title_bg_overlay_color":"","ocean_disable_breadcrumbs":"default","ocean_breadcrumbs_color":"","ocean_breadcrumbs_separator_color":"","ocean_breadcrumbs_links_color":"","ocean_breadcrumbs_links_hover_color":"","ocean_display_footer_widgets":"default","ocean_display_footer_bottom":"default","ocean_custom_footer_template":"","ocean_post_oembed":"","ocean_post_self_hosted_media":"","ocean_post_video_embed":"","ocean_link_format":"","ocean_link_format_target":"self","ocean_quote_format":"","ocean_quote_format_link":"post","ocean_gallery_link_images":"on","ocean_gallery_id":[]},"categories":[1],"tags":[70,45,138],"acf":[],"_links":{"self":[{"href":"https:\/\/www.simepe.com.br\/novo\/wp-json\/wp\/v2\/posts\/1561"}],"collection":[{"href":"https:\/\/www.simepe.com.br\/novo\/wp-json\/wp\/v2\/posts"}],"about":[{"href":"https:\/\/www.simepe.com.br\/novo\/wp-json\/wp\/v2\/types\/post"}],"author":[{"embeddable":true,"href":"https:\/\/www.simepe.com.br\/novo\/wp-json\/wp\/v2\/users\/1"}],"replies":[{"embeddable":true,"href":"https:\/\/www.simepe.com.br\/novo\/wp-json\/wp\/v2\/comments?post=1561"}],"version-history":[{"count":8,"href":"https:\/\/www.simepe.com.br\/novo\/wp-json\/wp\/v2\/posts\/1561\/revisions"}],"predecessor-version":[{"id":1845,"href":"https:\/\/www.simepe.com.br\/novo\/wp-json\/wp\/v2\/posts\/1561\/revisions\/1845"}],"wp:attachment":[{"href":"https:\/\/www.simepe.com.br\/novo\/wp-json\/wp\/v2\/media?parent=1561"}],"wp:term":[{"taxonomy":"category","embeddable":true,"href":"https:\/\/www.simepe.com.br\/novo\/wp-json\/wp\/v2\/categories?post=1561"},{"taxonomy":"post_tag","embeddable":true,"href":"https:\/\/www.simepe.com.br\/novo\/wp-json\/wp\/v2\/tags?post=1561"}],"curies":[{"name":"wp","href":"https:\/\/api.w.org\/{rel}","templated":true}]}}