{"id":2212,"date":"2011-09-02T16:37:01","date_gmt":"2011-09-02T16:37:01","guid":{"rendered":"http:\/\/www.simepe.com.br\/novo\/?p=2212"},"modified":"2011-09-05T16:40:09","modified_gmt":"2011-09-05T16:40:09","slug":"prefeitura-de-bodoco-nega-omissao-em-carcere-privado","status":"publish","type":"post","link":"https:\/\/www.simepe.com.br\/novo\/prefeitura-de-bodoco-nega-omissao-em-carcere-privado\/","title":{"rendered":"Prefeitura de Bodoc\u00f3 nega omiss\u00e3o em c\u00e1rcere privado"},"content":{"rendered":"<div>\n<p style=\"text-align: justify;\">\n<figure id=\"attachment_2215\" aria-describedby=\"caption-attachment-2215\" style=\"width: 300px\" class=\"wp-caption alignleft\"><a href=\"http:\/\/www.simepe.com.br\/novo\/wp-content\/uploads\/2011\/09\/bodocc3b3-23ago11-246.jpg\"><img fetchpriority=\"high\" class=\"size-medium wp-image-2215\" title=\"bodocc3b3-23ago11-246\" src=\"http:\/\/www.simepe.com.br\/novo\/wp-content\/uploads\/2011\/09\/bodocc3b3-23ago11-246-300x199.jpg\" alt=\"\" width=\"300\" height=\"199\" srcset=\"https:\/\/www.simepe.com.br\/novo\/wp-content\/uploads\/2011\/09\/bodocc3b3-23ago11-246-300x199.jpg 300w, https:\/\/www.simepe.com.br\/novo\/wp-content\/uploads\/2011\/09\/bodocc3b3-23ago11-246.jpg 640w\" sizes=\"(max-width: 300px) 100vw, 300px\" \/><\/a><figcaption id=\"caption-attachment-2215\" class=\"wp-caption-text\">Foto: Salete Hallack<\/figcaption><\/figure>\n<p>Por meio nota da assessoria de imprensa, a Prefeitura de Bodoc\u00f3 (Sert\u00e3o do Araripe) negou &#8220;omiss\u00e3o&#8221; no caso do c\u00e1rcere privado de um deficiente mental na Zona Rural do munic\u00edpio. Segundo o documento, a prefeitura admite que conhecia o problema desde 2006, mas que o havia informado ao Minist\u00e9rio P\u00fablico de Pernambuco (MPPE) pedindo provid\u00eancias. A gest\u00e3o municipal tamb\u00e9m culpou o pai do deficiente, o aposentado Francisco de Castro Andrade, de 70 anos, de &#8220;forte resist\u00eancia em aceitar que o filho receba o tratamento adequado, o que dificulta o trabalho dos profissionais do munic\u00edpio&#8221;.<\/p>\n<p style=\"text-align: justify;\">O c\u00e1rcere privado foi flagrado pela Carvana Cremepe\/Simepe no segundo dia de atividades do projeto, na ter\u00e7a-feira 23 de agosto. A equipe 1 da Caravana constatou que Ad\u00e3o Castro de Andrade, de aproximadamente 35 anos, vivia preso em um casebre conjugado \u00e0 casa onde mora o pai dele com a mulher e outros 12 filhos. A prefeitura, por\u00e9m, se pronunciou apenas nessa quinta-feira (01\/09), atrav\u00e9s de uma &#8220;nota de esclarecimento&#8221; enviada ao Cremepe por e-mail.<\/p>\n<p style=\"text-align: justify;\">A gest\u00e3o afirma que Ad\u00e3o recebeu acompanhamento m\u00e9dico em 2004. Mas como fora constatado que ele sofria de retardo mental, e n\u00e3o de dist\u00farbios mentais, &#8220;ele n\u00e3o seria assistido pelo Centro de Aten\u00e7\u00e3o Psicossocial (CAPS)&#8221;. A nota, por\u00e9m, n\u00e3o informa se foi oferecido \u00e0 fam\u00edlia outro encaminhamento m\u00e9dico.<\/p>\n<p style=\"text-align: justify;\">\u201cSendo assim, tornamos p\u00fablico que o munic\u00edpio de Bodoc\u00f3 n\u00e3o se isentou em momento algum de sua responsabilidade e prestou assist\u00eancia \u00e0 fam\u00edlia, sobretudo, a Ad\u00e3o Castro de Andrade\u201d, diz a nota.<\/p>\n<p style=\"text-align: justify;\">A gest\u00e3o tamb\u00e9m afirma que representantes das Secretarias Municipais de Desenvolvimento Social, da Mulher e da Igualdade Racial; Sa\u00fade e Educa\u00e7\u00e3o, al\u00e9m do Conselho Tutelar do munic\u00edpio, \u201cprestaram todos os esclarecimentos do caso e apresentaram provas concretas ao promotor de Justi\u00e7a de Bodoc\u00f3, Adriano Camargo\u201d na \u00faltima quarta-feira (31\/08).<\/p>\n<p style=\"text-align: justify;\"><strong>EDUCA\u00c7\u00c3O<\/strong><\/p>\n<p style=\"text-align: justify;\">O munic\u00edpio tamb\u00e9m procura justificar uma situa\u00e7\u00e3o encontrada pela Caravana na casa do aposentado Francisco Castro: tr\u00eas filhos dele, menores de 6 anos, n\u00e3o freq\u00fcentavam a escola. A assessoria confirma o fato, mas afirma que eles<strong> \u201c<\/strong>n\u00e3o est\u00e3o matriculadas devido \u00e0 faixa et\u00e1ria delas n\u00e3o estar de acordo com a Lei n\u00ba 9.694\/96 de Diretrizes B\u00e1sicas\u201d.<strong><\/strong><\/p>\n<p style=\"text-align: justify;\">Diante das informa\u00e7\u00f5es da assessoria do munic\u00edpio, a presidente do Cremepe, Helena Carneiro Le\u00e3o, que presenciou o fato em Bodoc\u00f3, informou que vai aguardar o desfecho da apura\u00e7\u00e3o do caso pelo promotor de Justi\u00e7a Adriano Camargo. O representante do MPPE, ao receber do Cremepe um pedido de investiga\u00e7\u00e3o, informou que iria recomendar ao munic\u00edpio assist\u00eancia m\u00e9dica e social a Ad\u00e3o e \u00e0 fam\u00edlia.<\/p>\n<p style=\"text-align: justify;\">\u201cA Caravana em sua s\u00e9tima edi\u00e7\u00e3o cumpre mais uma vez o seu papel,\u00a0devendo tomar todas\u00a0as providencias cab\u00edveis\u00a0\u00a0em rela\u00e7\u00e3o as a\u00e7\u00f5es que s\u00e3o pertinentes ao caso\u201d, afirmou a presidente.<\/p>\n<\/div>\n","protected":false},"excerpt":{"rendered":"<p>Por meio nota da assessoria de imprensa, a Prefeitura de Bodoc\u00f3 (Sert\u00e3o do Araripe) negou &#8220;omiss\u00e3o&#8221; no caso do c\u00e1rcere privado de um deficiente mental na Zona Rural do munic\u00edpio. Segundo o documento, a prefeitura admite que conhecia o problema desde 2006, mas que o havia informado ao Minist\u00e9rio P\u00fablico de Pernambuco (MPPE) pedindo provid\u00eancias. [&hellip;]<\/p>\n","protected":false},"author":1,"featured_media":0,"comment_status":"open","ping_status":"open","sticky":false,"template":"","format":"standard","meta":{"ocean_post_layout":"","ocean_both_sidebars_style":"","ocean_both_sidebars_content_width":0,"ocean_both_sidebars_sidebars_width":0,"ocean_sidebar":"","ocean_second_sidebar":"","ocean_disable_margins":"enable","ocean_add_body_class":"","ocean_shortcode_before_top_bar":"","ocean_shortcode_after_top_bar":"","ocean_shortcode_before_header":"","ocean_shortcode_after_header":"","ocean_has_shortcode":"","ocean_shortcode_after_title":"","ocean_shortcode_before_footer_widgets":"","ocean_shortcode_after_footer_widgets":"","ocean_shortcode_before_footer_bottom":"","ocean_shortcode_after_footer_bottom":"","ocean_display_top_bar":"default","ocean_display_header":"default","ocean_header_style":"","ocean_center_header_left_menu":"","ocean_custom_header_template":"","ocean_custom_logo":0,"ocean_custom_retina_logo":0,"ocean_custom_logo_max_width":0,"ocean_custom_logo_tablet_max_width":0,"ocean_custom_logo_mobile_max_width":0,"ocean_custom_logo_max_height":0,"ocean_custom_logo_tablet_max_height":0,"ocean_custom_logo_mobile_max_height":0,"ocean_header_custom_menu":"","ocean_menu_typo_font_family":"","ocean_menu_typo_font_subset":"","ocean_menu_typo_font_size":0,"ocean_menu_typo_font_size_tablet":0,"ocean_menu_typo_font_size_mobile":0,"ocean_menu_typo_font_size_unit":"px","ocean_menu_typo_font_weight":"","ocean_menu_typo_font_weight_tablet":"","ocean_menu_typo_font_weight_mobile":"","ocean_menu_typo_transform":"","ocean_menu_typo_transform_tablet":"","ocean_menu_typo_transform_mobile":"","ocean_menu_typo_line_height":0,"ocean_menu_typo_line_height_tablet":0,"ocean_menu_typo_line_height_mobile":0,"ocean_menu_typo_line_height_unit":"","ocean_menu_typo_spacing":0,"ocean_menu_typo_spacing_tablet":0,"ocean_menu_typo_spacing_mobile":0,"ocean_menu_typo_spacing_unit":"","ocean_menu_link_color":"","ocean_menu_link_color_hover":"","ocean_menu_link_color_active":"","ocean_menu_link_background":"","ocean_menu_link_hover_background":"","ocean_menu_link_active_background":"","ocean_menu_social_links_bg":"","ocean_menu_social_hover_links_bg":"","ocean_menu_social_links_color":"","ocean_menu_social_hover_links_color":"","ocean_disable_title":"default","ocean_disable_heading":"default","ocean_post_title":"","ocean_post_subheading":"","ocean_post_title_style":"","ocean_post_title_background_color":"","ocean_post_title_background":0,"ocean_post_title_bg_image_position":"","ocean_post_title_bg_image_attachment":"","ocean_post_title_bg_image_repeat":"","ocean_post_title_bg_image_size":"","ocean_post_title_height":0,"ocean_post_title_bg_overlay":0.5,"ocean_post_title_bg_overlay_color":"","ocean_disable_breadcrumbs":"default","ocean_breadcrumbs_color":"","ocean_breadcrumbs_separator_color":"","ocean_breadcrumbs_links_color":"","ocean_breadcrumbs_links_hover_color":"","ocean_display_footer_widgets":"default","ocean_display_footer_bottom":"default","ocean_custom_footer_template":"","ocean_post_oembed":"","ocean_post_self_hosted_media":"","ocean_post_video_embed":"","ocean_link_format":"","ocean_link_format_target":"self","ocean_quote_format":"","ocean_quote_format_link":"post","ocean_gallery_link_images":"on","ocean_gallery_id":[]},"categories":[1],"tags":[],"acf":[],"_links":{"self":[{"href":"https:\/\/www.simepe.com.br\/novo\/wp-json\/wp\/v2\/posts\/2212"}],"collection":[{"href":"https:\/\/www.simepe.com.br\/novo\/wp-json\/wp\/v2\/posts"}],"about":[{"href":"https:\/\/www.simepe.com.br\/novo\/wp-json\/wp\/v2\/types\/post"}],"author":[{"embeddable":true,"href":"https:\/\/www.simepe.com.br\/novo\/wp-json\/wp\/v2\/users\/1"}],"replies":[{"embeddable":true,"href":"https:\/\/www.simepe.com.br\/novo\/wp-json\/wp\/v2\/comments?post=2212"}],"version-history":[{"count":3,"href":"https:\/\/www.simepe.com.br\/novo\/wp-json\/wp\/v2\/posts\/2212\/revisions"}],"predecessor-version":[{"id":2214,"href":"https:\/\/www.simepe.com.br\/novo\/wp-json\/wp\/v2\/posts\/2212\/revisions\/2214"}],"wp:attachment":[{"href":"https:\/\/www.simepe.com.br\/novo\/wp-json\/wp\/v2\/media?parent=2212"}],"wp:term":[{"taxonomy":"category","embeddable":true,"href":"https:\/\/www.simepe.com.br\/novo\/wp-json\/wp\/v2\/categories?post=2212"},{"taxonomy":"post_tag","embeddable":true,"href":"https:\/\/www.simepe.com.br\/novo\/wp-json\/wp\/v2\/tags?post=2212"}],"curies":[{"name":"wp","href":"https:\/\/api.w.org\/{rel}","templated":true}]}}