{"id":32599,"date":"2016-08-16T07:58:29","date_gmt":"2016-08-16T10:58:29","guid":{"rendered":"http:\/\/www.simepe.com.br\/novo\/?p=32599"},"modified":"2016-08-16T07:58:29","modified_gmt":"2016-08-16T10:58:29","slug":"profissionais-de-saude-de-pe-passam-por-capacitacao-sobre-microcefalia","status":"publish","type":"post","link":"https:\/\/www.simepe.com.br\/novo\/profissionais-de-saude-de-pe-passam-por-capacitacao-sobre-microcefalia\/","title":{"rendered":"Profissionais de sa\u00fade de PE passam por capacita\u00e7\u00e3o sobre microcefalia"},"content":{"rendered":"<p style=\"text-align: justify;\">Profissionais da rede estadual de sa\u00fade participam, a partir desta segunda-feira (15), de capacita\u00e7\u00e3o para assistir pacientes com microcefalia nas \u00e1reas de urg\u00eancia e emerg\u00eancia, reabilita\u00e7\u00e3o e aten\u00e7\u00e3o prim\u00e1ria. Debates, palestras oficinas e workshops est\u00e3o dentro do cronograma de a\u00e7\u00f5es sobre a malforma\u00e7\u00e3o, que segue at\u00e9 a ter\u00e7a (16), no audit\u00f3rio da Secretaria Estadual de Sa\u00fade (SES), no bairro do Bongi, no Recife.<\/p>\n<p style=\"text-align: justify;\">De acordo com a SES, a expectativa \u00e9 que mais de 300 profissionais participem dos eventos, transmitidos via videoconfer\u00eancia para as sedes das Ger\u00eancias Regionais de Sa\u00fade (Geres), unidades da Secretaria que atuam de forma mais especializada na aten\u00e7\u00e3o prim\u00e1ria, nas a\u00e7\u00f5es municipais e no combate \u00e0s endemias.<\/p>\n<p style=\"text-align: justify;\">Durante os workshops, ser\u00e3o apresentados os dados da situa\u00e7\u00e3o epidemiol\u00f3gica das arboviroses e microcefalia no estado. De acordo com\u00a0 \u00faltimo boletim da SES, Pernambuco confirmou, entre os dias 3 de janeiro e 6 de agosto de 2016, 24.714 casos de dengue \u2013 650 a mais do que o dado divulgado na \u00faltima semana. Em rela\u00e7\u00e3o \u00e0 chikungunya, houve mais 1.138 confirma\u00e7\u00f5es em rela\u00e7\u00e3o \u00e0 semana anterior, totalizando 19.875 casos confirmados. Os casos confirmados de zika permanecem em 147.<\/p>\n<p style=\"text-align: justify;\">Ainda durante a capacita\u00e7\u00e3o, a neuropediatra Vanessa Van Der Linden, uma das primeiras especialistas no estado a notar a mudan\u00e7a no padr\u00e3o da malforma\u00e7\u00e3o, deve ministrar uma palestra sobre preven\u00e7\u00e3o de complica\u00e7\u00f5es no atendimento aos quadros agudos. Na \u00faltima ter\u00e7a (9), a m\u00e9dica publicou, junto com outros especialistas pernambucanos, um estudo sobre a liga\u00e7\u00e3o entre o v\u00edrus da zika e a deformidade de articula\u00e7\u00f5es.<\/p>\n<p style=\"text-align: justify;\">Fonte: G1<\/p>\n","protected":false},"excerpt":{"rendered":"<p>Profissionais da rede estadual de sa\u00fade participam, a partir desta segunda-feira (15), de capacita\u00e7\u00e3o para assistir pacientes com microcefalia nas \u00e1reas de urg\u00eancia e emerg\u00eancia, reabilita\u00e7\u00e3o e aten\u00e7\u00e3o prim\u00e1ria. Debates, palestras oficinas e workshops est\u00e3o dentro do cronograma de a\u00e7\u00f5es sobre a malforma\u00e7\u00e3o, que segue at\u00e9 a ter\u00e7a (16), no audit\u00f3rio da Secretaria Estadual de [&hellip;]<\/p>\n","protected":false},"author":1,"featured_media":0,"comment_status":"open","ping_status":"open","sticky":false,"template":"","format":"standard","meta":{"ocean_post_layout":"","ocean_both_sidebars_style":"","ocean_both_sidebars_content_width":0,"ocean_both_sidebars_sidebars_width":0,"ocean_sidebar":"","ocean_second_sidebar":"","ocean_disable_margins":"enable","ocean_add_body_class":"","ocean_shortcode_before_top_bar":"","ocean_shortcode_after_top_bar":"","ocean_shortcode_before_header":"","ocean_shortcode_after_header":"","ocean_has_shortcode":"","ocean_shortcode_after_title":"","ocean_shortcode_before_footer_widgets":"","ocean_shortcode_after_footer_widgets":"","ocean_shortcode_before_footer_bottom":"","ocean_shortcode_after_footer_bottom":"","ocean_display_top_bar":"default","ocean_display_header":"default","ocean_header_style":"","ocean_center_header_left_menu":"","ocean_custom_header_template":"","ocean_custom_logo":0,"ocean_custom_retina_logo":0,"ocean_custom_logo_max_width":0,"ocean_custom_logo_tablet_max_width":0,"ocean_custom_logo_mobile_max_width":0,"ocean_custom_logo_max_height":0,"ocean_custom_logo_tablet_max_height":0,"ocean_custom_logo_mobile_max_height":0,"ocean_header_custom_menu":"","ocean_menu_typo_font_family":"","ocean_menu_typo_font_subset":"","ocean_menu_typo_font_size":0,"ocean_menu_typo_font_size_tablet":0,"ocean_menu_typo_font_size_mobile":0,"ocean_menu_typo_font_size_unit":"px","ocean_menu_typo_font_weight":"","ocean_menu_typo_font_weight_tablet":"","ocean_menu_typo_font_weight_mobile":"","ocean_menu_typo_transform":"","ocean_menu_typo_transform_tablet":"","ocean_menu_typo_transform_mobile":"","ocean_menu_typo_line_height":0,"ocean_menu_typo_line_height_tablet":0,"ocean_menu_typo_line_height_mobile":0,"ocean_menu_typo_line_height_unit":"","ocean_menu_typo_spacing":0,"ocean_menu_typo_spacing_tablet":0,"ocean_menu_typo_spacing_mobile":0,"ocean_menu_typo_spacing_unit":"","ocean_menu_link_color":"","ocean_menu_link_color_hover":"","ocean_menu_link_color_active":"","ocean_menu_link_background":"","ocean_menu_link_hover_background":"","ocean_menu_link_active_background":"","ocean_menu_social_links_bg":"","ocean_menu_social_hover_links_bg":"","ocean_menu_social_links_color":"","ocean_menu_social_hover_links_color":"","ocean_disable_title":"default","ocean_disable_heading":"default","ocean_post_title":"","ocean_post_subheading":"","ocean_post_title_style":"","ocean_post_title_background_color":"","ocean_post_title_background":0,"ocean_post_title_bg_image_position":"","ocean_post_title_bg_image_attachment":"","ocean_post_title_bg_image_repeat":"","ocean_post_title_bg_image_size":"","ocean_post_title_height":0,"ocean_post_title_bg_overlay":0.5,"ocean_post_title_bg_overlay_color":"","ocean_disable_breadcrumbs":"default","ocean_breadcrumbs_color":"","ocean_breadcrumbs_separator_color":"","ocean_breadcrumbs_links_color":"","ocean_breadcrumbs_links_hover_color":"","ocean_display_footer_widgets":"default","ocean_display_footer_bottom":"default","ocean_custom_footer_template":"","ocean_post_oembed":"","ocean_post_self_hosted_media":"","ocean_post_video_embed":"","ocean_link_format":"","ocean_link_format_target":"self","ocean_quote_format":"","ocean_quote_format_link":"post","ocean_gallery_link_images":"on","ocean_gallery_id":[]},"categories":[9],"tags":[],"acf":[],"_links":{"self":[{"href":"https:\/\/www.simepe.com.br\/novo\/wp-json\/wp\/v2\/posts\/32599"}],"collection":[{"href":"https:\/\/www.simepe.com.br\/novo\/wp-json\/wp\/v2\/posts"}],"about":[{"href":"https:\/\/www.simepe.com.br\/novo\/wp-json\/wp\/v2\/types\/post"}],"author":[{"embeddable":true,"href":"https:\/\/www.simepe.com.br\/novo\/wp-json\/wp\/v2\/users\/1"}],"replies":[{"embeddable":true,"href":"https:\/\/www.simepe.com.br\/novo\/wp-json\/wp\/v2\/comments?post=32599"}],"version-history":[{"count":1,"href":"https:\/\/www.simepe.com.br\/novo\/wp-json\/wp\/v2\/posts\/32599\/revisions"}],"predecessor-version":[{"id":32600,"href":"https:\/\/www.simepe.com.br\/novo\/wp-json\/wp\/v2\/posts\/32599\/revisions\/32600"}],"wp:attachment":[{"href":"https:\/\/www.simepe.com.br\/novo\/wp-json\/wp\/v2\/media?parent=32599"}],"wp:term":[{"taxonomy":"category","embeddable":true,"href":"https:\/\/www.simepe.com.br\/novo\/wp-json\/wp\/v2\/categories?post=32599"},{"taxonomy":"post_tag","embeddable":true,"href":"https:\/\/www.simepe.com.br\/novo\/wp-json\/wp\/v2\/tags?post=32599"}],"curies":[{"name":"wp","href":"https:\/\/api.w.org\/{rel}","templated":true}]}}