{"id":32601,"date":"2016-08-16T08:02:12","date_gmt":"2016-08-16T11:02:12","guid":{"rendered":"http:\/\/www.simepe.com.br\/novo\/?p=32601"},"modified":"2016-08-16T08:02:12","modified_gmt":"2016-08-16T11:02:12","slug":"sem-prevencao-cancer-sera-maior-causa-de-mortes-em-2029","status":"publish","type":"post","link":"https:\/\/www.simepe.com.br\/novo\/sem-prevencao-cancer-sera-maior-causa-de-mortes-em-2029\/","title":{"rendered":"Sem preven\u00e7\u00e3o, c\u00e2ncer ser\u00e1 maior causa de mortes em 2029"},"content":{"rendered":"<p style=\"text-align: justify;\">S\u00e3o Paulo &#8211; Se as pol\u00edticas p\u00fablicas de preven\u00e7\u00e3o, detec\u00e7\u00e3o e tratamento doc\u00e2ncer n\u00e3o forem aprimoradas, a doen\u00e7a se tornar\u00e1, em 2029, a principal causa de mortalidade no Brasil, superando as doen\u00e7as cardiovasculares, como enfarte e AVC.<\/p>\n<p style=\"text-align: justify;\">Essa \u00e9 a conclus\u00e3o de um estudo feito pelo Observat\u00f3rio de Oncologia, plataforma de an\u00e1lise de dados criada pelo movimento Todos Juntos Contra o C\u00e2ncer, liderado pela Associa\u00e7\u00e3o Brasileira de Leucemia e Linfoma (Abrale).<\/p>\n<p style=\"text-align: justify;\">Com base nas taxas de mortalidade por c\u00e2ncer e problemas cardiovasculares do per\u00edodo entre 2000 e 2013 e nos dados de proje\u00e7\u00e3o da popula\u00e7\u00e3o do Instituto Brasileiros de Geografia e Estat\u00edstica (IBGE), os pesquisadores fizeram uma estimativa do n\u00famero de \u00f3bitos pelos dois grupos de doen\u00e7as.<\/p>\n<p style=\"text-align: justify;\">&#8220;Observamos que a curva de crescimento das mortes por c\u00e2ncer estava mais inclinada do que a das doen\u00e7as cardiovasculares e isso indica que, provavelmente, em algum momento, elas v\u00e3o se cruzar. Fizemos an\u00e1lise preditiva do per\u00edodo at\u00e9 2040 e chegamos ao dado de que, em 2029, o c\u00e2ncer passar\u00e1 a ser a maior causa de mortalidade&#8221;, explica Hellen Matarazzo, gerente de ensino e pesquisa da Abrale.<\/p>\n<p style=\"text-align: justify;\">De acordo com a estimativa, naquele ano, a taxa de mortalidade por tumores ser\u00e1 de 115 por 100 mil habitantes, enquanto o \u00edndice de \u00f3bitos por doen\u00e7as cardiovasculares ser\u00e1 de 113 por 100 mil habitantes.<\/p>\n<p style=\"text-align: justify;\">Hoje, o c\u00e2ncer \u00e9 respons\u00e1vel por 106,3 mortes por 100 mil brasileiros e os problemas do aparelho circulat\u00f3rio, por 168,9 \u00f3bitos por 100 mil. Juntas, as duas doen\u00e7as matam por ano cerca de 542 mil pessoas no Pa\u00eds, segundo dados mais recentes do Datasus.<\/p>\n<h3 style=\"text-align: justify;\">Diferen\u00e7as<\/h3>\n<p style=\"text-align: justify;\">Embora o c\u00e2ncer possa se tornar a maior causa de \u00f3bitos num futuro pr\u00f3ximo, a incid\u00eancia e mortalidade pela doen\u00e7a ser\u00e1 extremamente diversa de acordo com o tipo de tumor, o sexo e a regi\u00e3o do Pa\u00eds. Alguns c\u00e2nceres provocar\u00e3o menos mortes, enquanto outros far\u00e3o muito mais v\u00edtimas.<\/p>\n<p style=\"text-align: justify;\">Segundo o estudo, entre as mulheres, a mortalidade por c\u00e2ncer de mama dever\u00e1 se manter est\u00e1vel no Sul e Sudeste, onde os servi\u00e7os de detec\u00e7\u00e3o e tratamento est\u00e3o mais bem estruturados, e aumentar\u00e1 nas regi\u00f5es Norte, Nordeste e Centro-Oeste.<\/p>\n<p style=\"text-align: justify;\">Pela mesma raz\u00e3o, os \u00f3bitos por c\u00e2ncer de colo de \u00fatero dever\u00e3o cair nas duas regi\u00f5es mais ricas do Pa\u00eds e continuar crescendo ou ficar est\u00e1vel nas demais.<\/p>\n<p style=\"text-align: justify;\">&#8220;Todo esse cen\u00e1rio pode mudar se as pol\u00edticas p\u00fablicas forem eficientes. Desde 2014, por exemplo, temos a vacina\u00e7\u00e3o de meninas contra o HPV, o que previne o c\u00e2ncer de colo de \u00fatero. Se isso for implementado com sucesso, as mortes por esse tipo de tumor v\u00e3o cair em todo o Pa\u00eds. E \u00e9 isso que a gente quer, que nossos dados se mostrem errados porque a pol\u00edtica interveio antes&#8221;, diz Hellen.<\/p>\n<p style=\"text-align: justify;\">Outra m\u00e1 not\u00edcia para as mulheres \u00e9 que as mortes por c\u00e2ncer de pulm\u00e3o aumentar\u00e3o em todas as regi\u00f5es. &#8220;As mulheres adotaram o h\u00e1bito de fumar muitos anos depois dos homens e isso ter\u00e1 reflexo na incid\u00eancia de c\u00e2ncer daqui a algum tempo. Como eles fumam mais e h\u00e1 mais tempo, acabaram sendo mais impactados pelas propagandas antifumo&#8221;, diz o oncologista Fernando Cotait Maluf, fundador do Instituto Vencer o C\u00e2ncer e chefe da oncologia cl\u00ednica do centro oncol\u00f3gico Antonio Erm\u00edrio de Moraes.<\/p>\n<p style=\"text-align: justify;\">Entre os homens, as mortes por c\u00e2ncer de pr\u00f3stata cair\u00e3o no Sul e Sudeste e aumentar\u00e3o nas outras regi\u00f5es. O mesmo ocorrer\u00e1 com o c\u00e2ncer de pulm\u00e3o. Os tumores de intestino dever\u00e3o crescer em ambos os sexos e em todo o Pa\u00eds.<\/p>\n<p style=\"text-align: justify;\">&#8220;Abandonar o cigarro, evitar o \u00e1lcool de maneira excessiva, combater a obesidade desde a inf\u00e2ncia, tudo isso ajudaria a reduzir o n\u00famero de casos de c\u00e2ncer em 30% a 40%&#8221;, diz Maluf.<\/p>\n<p style=\"text-align: justify;\">Fonte: Exame<\/p>\n","protected":false},"excerpt":{"rendered":"<p>S\u00e3o Paulo &#8211; Se as pol\u00edticas p\u00fablicas de preven\u00e7\u00e3o, detec\u00e7\u00e3o e tratamento doc\u00e2ncer n\u00e3o forem aprimoradas, a doen\u00e7a se tornar\u00e1, em 2029, a principal causa de mortalidade no Brasil, superando as doen\u00e7as cardiovasculares, como enfarte e AVC. Essa \u00e9 a conclus\u00e3o de um estudo feito pelo Observat\u00f3rio de Oncologia, plataforma de an\u00e1lise de dados criada [&hellip;]<\/p>\n","protected":false},"author":1,"featured_media":0,"comment_status":"open","ping_status":"open","sticky":false,"template":"","format":"standard","meta":{"ocean_post_layout":"","ocean_both_sidebars_style":"","ocean_both_sidebars_content_width":0,"ocean_both_sidebars_sidebars_width":0,"ocean_sidebar":"","ocean_second_sidebar":"","ocean_disable_margins":"enable","ocean_add_body_class":"","ocean_shortcode_before_top_bar":"","ocean_shortcode_after_top_bar":"","ocean_shortcode_before_header":"","ocean_shortcode_after_header":"","ocean_has_shortcode":"","ocean_shortcode_after_title":"","ocean_shortcode_before_footer_widgets":"","ocean_shortcode_after_footer_widgets":"","ocean_shortcode_before_footer_bottom":"","ocean_shortcode_after_footer_bottom":"","ocean_display_top_bar":"default","ocean_display_header":"default","ocean_header_style":"","ocean_center_header_left_menu":"","ocean_custom_header_template":"","ocean_custom_logo":0,"ocean_custom_retina_logo":0,"ocean_custom_logo_max_width":0,"ocean_custom_logo_tablet_max_width":0,"ocean_custom_logo_mobile_max_width":0,"ocean_custom_logo_max_height":0,"ocean_custom_logo_tablet_max_height":0,"ocean_custom_logo_mobile_max_height":0,"ocean_header_custom_menu":"","ocean_menu_typo_font_family":"","ocean_menu_typo_font_subset":"","ocean_menu_typo_font_size":0,"ocean_menu_typo_font_size_tablet":0,"ocean_menu_typo_font_size_mobile":0,"ocean_menu_typo_font_size_unit":"px","ocean_menu_typo_font_weight":"","ocean_menu_typo_font_weight_tablet":"","ocean_menu_typo_font_weight_mobile":"","ocean_menu_typo_transform":"","ocean_menu_typo_transform_tablet":"","ocean_menu_typo_transform_mobile":"","ocean_menu_typo_line_height":0,"ocean_menu_typo_line_height_tablet":0,"ocean_menu_typo_line_height_mobile":0,"ocean_menu_typo_line_height_unit":"","ocean_menu_typo_spacing":0,"ocean_menu_typo_spacing_tablet":0,"ocean_menu_typo_spacing_mobile":0,"ocean_menu_typo_spacing_unit":"","ocean_menu_link_color":"","ocean_menu_link_color_hover":"","ocean_menu_link_color_active":"","ocean_menu_link_background":"","ocean_menu_link_hover_background":"","ocean_menu_link_active_background":"","ocean_menu_social_links_bg":"","ocean_menu_social_hover_links_bg":"","ocean_menu_social_links_color":"","ocean_menu_social_hover_links_color":"","ocean_disable_title":"default","ocean_disable_heading":"default","ocean_post_title":"","ocean_post_subheading":"","ocean_post_title_style":"","ocean_post_title_background_color":"","ocean_post_title_background":0,"ocean_post_title_bg_image_position":"","ocean_post_title_bg_image_attachment":"","ocean_post_title_bg_image_repeat":"","ocean_post_title_bg_image_size":"","ocean_post_title_height":0,"ocean_post_title_bg_overlay":0.5,"ocean_post_title_bg_overlay_color":"","ocean_disable_breadcrumbs":"default","ocean_breadcrumbs_color":"","ocean_breadcrumbs_separator_color":"","ocean_breadcrumbs_links_color":"","ocean_breadcrumbs_links_hover_color":"","ocean_display_footer_widgets":"default","ocean_display_footer_bottom":"default","ocean_custom_footer_template":"","ocean_post_oembed":"","ocean_post_self_hosted_media":"","ocean_post_video_embed":"","ocean_link_format":"","ocean_link_format_target":"self","ocean_quote_format":"","ocean_quote_format_link":"post","ocean_gallery_link_images":"on","ocean_gallery_id":[]},"categories":[9],"tags":[],"acf":[],"_links":{"self":[{"href":"https:\/\/www.simepe.com.br\/novo\/wp-json\/wp\/v2\/posts\/32601"}],"collection":[{"href":"https:\/\/www.simepe.com.br\/novo\/wp-json\/wp\/v2\/posts"}],"about":[{"href":"https:\/\/www.simepe.com.br\/novo\/wp-json\/wp\/v2\/types\/post"}],"author":[{"embeddable":true,"href":"https:\/\/www.simepe.com.br\/novo\/wp-json\/wp\/v2\/users\/1"}],"replies":[{"embeddable":true,"href":"https:\/\/www.simepe.com.br\/novo\/wp-json\/wp\/v2\/comments?post=32601"}],"version-history":[{"count":1,"href":"https:\/\/www.simepe.com.br\/novo\/wp-json\/wp\/v2\/posts\/32601\/revisions"}],"predecessor-version":[{"id":32602,"href":"https:\/\/www.simepe.com.br\/novo\/wp-json\/wp\/v2\/posts\/32601\/revisions\/32602"}],"wp:attachment":[{"href":"https:\/\/www.simepe.com.br\/novo\/wp-json\/wp\/v2\/media?parent=32601"}],"wp:term":[{"taxonomy":"category","embeddable":true,"href":"https:\/\/www.simepe.com.br\/novo\/wp-json\/wp\/v2\/categories?post=32601"},{"taxonomy":"post_tag","embeddable":true,"href":"https:\/\/www.simepe.com.br\/novo\/wp-json\/wp\/v2\/tags?post=32601"}],"curies":[{"name":"wp","href":"https:\/\/api.w.org\/{rel}","templated":true}]}}