{"id":3524,"date":"2011-12-09T22:00:23","date_gmt":"2011-12-09T22:00:23","guid":{"rendered":"http:\/\/www.simepe.com.br\/novo\/?p=3524"},"modified":"2011-12-09T22:00:23","modified_gmt":"2011-12-09T22:00:23","slug":"boletim-de-noticias-12","status":"publish","type":"post","link":"https:\/\/www.simepe.com.br\/novo\/boletim-de-noticias-12\/","title":{"rendered":"Boletim de Not\u00edcias"},"content":{"rendered":"<p style=\"text-align: justify;\"><strong>M\u00e9dicos de Abreu e Lima acusam Prefeitura de descaso com a sa\u00fade<\/strong><\/p>\n<p style=\"text-align: justify;\">Por conta da precariedade das condi\u00e7\u00f5es de trabalho e do descaso com a sa\u00fade, os m\u00e9dicos vinculados \u00e0 rede municipal de Abreu e Lima aprovaram em assembleia geral proposta \u00a0de restringir os atendimentos no Hospital e Maternidade &#8211; \u00a0cl\u00ednicas de pediatria, cl\u00ednica m\u00e9dica e obstetr\u00edcia &#8211; a partir da pr\u00f3xima segunda-feira (12). Ser\u00e3o atendidos apenas os casos de urg\u00eancia e emerg\u00eancia; haver\u00e1 suspens\u00e3o dos plant\u00f5es extras (ficando a responsabilidade para a coordena\u00e7\u00e3o m\u00e9dica), \u00a0manuten\u00e7\u00e3o da Pauta de Reivindica\u00e7\u00e3o j\u00e1 apresentada, al\u00e9m de encaminhamento \u00e0 Secretaria de Sa\u00fade proposta de progress\u00e3o salarial, com equipara\u00e7\u00e3o final ao do Estado, incluindo o Plano de Cargos, Carreira e Vencimentos e Produtividade (PCCV). Caso as negocia\u00e7\u00f5es n\u00e3o avancem, os m\u00e9dicos n\u00e3o descartam a possibilidade \u00a0imediata de exonera\u00e7\u00e3o de seus cargos. \u00a0As ocorr\u00eancias mencionadas est\u00e3o registradas em livro de plant\u00e3o, segundo os m\u00e9dicos. Pr\u00f3xima assembleia da categoria: dia 13\/12 (ter\u00e7a-feira), \u00e0s 19h30, no audit\u00f3rio do Simepe. \u00a0Fonte: Simepe<\/p>\n<p style=\"text-align: justify;\"><strong>Agravamento da crise nas maternidades de Pernambuco<\/strong><\/p>\n<p style=\"text-align: justify;\">O Simepe vem denunciando de longa data o caos do sistema materno infantil junto aos Conselhos de Sa\u00fade, Cremepe, gestores da sa\u00fade e MPPE, o que resultou em audi\u00eancias p\u00fablicas e encaminhamentos \u00e0 SES e ao COSEMS. No entanto, a falta de uma politica de Recursos Humanos, por parte dos gestores, que contemple concursos p\u00fablicos, melhores condi\u00e7\u00f5es de trabalho, equipes m\u00e9dicas bem dimensionadas, carreira, sal\u00e1rios compat\u00edveis com a responsabilidade do profissional, provocaram a situa\u00e7\u00e3o ca\u00f3tica a que os profissionais \u00a0destes servi\u00e7os est\u00e3o submetidos. Em se tratando de uma prioridade da gest\u00e3o, at\u00e9 quando os m\u00e9dicos ter\u00e3o que esperar? A crise \u00e9 de longa data com agravamento nos \u00faltimos sete meses. Os \u00a0m\u00e9dicos vem pedindo demiss\u00e3o continuamente, por n\u00e3o suportarem mais a exposi\u00e7\u00e3o ao risco no exerc\u00edcio profissional. Qual tem sido o compromisso com o trabalhador e a sociedade? O Simepe se solidariza com os profissionais que, no ultimo final de semana deram plant\u00e3o na Maternidade Barros Lima\/Casa Amarela, onde trabalharam com uma superlota\u00e7\u00e3o, muito al\u00e9m da capacidade do servi\u00e7o.O Simepe continua lutando pela valoriza\u00e7\u00e3o do trabalho m\u00e9dico e denunciando o descaso na assist\u00eancia materno-infantil. Fonte: Simepe<\/p>\n<p style=\"text-align: justify;\"><strong>M\u00e9dico M\u00eddia amplia rela\u00e7\u00e3o entre profissionais e estudantes<\/strong><\/p>\n<p style=\"text-align: justify;\">Dois dias de muito conhecimento. Assim pode ser definido o III Simp\u00f3sio Pernambucano de Integra\u00e7\u00e3o M\u00e9dico-M\u00eddia. Na edi\u00e7\u00e3o de 2011, o evento contou com a participa\u00e7\u00e3o de grandes nomes da comunica\u00e7\u00e3o e da medicina reunidos no audit\u00f3rio da Celpe, nos \u00faltimos dias 06 e 07 de dezembro. Os debates foram permeados por tem\u00e1ticas que variaram desde o poder da m\u00eddia, passando pela liberdade de express\u00e3o, comunica\u00e7\u00e3o institucional, at\u00e9 a pauta da sa\u00fade nos ve\u00edculos de imprensa. No primeiro dia do evento, ap\u00f3s a abertura dos trabalhos pelo presidente do Simepe, Silvio Rodrigues, quatro palestras trouxeram muita informa\u00e7\u00e3o para o p\u00fablico presente. De in\u00edcio, Maria Luiza Borges, editora executiva do JC, e S\u00e9rgio Miguel Buarque, editor executivo do DP, trataram \u201cO poder da m\u00eddia e a liberdade de express\u00e3o\u201d, fazendo uma alus\u00e3o hist\u00f3rica sobre o jornalismo. \u00a0J\u00e1 no segundo dia, a tem\u00e1tica da vez foram os portais de not\u00edcias e as m\u00eddias digitais. Para debater sobre o assunto, os jornalistas Eduardo Cavalcanti, editor geral do portal LeiaJ\u00e1, e Carol Monteiro, editora executiva do Pernambuco.com, assumiram o microfone e trataram quest\u00f5es como o aumento de usu\u00e1rios no twitter, facebook e as mudan\u00e7as acarretadas pelo adventos dessas novas ferramentas. Fonte: Simepe<\/p>\n<p style=\"text-align: justify;\"><strong>A\u00e7\u00f5es sociais: Conselhos chamam aten\u00e7\u00e3o dos m\u00e9dicos para crian\u00e7as desaparecidas<\/strong><\/p>\n<p style=\"text-align: justify;\">O Conselho Federal de Medicina (CFM) e os 27 conselhos regionais de Medicina (CRMs) realizam, a partir deste m\u00eas de dezembro, uma campanha permanente para pedir o engajamento dos 370 mil m\u00e9dicos do pa\u00eds na luta em busca de crian\u00e7as desaparecidas. O material foi aprovado na 19\u00aa Reuni\u00e3o da Diretoria do CFM com os presidentes dos conselhos regionais, em 6 de dezembro. A iniciativa \u00e9 da Comiss\u00e3o de Assuntos Sociais do CFM. Anualmente, s\u00e3o registrados no Brasil mais de 35 mil desaparecimentos de crian\u00e7as. De acordo com especialistas no tema, 70% dos desaparecidos fogem de casa por problemas dom\u00e9sticos e cerca de 15% nunca mais reencontrar\u00e3o suas fam\u00edlias. Observar semelhan\u00e7as com os pais, sinais de agress\u00e3o, comportamento da crian\u00e7a com a fam\u00edlia. Estas s\u00e3o algumas orienta\u00e7\u00f5es para que os m\u00e9dicos fiquem atentos nos hospitais, prontos-socorros e cl\u00ednicas do pa\u00eds. Outra recomenda\u00e7\u00e3o indicada pelo Conselho \u00e9 que os m\u00e9dicos sempre confiram os documentos do menor e dos respons\u00e1veis. Fonte: CFM<\/p>\n<p style=\"text-align: justify;\"><strong>Participantes exigem fim da terceiriza\u00e7\u00e3o na sa\u00fade p\u00fablica <\/strong><\/p>\n<p style=\"text-align: justify;\">O fim da terceiriza\u00e7\u00e3o da gest\u00e3o da sa\u00fade p\u00fablica foi a principal reivindica\u00e7\u00e3o da 14\u00aa Confer\u00eancia Nacional de Sa\u00fade, que terminou no domingo (4), em Bras\u00edlia. O evento reuniu mais de 3 mil representantes da sociedade para debater o papel do Sistema \u00danico de Sa\u00fade (SUS). A expectativa \u00e9 que as mais de 300 propostas de pol\u00edtica p\u00fablica aprovadas na confer\u00eancia sejam aproveitadas pelos tr\u00eas n\u00edveis de governo &#8211; municipal, estadual e federal. &#8220;Aprovamos contar para a sociedade brasileira que n\u00e3o \u00e9 verdade que a sociedade rompeu com o SUS. Os representantes da sociedade que estavam aqui disseram que n\u00e3o \u00e9 verdade que a gente se cansou, e n\u00e3o \u00e9 verdade que n\u00e3o queremos lutar por isso e queremos entregar tudo para o mercado&#8221;, disse a coordenadora-geral do evento, Jurema Werneck. O ministro Alexandre Padilha, que participou do encerramento do evento, disse que o SUS saiu mais fortalecido da confer\u00eancia. &#8220;Viva o controle social&#8221;, disse Padilha, ao encerrar a \u00faltima vota\u00e7\u00e3o do dia. Fonte: Ag\u00eancia Brasil<\/p>\n<p style=\"text-align: justify;\"><strong>Senado discute concess\u00e3o de duas f\u00e9rias anuais a profissionais de sa\u00fade que atuam em unidades de urg\u00eancia<\/strong><\/p>\n<p style=\"text-align: justify;\">A Comiss\u00e3o de Assuntos Sociais (CAS) esteve reunida na ultima quinta-feira (7) para analisar pauta com 20 itens. Entre eles, o projeto de lei de autoria do senador Paulo Davim (PV-RN), que trata da jornada de trabalho e a concess\u00e3o de f\u00e9rias aos trabalhadores de sa\u00fade que atuam em unidades de urg\u00eancia e emerg\u00eancia de servi\u00e7os de sa\u00fade. O senador Davim ressaltou que os profissionais que atuam em unidades de urg\u00eancia s\u00e3o expostos a grande carga emocional e precisam de dois per\u00edodos de f\u00e9rias anuais, como j\u00e1 acontece com os radiologistas. Em seu relat\u00f3rio, o senador Paulo Paim (PT-RS) pediu que a proposta (PLS 144\/11) seja examinada pela Comiss\u00e3o de Constitui\u00e7\u00e3o, Justi\u00e7a e Cidadania (CCJ), antes de a CAS se pronunciar. Fonte: Ag\u00eancia Senado<\/p>\n<p style=\"text-align: justify;\"><strong>Governo lan\u00e7a novo plano contra o crack<\/strong><\/p>\n<p style=\"text-align: justify;\">O governo federal deve lan\u00e7ar um novo plano de enfrentamento ao crack, de acordo com o diretor de Assuntos Internacionais e Projetos Estrat\u00e9gicos da Secretaria Nacional de Pol\u00edticas Sobre Drogas (Senad), Vladimir Stempliuk, que participou na semana passada do semin\u00e1rio sobre pol\u00edticas p\u00fablicas sobre drogas, na capital paulista. Ele disse que o novo plano federal de combate ao crack e outras drogas est\u00e1 em fase final de elabora\u00e7\u00e3o. Segundo Stempliuk, o an\u00fancio oficial est\u00e1 previsto para amanh\u00e3, mas ainda pode ser alterado. O diretor da Senad explicou que o novo plano \u00e9 uma atualiza\u00e7\u00e3o do Plano Integrado de Enfrentamento ao Crack e Outras Drogas, criado por decreto em maio de 2010. Pouco mais de um ano ap\u00f3s a implanta\u00e7\u00e3o desse plano, o governo federal j\u00e1 identificou falhas que precisam ser corrigidas e melhorias que devem ser contempladas pela nova a\u00e7\u00e3o. Fonte: Jornal do Commercio<\/p>\n<p style=\"text-align: justify;\"><strong>Pernambuco tem 15% das cidades em risco de surto de dengue<\/strong><\/p>\n<p style=\"text-align: justify;\">Dos 48 munic\u00edpios brasileiros em situa\u00e7\u00e3o de risco para ocorr\u00eancia de surto de dengue, 7 s\u00e3o pernambucanos. Afogados da Ingazeira, Araripina, Arcoverde, Camaragibe, Floresta, Garanhuns e Santa Cruz do Capibaribe exibem \u00edndices de infesta\u00e7\u00e3o superiores a 4,1%, quando o ideal \u00e9 estar abaixo de 1%. A maior parte das cidades se encontra em situa\u00e7\u00e3o de alerta, com risco moderado de infesta\u00e7\u00e3o grave, entre as quais se destaca a capital, Recife, com \u00edndice de infesta\u00e7\u00e3o de 3,1%. No estado, a cidade-modelo em 2011 \u00e9 Toritama, que registra \u00edndice de infec\u00e7\u00e3o zero. As cidades pernambucanas seguem uma tend\u00eancia registrada em todo o Nordeste, que apontam que 72,1% dos criadouros do mosquito Aedes Aegypti se encontram em locais relacionados ao abastecimento de \u00e1gua como caixas d\u2032\u00e1gua, tambores e po\u00e7os. Fonte: Diario de Pernambuco<\/p>\n<p style=\"text-align: justify;\"><strong>Aten\u00e7\u00e3o M\u00e9dico<\/strong><\/p>\n<p style=\"text-align: justify;\"><strong>Intensivistas Pediatras<\/strong> \u2013 Assembleia Geral dos m\u00e9dicos nesta segunda-feira (12\/12\/11), \u00e0s 19h30, no audit\u00f3rio do Simepe, bairro da Boa Vista\/Recife, para avalia\u00e7\u00e3o, discuss\u00e3o \u00a0e delibera\u00e7\u00e3o de propostas salariais dos hospitais da rede privada e conveniada.<\/p>\n<p style=\"text-align: justify;\"><strong>Comiss\u00e3o Estadual de Honor\u00e1rios M\u00e9dicos (CEHM)<\/strong> &#8211; No dia 30\/11\/11 em AGE, os m\u00e9dios pernambucanos, ap\u00f3s conclus\u00e3o da fase de negocia\u00e7\u00e3o com os planos de sa\u00fade em 2011, decidiram pela inclus\u00e3o no movimento dos planos: Norcl\u00ednicas \/ Interm\u00e9dica \/ Notredame \/ Meridional\/ Gama \/ Unibanco \/ Tempo Assist. Of\u00edcios foram expedidos para aquelas empresas com solicita\u00e7\u00e3o de reuni\u00e3o para tratar de reajustes no ano de 2012. No pr\u00f3ximo dia 19\/12\/11 ser\u00e1 encaminhada proposta da Amil\/Medial\/Sa\u00fade Excelsior a ser avaliada em AGE no dia 22.12.11 \u00e0s 19h no audit\u00f3rio do Simepe.<\/p>\n<p style=\"text-align: justify;\"><strong>Lan\u00e7amento de Livro<\/strong> \u2013 \u00a0\u201cCrian\u00e7a Cidad\u00e3 \u2013 Compromisso com a Esperan\u00e7a\u201d \u00e9 o t\u00edtulo do livro, da Unimed Recife, coordenado pelos pediatras An\u00edbal Gaud\u00eancio e Assuero Gomes. Lan\u00e7amento na ter\u00e7a-feira (13\/12), \u00e0s 19h, no Parque Dona Lindu, \u00e0s 19h e conta com o apoio do Simepe, Cremepe, Juizado da Inf\u00e2ncia, Sociedade de Pediatria de PE, Unicred Recife. O livro, que n\u00e3o ser\u00e1 vendido, versa sobre a preven\u00e7\u00e3o \u00e0s doen\u00e7as e viol\u00eancia contra as crian\u00e7as e adolescentes. Evento aberto ao p\u00fablico at\u00e9 a lota\u00e7\u00e3o do teatro, onde dever\u00e1 se levar 1 kg de alimento n\u00e3o perec\u00edvel, que ser\u00e1 trocado pelo livro. Haver\u00e1 ainda Concerto de Natal da Orquestra Crian\u00e7a Cidad\u00e3<\/p>\n","protected":false},"excerpt":{"rendered":"<p>M\u00e9dicos de Abreu e Lima acusam Prefeitura de descaso com a sa\u00fade Por conta da precariedade das condi\u00e7\u00f5es de trabalho e do descaso com a sa\u00fade, os m\u00e9dicos vinculados \u00e0 rede municipal de Abreu e Lima aprovaram em assembleia geral proposta \u00a0de restringir os atendimentos no Hospital e Maternidade &#8211; \u00a0cl\u00ednicas de pediatria, cl\u00ednica m\u00e9dica [&hellip;]<\/p>\n","protected":false},"author":1,"featured_media":0,"comment_status":"open","ping_status":"open","sticky":false,"template":"","format":"standard","meta":{"ocean_post_layout":"","ocean_both_sidebars_style":"","ocean_both_sidebars_content_width":0,"ocean_both_sidebars_sidebars_width":0,"ocean_sidebar":"","ocean_second_sidebar":"","ocean_disable_margins":"enable","ocean_add_body_class":"","ocean_shortcode_before_top_bar":"","ocean_shortcode_after_top_bar":"","ocean_shortcode_before_header":"","ocean_shortcode_after_header":"","ocean_has_shortcode":"","ocean_shortcode_after_title":"","ocean_shortcode_before_footer_widgets":"","ocean_shortcode_after_footer_widgets":"","ocean_shortcode_before_footer_bottom":"","ocean_shortcode_after_footer_bottom":"","ocean_display_top_bar":"default","ocean_display_header":"default","ocean_header_style":"","ocean_center_header_left_menu":"","ocean_custom_header_template":"","ocean_custom_logo":0,"ocean_custom_retina_logo":0,"ocean_custom_logo_max_width":0,"ocean_custom_logo_tablet_max_width":0,"ocean_custom_logo_mobile_max_width":0,"ocean_custom_logo_max_height":0,"ocean_custom_logo_tablet_max_height":0,"ocean_custom_logo_mobile_max_height":0,"ocean_header_custom_menu":"","ocean_menu_typo_font_family":"","ocean_menu_typo_font_subset":"","ocean_menu_typo_font_size":0,"ocean_menu_typo_font_size_tablet":0,"ocean_menu_typo_font_size_mobile":0,"ocean_menu_typo_font_size_unit":"px","ocean_menu_typo_font_weight":"","ocean_menu_typo_font_weight_tablet":"","ocean_menu_typo_font_weight_mobile":"","ocean_menu_typo_transform":"","ocean_menu_typo_transform_tablet":"","ocean_menu_typo_transform_mobile":"","ocean_menu_typo_line_height":0,"ocean_menu_typo_line_height_tablet":0,"ocean_menu_typo_line_height_mobile":0,"ocean_menu_typo_line_height_unit":"","ocean_menu_typo_spacing":0,"ocean_menu_typo_spacing_tablet":0,"ocean_menu_typo_spacing_mobile":0,"ocean_menu_typo_spacing_unit":"","ocean_menu_link_color":"","ocean_menu_link_color_hover":"","ocean_menu_link_color_active":"","ocean_menu_link_background":"","ocean_menu_link_hover_background":"","ocean_menu_link_active_background":"","ocean_menu_social_links_bg":"","ocean_menu_social_hover_links_bg":"","ocean_menu_social_links_color":"","ocean_menu_social_hover_links_color":"","ocean_disable_title":"default","ocean_disable_heading":"default","ocean_post_title":"","ocean_post_subheading":"","ocean_post_title_style":"","ocean_post_title_background_color":"","ocean_post_title_background":0,"ocean_post_title_bg_image_position":"","ocean_post_title_bg_image_attachment":"","ocean_post_title_bg_image_repeat":"","ocean_post_title_bg_image_size":"","ocean_post_title_height":0,"ocean_post_title_bg_overlay":0.5,"ocean_post_title_bg_overlay_color":"","ocean_disable_breadcrumbs":"default","ocean_breadcrumbs_color":"","ocean_breadcrumbs_separator_color":"","ocean_breadcrumbs_links_color":"","ocean_breadcrumbs_links_hover_color":"","ocean_display_footer_widgets":"default","ocean_display_footer_bottom":"default","ocean_custom_footer_template":"","ocean_post_oembed":"","ocean_post_self_hosted_media":"","ocean_post_video_embed":"","ocean_link_format":"","ocean_link_format_target":"self","ocean_quote_format":"","ocean_quote_format_link":"post","ocean_gallery_link_images":"on","ocean_gallery_id":[]},"categories":[1],"tags":[],"acf":[],"_links":{"self":[{"href":"https:\/\/www.simepe.com.br\/novo\/wp-json\/wp\/v2\/posts\/3524"}],"collection":[{"href":"https:\/\/www.simepe.com.br\/novo\/wp-json\/wp\/v2\/posts"}],"about":[{"href":"https:\/\/www.simepe.com.br\/novo\/wp-json\/wp\/v2\/types\/post"}],"author":[{"embeddable":true,"href":"https:\/\/www.simepe.com.br\/novo\/wp-json\/wp\/v2\/users\/1"}],"replies":[{"embeddable":true,"href":"https:\/\/www.simepe.com.br\/novo\/wp-json\/wp\/v2\/comments?post=3524"}],"version-history":[{"count":1,"href":"https:\/\/www.simepe.com.br\/novo\/wp-json\/wp\/v2\/posts\/3524\/revisions"}],"predecessor-version":[{"id":3525,"href":"https:\/\/www.simepe.com.br\/novo\/wp-json\/wp\/v2\/posts\/3524\/revisions\/3525"}],"wp:attachment":[{"href":"https:\/\/www.simepe.com.br\/novo\/wp-json\/wp\/v2\/media?parent=3524"}],"wp:term":[{"taxonomy":"category","embeddable":true,"href":"https:\/\/www.simepe.com.br\/novo\/wp-json\/wp\/v2\/categories?post=3524"},{"taxonomy":"post_tag","embeddable":true,"href":"https:\/\/www.simepe.com.br\/novo\/wp-json\/wp\/v2\/tags?post=3524"}],"curies":[{"name":"wp","href":"https:\/\/api.w.org\/{rel}","templated":true}]}}