{"id":37188,"date":"2017-03-02T11:57:50","date_gmt":"2017-03-02T14:57:50","guid":{"rendered":"http:\/\/www.simepe.com.br\/novo\/?p=37188"},"modified":"2017-03-02T11:57:50","modified_gmt":"2017-03-02T14:57:50","slug":"faculdade-de-medicina-do-recife-da-nome-a-novo-predio-do-curso-na-ufpe","status":"publish","type":"post","link":"https:\/\/www.simepe.com.br\/novo\/faculdade-de-medicina-do-recife-da-nome-a-novo-predio-do-curso-na-ufpe\/","title":{"rendered":"Faculdade de Medicina do Recife d\u00e1 nome a novo pr\u00e9dio do curso na UFPE"},"content":{"rendered":"<p style=\"text-align: justify;\">O reitor da Universidade Federal de Pernambuco (UFPE), An\u00edsio Brasileiro, inaugura o novo pr\u00e9dio de Medicina da institui\u00e7\u00e3o nesta quinta-feira (2\/3), \u00e0s 17h, , ao lado do Centro de Ci\u00eancias da Sa\u00fade, no Campus Recife da UFPE. A obra custou R$ 10.700.211,16, e o espa\u00e7o conta com uma \u00e1rea de 2.795,13 metros quadrados. Com a inaugura\u00e7\u00e3o, o pr\u00e9dio ser\u00e1 batizado de Faculdade de Medicina do Recife, como era chamada at\u00e9 1949.<\/p>\n<p style=\"text-align: justify;\">\u201cTrata-se de fortalecer o curso m\u00e9dico como uma forma\u00e7\u00e3o de excel\u00eancia da UFPE. Com o pr\u00e9dio, ser\u00e1 poss\u00edvel enriquecer tamb\u00e9m as atividades de pesquisa e de articula\u00e7\u00e3o com os servi\u00e7os e a forma\u00e7\u00e3o das resid\u00eancias e da p\u00f3s-gradua\u00e7\u00e3o, tanto do Centro de Ci\u00eancias da Sa\u00fade, como do nosso Hospital das Cl\u00ednicas. Vamos resgatar o sentimento de identidade e de pertencimento daqueles que fizeram e que fazem uma das faculdades mais importantes do Brasil\u201d, destaca o reitor.<\/p>\n<p style=\"text-align: justify;\">O pr\u00e9dio tem tr\u00eas pavimentos, nos quais ser\u00e3o distribu\u00eddos a administra\u00e7\u00e3o da coordena\u00e7\u00e3o do curso, os laborat\u00f3rios e a escolaridade. O t\u00e9rreo tem recep\u00e7\u00e3o, audit\u00f3rio, salas para a seguran\u00e7a, sala para o sistema de l\u00f3gica, banheiros, copa e dep\u00f3sito de material de limpeza. O primeiro andar abrigar salas de avalia\u00e7\u00e3o, de monitoramento, de professores e de espera, \u00e1rea de integra\u00e7\u00e3o e conviv\u00eancia, sala de tecnologia da informa\u00e7\u00e3o, laborat\u00f3rio morfofuncional, de habilidades cl\u00ednicas e salas de tutoria, banheiros, copa e dep\u00f3sito de material de limpeza.<\/p>\n<p style=\"text-align: justify;\">O segundo andar sediar\u00e1 n\u00facleos de desenvolvimento do docente e de avalia\u00e7\u00e3o, departamentos de Medicina Cl\u00ednica, Materno-Infantil, Cirurgia, Medicina Tropical, Medicina Social, Neuropsiquiatria e Patologia e suas secretarias, sala de forma\u00e7\u00e3o do docente, n\u00facleo de metodologia, centro de estudo\/pesquisa, n\u00facleo de ensino e servi\u00e7o, escolaridade geral, secretaria geral, sala de coordena\u00e7\u00e3o, coordena\u00e7\u00e3o de internato, sala para equipe t\u00e9cnica de assessorias e projetos, sala de reuni\u00e3o, banheiros, copa e dep\u00f3sito de material de limpeza. A ordem de servi\u00e7o para a constru\u00e7\u00e3o da obra foi assinada em outubro de 2013.<\/p>\n<p style=\"text-align: justify;\">\u201cO primeiro aspecto que podemos destacar da import\u00e2ncia do pr\u00e9dio \u00e9 o fato de haver um resgate da identidade f\u00edsica do curso. O segundo aspecto \u00e9 o fato de que o pr\u00e9dio foi moldado para os novos modelos do ensino, permitindo que aperfei\u00e7oemos o ensino da medicina. E o terceiro aspecto \u00e9 que ele possibilitar\u00e1 o treinamento dos alunos para que haja um preparo adequado para o tratamento com o paciente\u201d, afirma o diretor do Centro de Ci\u00eancias da Sa\u00fade, professor Nicodemos Teles.<\/p>\n<p style=\"text-align: justify;\">\n<p style=\"text-align: justify;\">Fonte: Jornal do Commercio<\/p>\n","protected":false},"excerpt":{"rendered":"<p>O reitor da Universidade Federal de Pernambuco (UFPE), An\u00edsio Brasileiro, inaugura o novo pr\u00e9dio de Medicina da institui\u00e7\u00e3o nesta quinta-feira (2\/3), \u00e0s 17h, , ao lado do Centro de Ci\u00eancias da Sa\u00fade, no Campus Recife da UFPE. A obra custou R$ 10.700.211,16, e o espa\u00e7o conta com uma \u00e1rea de 2.795,13 metros quadrados. Com a [&hellip;]<\/p>\n","protected":false},"author":1,"featured_media":0,"comment_status":"open","ping_status":"open","sticky":false,"template":"","format":"standard","meta":{"ocean_post_layout":"","ocean_both_sidebars_style":"","ocean_both_sidebars_content_width":0,"ocean_both_sidebars_sidebars_width":0,"ocean_sidebar":"","ocean_second_sidebar":"","ocean_disable_margins":"enable","ocean_add_body_class":"","ocean_shortcode_before_top_bar":"","ocean_shortcode_after_top_bar":"","ocean_shortcode_before_header":"","ocean_shortcode_after_header":"","ocean_has_shortcode":"","ocean_shortcode_after_title":"","ocean_shortcode_before_footer_widgets":"","ocean_shortcode_after_footer_widgets":"","ocean_shortcode_before_footer_bottom":"","ocean_shortcode_after_footer_bottom":"","ocean_display_top_bar":"default","ocean_display_header":"default","ocean_header_style":"","ocean_center_header_left_menu":"","ocean_custom_header_template":"","ocean_custom_logo":0,"ocean_custom_retina_logo":0,"ocean_custom_logo_max_width":0,"ocean_custom_logo_tablet_max_width":0,"ocean_custom_logo_mobile_max_width":0,"ocean_custom_logo_max_height":0,"ocean_custom_logo_tablet_max_height":0,"ocean_custom_logo_mobile_max_height":0,"ocean_header_custom_menu":"","ocean_menu_typo_font_family":"","ocean_menu_typo_font_subset":"","ocean_menu_typo_font_size":0,"ocean_menu_typo_font_size_tablet":0,"ocean_menu_typo_font_size_mobile":0,"ocean_menu_typo_font_size_unit":"px","ocean_menu_typo_font_weight":"","ocean_menu_typo_font_weight_tablet":"","ocean_menu_typo_font_weight_mobile":"","ocean_menu_typo_transform":"","ocean_menu_typo_transform_tablet":"","ocean_menu_typo_transform_mobile":"","ocean_menu_typo_line_height":0,"ocean_menu_typo_line_height_tablet":0,"ocean_menu_typo_line_height_mobile":0,"ocean_menu_typo_line_height_unit":"","ocean_menu_typo_spacing":0,"ocean_menu_typo_spacing_tablet":0,"ocean_menu_typo_spacing_mobile":0,"ocean_menu_typo_spacing_unit":"","ocean_menu_link_color":"","ocean_menu_link_color_hover":"","ocean_menu_link_color_active":"","ocean_menu_link_background":"","ocean_menu_link_hover_background":"","ocean_menu_link_active_background":"","ocean_menu_social_links_bg":"","ocean_menu_social_hover_links_bg":"","ocean_menu_social_links_color":"","ocean_menu_social_hover_links_color":"","ocean_disable_title":"default","ocean_disable_heading":"default","ocean_post_title":"","ocean_post_subheading":"","ocean_post_title_style":"","ocean_post_title_background_color":"","ocean_post_title_background":0,"ocean_post_title_bg_image_position":"","ocean_post_title_bg_image_attachment":"","ocean_post_title_bg_image_repeat":"","ocean_post_title_bg_image_size":"","ocean_post_title_height":0,"ocean_post_title_bg_overlay":0.5,"ocean_post_title_bg_overlay_color":"","ocean_disable_breadcrumbs":"default","ocean_breadcrumbs_color":"","ocean_breadcrumbs_separator_color":"","ocean_breadcrumbs_links_color":"","ocean_breadcrumbs_links_hover_color":"","ocean_display_footer_widgets":"default","ocean_display_footer_bottom":"default","ocean_custom_footer_template":"","ocean_post_oembed":"","ocean_post_self_hosted_media":"","ocean_post_video_embed":"","ocean_link_format":"","ocean_link_format_target":"self","ocean_quote_format":"","ocean_quote_format_link":"post","ocean_gallery_link_images":"on","ocean_gallery_id":[]},"categories":[9],"tags":[],"acf":[],"_links":{"self":[{"href":"https:\/\/www.simepe.com.br\/novo\/wp-json\/wp\/v2\/posts\/37188"}],"collection":[{"href":"https:\/\/www.simepe.com.br\/novo\/wp-json\/wp\/v2\/posts"}],"about":[{"href":"https:\/\/www.simepe.com.br\/novo\/wp-json\/wp\/v2\/types\/post"}],"author":[{"embeddable":true,"href":"https:\/\/www.simepe.com.br\/novo\/wp-json\/wp\/v2\/users\/1"}],"replies":[{"embeddable":true,"href":"https:\/\/www.simepe.com.br\/novo\/wp-json\/wp\/v2\/comments?post=37188"}],"version-history":[{"count":1,"href":"https:\/\/www.simepe.com.br\/novo\/wp-json\/wp\/v2\/posts\/37188\/revisions"}],"predecessor-version":[{"id":37189,"href":"https:\/\/www.simepe.com.br\/novo\/wp-json\/wp\/v2\/posts\/37188\/revisions\/37189"}],"wp:attachment":[{"href":"https:\/\/www.simepe.com.br\/novo\/wp-json\/wp\/v2\/media?parent=37188"}],"wp:term":[{"taxonomy":"category","embeddable":true,"href":"https:\/\/www.simepe.com.br\/novo\/wp-json\/wp\/v2\/categories?post=37188"},{"taxonomy":"post_tag","embeddable":true,"href":"https:\/\/www.simepe.com.br\/novo\/wp-json\/wp\/v2\/tags?post=37188"}],"curies":[{"name":"wp","href":"https:\/\/api.w.org\/{rel}","templated":true}]}}