{"id":37225,"date":"2017-03-03T07:51:26","date_gmt":"2017-03-03T10:51:26","guid":{"rendered":"http:\/\/www.simepe.com.br\/novo\/?p=37225"},"modified":"2017-03-03T07:51:26","modified_gmt":"2017-03-03T10:51:26","slug":"mendonca-filho-participa-de-inauguracao-do-predio-de-medicina-da-ufpe","status":"publish","type":"post","link":"https:\/\/www.simepe.com.br\/novo\/mendonca-filho-participa-de-inauguracao-do-predio-de-medicina-da-ufpe\/","title":{"rendered":"Mendon\u00e7a Filho participa de inaugura\u00e7\u00e3o do pr\u00e9dio de medicina da UFPE"},"content":{"rendered":"<p style=\"text-align: justify;\">O novo pr\u00e9dio da Faculdade de Medicina do Recife, ligada \u00e0 Universidade Federal de Pernambuco (UFPE), ser\u00e1 inaugurado nesta quinta-feira (2), \u00e0s 17h. A solenidade contar\u00e1 com a presen\u00e7a do ministro da Educa\u00e7\u00e3o, Mendon\u00e7a Filho (DEM).<\/p>\n<p>Instalado no campus Recife, na Cidade Universit\u00e1ria, o novo pr\u00e9dio est\u00e1 dividido em tr\u00eas pavimentos em uma \u00e1rea de 2.795,13 metros quadrados e recebeu o investimento de aproximadamente R$ 11 milh\u00f5es. Al\u00e9m disso, ele tem capacidade para atender 600 alunos por dia.<\/p>\n<p>\u201cEssa obra \u00e9 o resultado de nosso esfor\u00e7o de investir no ensino superior p\u00fablico de forma a garantir mais qualidade no ensino e aprendizagem para alunos\u201d, afirmou Mendon\u00e7a Filho.<\/p>\n<p>O novo pr\u00e9dio foi batizado como Faculdade de Medicina do Recife \u2013 nome adotado pelo curso de medicina da UFPE at\u00e9 o ano de 1949 \u2013 ter\u00e1 recep\u00e7\u00e3o, audit\u00f3rio para 100 pessoas, seis salas de aula, oito salas tutoriais, 12 salas para avalia\u00e7\u00e3o das pr\u00e1ticas com salas de espera para alunos, sala para professores e monitoramento das aulas pr\u00e1ticas. A estrutura ainda conta com novos laborat\u00f3rios: um morfofuncional e de habilidades cl\u00ednicas, outro de habilidade em inform\u00e1tica e comunica\u00e7\u00e3o, al\u00e9m do de habilidades de suporte avan\u00e7ado de vida.<\/p>\n<p>O curso de medicina tamb\u00e9m vai contar com novas salas de coordena\u00e7\u00e3o, secretaria de escolaridade, planejamento curricular integrado \u00e0 avalia\u00e7\u00e3o, audit\u00f3rio para desenvolvimento docente, sala de reuni\u00f5es e espa\u00e7o de integra\u00e7\u00e3o docente-discente. O novo pr\u00e9dio ainda conta com o Departamento de Medicina Cl\u00ednica, Materno Infantil, de Cirurgia, de Medicina Tropical, Medicina Social, Neuropsiquiatria e Patologia. A ordem de servi\u00e7o para a constru\u00e7\u00e3o da obra foi assinada em outubro de 2013.<\/p>\n<p>De acordo com a coordenadora da Faculdade de Medicina do Recife, professora Ivanise Torres, o novo pr\u00e9dio vai possibilitar a implementa\u00e7\u00e3o de inova\u00e7\u00f5es pedag\u00f3gicas e, com suas instala\u00e7\u00f5es modernas, melhorar o ensino-aprendizagem e as pr\u00e1ticas avaliativas. O curso de medicina da UFPE foi criado em 1915 e \u00e9 o mais antigo de Pernambuco em atividade.<\/p>\n<p style=\"text-align: justify;\">\n<p style=\"text-align: justify;\">Fonte: Folha de Pernambuco<\/p>\n","protected":false},"excerpt":{"rendered":"<p>O novo pr\u00e9dio da Faculdade de Medicina do Recife, ligada \u00e0 Universidade Federal de Pernambuco (UFPE), ser\u00e1 inaugurado nesta quinta-feira (2), \u00e0s 17h. A solenidade contar\u00e1 com a presen\u00e7a do ministro da Educa\u00e7\u00e3o, Mendon\u00e7a Filho (DEM). Instalado no campus Recife, na Cidade Universit\u00e1ria, o novo pr\u00e9dio est\u00e1 dividido em tr\u00eas pavimentos em uma \u00e1rea de [&hellip;]<\/p>\n","protected":false},"author":1,"featured_media":0,"comment_status":"open","ping_status":"open","sticky":false,"template":"","format":"standard","meta":{"ocean_post_layout":"","ocean_both_sidebars_style":"","ocean_both_sidebars_content_width":0,"ocean_both_sidebars_sidebars_width":0,"ocean_sidebar":"","ocean_second_sidebar":"","ocean_disable_margins":"enable","ocean_add_body_class":"","ocean_shortcode_before_top_bar":"","ocean_shortcode_after_top_bar":"","ocean_shortcode_before_header":"","ocean_shortcode_after_header":"","ocean_has_shortcode":"","ocean_shortcode_after_title":"","ocean_shortcode_before_footer_widgets":"","ocean_shortcode_after_footer_widgets":"","ocean_shortcode_before_footer_bottom":"","ocean_shortcode_after_footer_bottom":"","ocean_display_top_bar":"default","ocean_display_header":"default","ocean_header_style":"","ocean_center_header_left_menu":"","ocean_custom_header_template":"","ocean_custom_logo":0,"ocean_custom_retina_logo":0,"ocean_custom_logo_max_width":0,"ocean_custom_logo_tablet_max_width":0,"ocean_custom_logo_mobile_max_width":0,"ocean_custom_logo_max_height":0,"ocean_custom_logo_tablet_max_height":0,"ocean_custom_logo_mobile_max_height":0,"ocean_header_custom_menu":"","ocean_menu_typo_font_family":"","ocean_menu_typo_font_subset":"","ocean_menu_typo_font_size":0,"ocean_menu_typo_font_size_tablet":0,"ocean_menu_typo_font_size_mobile":0,"ocean_menu_typo_font_size_unit":"px","ocean_menu_typo_font_weight":"","ocean_menu_typo_font_weight_tablet":"","ocean_menu_typo_font_weight_mobile":"","ocean_menu_typo_transform":"","ocean_menu_typo_transform_tablet":"","ocean_menu_typo_transform_mobile":"","ocean_menu_typo_line_height":0,"ocean_menu_typo_line_height_tablet":0,"ocean_menu_typo_line_height_mobile":0,"ocean_menu_typo_line_height_unit":"","ocean_menu_typo_spacing":0,"ocean_menu_typo_spacing_tablet":0,"ocean_menu_typo_spacing_mobile":0,"ocean_menu_typo_spacing_unit":"","ocean_menu_link_color":"","ocean_menu_link_color_hover":"","ocean_menu_link_color_active":"","ocean_menu_link_background":"","ocean_menu_link_hover_background":"","ocean_menu_link_active_background":"","ocean_menu_social_links_bg":"","ocean_menu_social_hover_links_bg":"","ocean_menu_social_links_color":"","ocean_menu_social_hover_links_color":"","ocean_disable_title":"default","ocean_disable_heading":"default","ocean_post_title":"","ocean_post_subheading":"","ocean_post_title_style":"","ocean_post_title_background_color":"","ocean_post_title_background":0,"ocean_post_title_bg_image_position":"","ocean_post_title_bg_image_attachment":"","ocean_post_title_bg_image_repeat":"","ocean_post_title_bg_image_size":"","ocean_post_title_height":0,"ocean_post_title_bg_overlay":0.5,"ocean_post_title_bg_overlay_color":"","ocean_disable_breadcrumbs":"default","ocean_breadcrumbs_color":"","ocean_breadcrumbs_separator_color":"","ocean_breadcrumbs_links_color":"","ocean_breadcrumbs_links_hover_color":"","ocean_display_footer_widgets":"default","ocean_display_footer_bottom":"default","ocean_custom_footer_template":"","ocean_post_oembed":"","ocean_post_self_hosted_media":"","ocean_post_video_embed":"","ocean_link_format":"","ocean_link_format_target":"self","ocean_quote_format":"","ocean_quote_format_link":"post","ocean_gallery_link_images":"on","ocean_gallery_id":[]},"categories":[9],"tags":[],"acf":[],"_links":{"self":[{"href":"https:\/\/www.simepe.com.br\/novo\/wp-json\/wp\/v2\/posts\/37225"}],"collection":[{"href":"https:\/\/www.simepe.com.br\/novo\/wp-json\/wp\/v2\/posts"}],"about":[{"href":"https:\/\/www.simepe.com.br\/novo\/wp-json\/wp\/v2\/types\/post"}],"author":[{"embeddable":true,"href":"https:\/\/www.simepe.com.br\/novo\/wp-json\/wp\/v2\/users\/1"}],"replies":[{"embeddable":true,"href":"https:\/\/www.simepe.com.br\/novo\/wp-json\/wp\/v2\/comments?post=37225"}],"version-history":[{"count":1,"href":"https:\/\/www.simepe.com.br\/novo\/wp-json\/wp\/v2\/posts\/37225\/revisions"}],"predecessor-version":[{"id":37226,"href":"https:\/\/www.simepe.com.br\/novo\/wp-json\/wp\/v2\/posts\/37225\/revisions\/37226"}],"wp:attachment":[{"href":"https:\/\/www.simepe.com.br\/novo\/wp-json\/wp\/v2\/media?parent=37225"}],"wp:term":[{"taxonomy":"category","embeddable":true,"href":"https:\/\/www.simepe.com.br\/novo\/wp-json\/wp\/v2\/categories?post=37225"},{"taxonomy":"post_tag","embeddable":true,"href":"https:\/\/www.simepe.com.br\/novo\/wp-json\/wp\/v2\/tags?post=37225"}],"curies":[{"name":"wp","href":"https:\/\/api.w.org\/{rel}","templated":true}]}}