{"id":37247,"date":"2017-03-06T07:57:24","date_gmt":"2017-03-06T10:57:24","guid":{"rendered":"http:\/\/www.simepe.com.br\/novo\/?p=37247"},"modified":"2017-03-06T07:57:24","modified_gmt":"2017-03-06T10:57:24","slug":"fernando-monteiro-anuncia-recursos-para-a-saude-no-aniversario-de-ipubi","status":"publish","type":"post","link":"https:\/\/www.simepe.com.br\/novo\/fernando-monteiro-anuncia-recursos-para-a-saude-no-aniversario-de-ipubi\/","title":{"rendered":"Fernando Monteiro anuncia recursos para a sa\u00fade no anivers\u00e1rio de Ipubi"},"content":{"rendered":"<p style=\"text-align: justify;\">Ao lado do prefeito de Ipubi, Chico Siqueira (PSB), o deputado federal Fernando Monteiro (PP) anunciou, na noite dessa quinta-feira (2), recursos para a sa\u00fade do munic\u00edpio do Sert\u00e3o do Araripe que, na data, completou 55 anos. Monteiro destinou emendas para a reforma e custeio de unidades de sa\u00fade para a cidade.<\/p>\n<p>&#8220;Esses recursos v\u00e3o ajudar o prefeito Chico Siqueira a melhorar ainda mais a vida desse povo. Este ano \u00e9 o ano da sa\u00fade em Ipubi. A uni\u00e3o dos governos municipal, estadual e federal tem que continuar. Hoje \u00e9 um dia de festa, Chico, voc\u00ea faz entregas com apenas 60 dias de governo. Isso \u00e9 s\u00f3 o come\u00e7o, tenho certeza que voc\u00ea vai fazer muito mais&#8221;, destacou o parlamentar.<\/p>\n<p>Em 2016, o parlamentar j\u00e1 havia enviado, por meio de emendas, recursos para o cal\u00e7amento de ruas em Ipubi. O deputado tamb\u00e9m foi um dos articuladores da constru\u00e7\u00e3o da PE-590, que d\u00e1 acesso ao munic\u00edpio.<\/p>\n<p>O deputado tamb\u00e9m participou da entrega de uma ambul\u00e2ncia e tr\u00eas carros para o transporte de doentes do munic\u00edpio, al\u00e9m da inaugura\u00e7\u00e3o de uma sala de estabiliza\u00e7\u00e3o da urg\u00eancia e emerg\u00eancia no Hospital Marcelino da Silva Mudo. A sala foi batizada com o nome do ex-vereador Z\u00e9 Bolinha, que faleceu em janeiro deste ano. O deputado estadual Lucas Ramos (PSB) tamb\u00e9m acompanhou a agenda.<\/p>\n<p style=\"text-align: justify;\">\n<p style=\"text-align: justify;\">Fonte: Folha de Pernambuco<\/p>\n","protected":false},"excerpt":{"rendered":"<p>Ao lado do prefeito de Ipubi, Chico Siqueira (PSB), o deputado federal Fernando Monteiro (PP) anunciou, na noite dessa quinta-feira (2), recursos para a sa\u00fade do munic\u00edpio do Sert\u00e3o do Araripe que, na data, completou 55 anos. Monteiro destinou emendas para a reforma e custeio de unidades de sa\u00fade para a cidade. &#8220;Esses recursos v\u00e3o [&hellip;]<\/p>\n","protected":false},"author":1,"featured_media":0,"comment_status":"open","ping_status":"open","sticky":false,"template":"","format":"standard","meta":{"ocean_post_layout":"","ocean_both_sidebars_style":"","ocean_both_sidebars_content_width":0,"ocean_both_sidebars_sidebars_width":0,"ocean_sidebar":"","ocean_second_sidebar":"","ocean_disable_margins":"enable","ocean_add_body_class":"","ocean_shortcode_before_top_bar":"","ocean_shortcode_after_top_bar":"","ocean_shortcode_before_header":"","ocean_shortcode_after_header":"","ocean_has_shortcode":"","ocean_shortcode_after_title":"","ocean_shortcode_before_footer_widgets":"","ocean_shortcode_after_footer_widgets":"","ocean_shortcode_before_footer_bottom":"","ocean_shortcode_after_footer_bottom":"","ocean_display_top_bar":"default","ocean_display_header":"default","ocean_header_style":"","ocean_center_header_left_menu":"","ocean_custom_header_template":"","ocean_custom_logo":0,"ocean_custom_retina_logo":0,"ocean_custom_logo_max_width":0,"ocean_custom_logo_tablet_max_width":0,"ocean_custom_logo_mobile_max_width":0,"ocean_custom_logo_max_height":0,"ocean_custom_logo_tablet_max_height":0,"ocean_custom_logo_mobile_max_height":0,"ocean_header_custom_menu":"","ocean_menu_typo_font_family":"","ocean_menu_typo_font_subset":"","ocean_menu_typo_font_size":0,"ocean_menu_typo_font_size_tablet":0,"ocean_menu_typo_font_size_mobile":0,"ocean_menu_typo_font_size_unit":"px","ocean_menu_typo_font_weight":"","ocean_menu_typo_font_weight_tablet":"","ocean_menu_typo_font_weight_mobile":"","ocean_menu_typo_transform":"","ocean_menu_typo_transform_tablet":"","ocean_menu_typo_transform_mobile":"","ocean_menu_typo_line_height":0,"ocean_menu_typo_line_height_tablet":0,"ocean_menu_typo_line_height_mobile":0,"ocean_menu_typo_line_height_unit":"","ocean_menu_typo_spacing":0,"ocean_menu_typo_spacing_tablet":0,"ocean_menu_typo_spacing_mobile":0,"ocean_menu_typo_spacing_unit":"","ocean_menu_link_color":"","ocean_menu_link_color_hover":"","ocean_menu_link_color_active":"","ocean_menu_link_background":"","ocean_menu_link_hover_background":"","ocean_menu_link_active_background":"","ocean_menu_social_links_bg":"","ocean_menu_social_hover_links_bg":"","ocean_menu_social_links_color":"","ocean_menu_social_hover_links_color":"","ocean_disable_title":"default","ocean_disable_heading":"default","ocean_post_title":"","ocean_post_subheading":"","ocean_post_title_style":"","ocean_post_title_background_color":"","ocean_post_title_background":0,"ocean_post_title_bg_image_position":"","ocean_post_title_bg_image_attachment":"","ocean_post_title_bg_image_repeat":"","ocean_post_title_bg_image_size":"","ocean_post_title_height":0,"ocean_post_title_bg_overlay":0.5,"ocean_post_title_bg_overlay_color":"","ocean_disable_breadcrumbs":"default","ocean_breadcrumbs_color":"","ocean_breadcrumbs_separator_color":"","ocean_breadcrumbs_links_color":"","ocean_breadcrumbs_links_hover_color":"","ocean_display_footer_widgets":"default","ocean_display_footer_bottom":"default","ocean_custom_footer_template":"","ocean_post_oembed":"","ocean_post_self_hosted_media":"","ocean_post_video_embed":"","ocean_link_format":"","ocean_link_format_target":"self","ocean_quote_format":"","ocean_quote_format_link":"post","ocean_gallery_link_images":"on","ocean_gallery_id":[]},"categories":[9],"tags":[],"acf":[],"_links":{"self":[{"href":"https:\/\/www.simepe.com.br\/novo\/wp-json\/wp\/v2\/posts\/37247"}],"collection":[{"href":"https:\/\/www.simepe.com.br\/novo\/wp-json\/wp\/v2\/posts"}],"about":[{"href":"https:\/\/www.simepe.com.br\/novo\/wp-json\/wp\/v2\/types\/post"}],"author":[{"embeddable":true,"href":"https:\/\/www.simepe.com.br\/novo\/wp-json\/wp\/v2\/users\/1"}],"replies":[{"embeddable":true,"href":"https:\/\/www.simepe.com.br\/novo\/wp-json\/wp\/v2\/comments?post=37247"}],"version-history":[{"count":1,"href":"https:\/\/www.simepe.com.br\/novo\/wp-json\/wp\/v2\/posts\/37247\/revisions"}],"predecessor-version":[{"id":37248,"href":"https:\/\/www.simepe.com.br\/novo\/wp-json\/wp\/v2\/posts\/37247\/revisions\/37248"}],"wp:attachment":[{"href":"https:\/\/www.simepe.com.br\/novo\/wp-json\/wp\/v2\/media?parent=37247"}],"wp:term":[{"taxonomy":"category","embeddable":true,"href":"https:\/\/www.simepe.com.br\/novo\/wp-json\/wp\/v2\/categories?post=37247"},{"taxonomy":"post_tag","embeddable":true,"href":"https:\/\/www.simepe.com.br\/novo\/wp-json\/wp\/v2\/tags?post=37247"}],"curies":[{"name":"wp","href":"https:\/\/api.w.org\/{rel}","templated":true}]}}