{"id":37261,"date":"2017-03-06T08:38:51","date_gmt":"2017-03-06T11:38:51","guid":{"rendered":"http:\/\/www.simepe.com.br\/novo\/?p=37261"},"modified":"2017-03-06T08:38:51","modified_gmt":"2017-03-06T11:38:51","slug":"doencas-oculares-aumentam-no-verao-confira-recomendacoes-de-oftalmologista","status":"publish","type":"post","link":"https:\/\/www.simepe.com.br\/novo\/doencas-oculares-aumentam-no-verao-confira-recomendacoes-de-oftalmologista\/","title":{"rendered":"Doen\u00e7as oculares aumentam no ver\u00e3o. Confira recomenda\u00e7\u00f5es de oftalmologista"},"content":{"rendered":"<p style=\"text-align: justify;\">Faltam quase 15 dias para o ver\u00e3o terminar no Brasil e, apesar de n\u00e3o sentirmos muita diferen\u00e7a com a chegada da primavera, os amantes da \u00e9poca mais quente do ano devem aproveitar o restinho da esta\u00e7\u00e3o como se n\u00e3o houvesse amanh\u00e3. Ainda vale refor\u00e7ar os cuidados que devemos ter nesse per\u00edodo, a exemplo dos\u00a0cuidados com a pele, com\u00a0os acidentes\u00a0e at\u00e9 com os\u00a0exerc\u00edcios f\u00edsicos. Outra aten\u00e7\u00e3o especial \u00e9 com os olhos. Voc\u00ea sabia que as doen\u00e7as oculares aumentam no ver\u00e3o?<\/p>\n<p style=\"text-align: justify;\">\u00a0\u201cNo ver\u00e3o, as pessoas se exp\u00f5em mais aos fatores que podem causar alergia. No calor, o olho \u00e9 exposto a mais agress\u00f5es, como praia, sol, vento, mais contato com outras pessoas, e tudo isso favorece tanto a irrita\u00e7\u00e3o ocular como a dissemina\u00e7\u00e3o de doen\u00e7as\u201d, alerta a oftalmologista Bruna Ventura, do Hospital de Olhos de Pernambuco (Hope).<\/p>\n<p style=\"text-align: justify;\">Esse grupo de infec\u00e7\u00f5es oculares \u2013 desde as alergias at\u00e9 os quadros cl\u00ednicos causados por v\u00edrus ou bact\u00e9rias \u2013 \u00e9 denominado de s\u00edndrome do olho vermelho. Entre os sintomas mais comuns est\u00e3o lacrimejamento, coceira, sensa\u00e7\u00e3o de corpo estranho (cisco), queima\u00e7\u00e3o, fotofobia e olhos avermelhados. \u201cAl\u00e9m das alergias, \u00e9 muito comum nesta \u00e9poca as conjuntivites. Com a volta das aulas das crian\u00e7as, observamos tamb\u00e9m o aumento das doen\u00e7as virais, como a conjuntivite viral\u201d, explica a m\u00e9dica. Vale ficar atento tamb\u00e9m \u00e0s\u00a0conjuntivites al\u00e9rgicas\u00a0e \u00e0s conjuntivites qu\u00edmicas.<\/p>\n<p style=\"text-align: justify;\">Mesmo com a exposi\u00e7\u00e3o praticamente inevit\u00e1vel nesse per\u00edodo, adotar alguns h\u00e1bitos pode evitar as\u00a0doen\u00e7as oculares. \u201cAlgumas recomenda\u00e7\u00f5es s\u00e3o muito importantes nessa esta\u00e7\u00e3o. Quem costuma tomar muito banho de piscina, o ideal \u00e9 evitar piscinas com cloro ou, pelo menos, n\u00e3o mergulhar com os olhos abertos. Outra dica \u00e9 evitar longos per\u00edodos dentro da piscina. Para quem usa lente de contato, a orienta\u00e7\u00e3o \u00e9 n\u00e3o usa-las na piscina e no mar\u201d, ressalta.<\/p>\n<p style=\"text-align: justify;\">Outro alerta da especialista \u00e9 em rela\u00e7\u00e3o \u00e0 automedica\u00e7\u00e3o.\u00a0Aqui no blog j\u00e1 chamamos aten\u00e7\u00e3o para o perigo desse h\u00e1bito. Com a sa\u00fade dos olhos n\u00e3o \u00e9 diferente. \u201cA automedica\u00e7\u00e3o \u00e9 uma pr\u00e1tica extremamente perigosa. \u00c0s vezes as pessoas pensam que col\u00edrio n\u00e3o \u00e9 rem\u00e9dio. Mas assim como outros produtos usados no tratamento de doen\u00e7as oculares, tamb\u00e9m \u00e9 um medicamento. Ao notar os primeiros sintomas, o paciente deve consultar o m\u00e9dico especialista. Cada doen\u00e7a deve ser tratada de uma forma espec\u00edfica, seja com col\u00edrio, lubrificante ou antibi\u00f3ticos\u201d, finaliza a oftalmologista, especialista em cirurgia de catarata em crian\u00e7as e adultos.<\/p>\n<p style=\"text-align: justify;\">\n<p style=\"text-align: justify;\">Fonte: Jornal do Commercio<\/p>\n","protected":false},"excerpt":{"rendered":"<p>Faltam quase 15 dias para o ver\u00e3o terminar no Brasil e, apesar de n\u00e3o sentirmos muita diferen\u00e7a com a chegada da primavera, os amantes da \u00e9poca mais quente do ano devem aproveitar o restinho da esta\u00e7\u00e3o como se n\u00e3o houvesse amanh\u00e3. Ainda vale refor\u00e7ar os cuidados que devemos ter nesse per\u00edodo, a exemplo dos\u00a0cuidados com [&hellip;]<\/p>\n","protected":false},"author":1,"featured_media":0,"comment_status":"open","ping_status":"open","sticky":false,"template":"","format":"standard","meta":{"ocean_post_layout":"","ocean_both_sidebars_style":"","ocean_both_sidebars_content_width":0,"ocean_both_sidebars_sidebars_width":0,"ocean_sidebar":"","ocean_second_sidebar":"","ocean_disable_margins":"enable","ocean_add_body_class":"","ocean_shortcode_before_top_bar":"","ocean_shortcode_after_top_bar":"","ocean_shortcode_before_header":"","ocean_shortcode_after_header":"","ocean_has_shortcode":"","ocean_shortcode_after_title":"","ocean_shortcode_before_footer_widgets":"","ocean_shortcode_after_footer_widgets":"","ocean_shortcode_before_footer_bottom":"","ocean_shortcode_after_footer_bottom":"","ocean_display_top_bar":"default","ocean_display_header":"default","ocean_header_style":"","ocean_center_header_left_menu":"","ocean_custom_header_template":"","ocean_custom_logo":0,"ocean_custom_retina_logo":0,"ocean_custom_logo_max_width":0,"ocean_custom_logo_tablet_max_width":0,"ocean_custom_logo_mobile_max_width":0,"ocean_custom_logo_max_height":0,"ocean_custom_logo_tablet_max_height":0,"ocean_custom_logo_mobile_max_height":0,"ocean_header_custom_menu":"","ocean_menu_typo_font_family":"","ocean_menu_typo_font_subset":"","ocean_menu_typo_font_size":0,"ocean_menu_typo_font_size_tablet":0,"ocean_menu_typo_font_size_mobile":0,"ocean_menu_typo_font_size_unit":"px","ocean_menu_typo_font_weight":"","ocean_menu_typo_font_weight_tablet":"","ocean_menu_typo_font_weight_mobile":"","ocean_menu_typo_transform":"","ocean_menu_typo_transform_tablet":"","ocean_menu_typo_transform_mobile":"","ocean_menu_typo_line_height":0,"ocean_menu_typo_line_height_tablet":0,"ocean_menu_typo_line_height_mobile":0,"ocean_menu_typo_line_height_unit":"","ocean_menu_typo_spacing":0,"ocean_menu_typo_spacing_tablet":0,"ocean_menu_typo_spacing_mobile":0,"ocean_menu_typo_spacing_unit":"","ocean_menu_link_color":"","ocean_menu_link_color_hover":"","ocean_menu_link_color_active":"","ocean_menu_link_background":"","ocean_menu_link_hover_background":"","ocean_menu_link_active_background":"","ocean_menu_social_links_bg":"","ocean_menu_social_hover_links_bg":"","ocean_menu_social_links_color":"","ocean_menu_social_hover_links_color":"","ocean_disable_title":"default","ocean_disable_heading":"default","ocean_post_title":"","ocean_post_subheading":"","ocean_post_title_style":"","ocean_post_title_background_color":"","ocean_post_title_background":0,"ocean_post_title_bg_image_position":"","ocean_post_title_bg_image_attachment":"","ocean_post_title_bg_image_repeat":"","ocean_post_title_bg_image_size":"","ocean_post_title_height":0,"ocean_post_title_bg_overlay":0.5,"ocean_post_title_bg_overlay_color":"","ocean_disable_breadcrumbs":"default","ocean_breadcrumbs_color":"","ocean_breadcrumbs_separator_color":"","ocean_breadcrumbs_links_color":"","ocean_breadcrumbs_links_hover_color":"","ocean_display_footer_widgets":"default","ocean_display_footer_bottom":"default","ocean_custom_footer_template":"","ocean_post_oembed":"","ocean_post_self_hosted_media":"","ocean_post_video_embed":"","ocean_link_format":"","ocean_link_format_target":"self","ocean_quote_format":"","ocean_quote_format_link":"post","ocean_gallery_link_images":"on","ocean_gallery_id":[]},"categories":[9],"tags":[],"acf":[],"_links":{"self":[{"href":"https:\/\/www.simepe.com.br\/novo\/wp-json\/wp\/v2\/posts\/37261"}],"collection":[{"href":"https:\/\/www.simepe.com.br\/novo\/wp-json\/wp\/v2\/posts"}],"about":[{"href":"https:\/\/www.simepe.com.br\/novo\/wp-json\/wp\/v2\/types\/post"}],"author":[{"embeddable":true,"href":"https:\/\/www.simepe.com.br\/novo\/wp-json\/wp\/v2\/users\/1"}],"replies":[{"embeddable":true,"href":"https:\/\/www.simepe.com.br\/novo\/wp-json\/wp\/v2\/comments?post=37261"}],"version-history":[{"count":1,"href":"https:\/\/www.simepe.com.br\/novo\/wp-json\/wp\/v2\/posts\/37261\/revisions"}],"predecessor-version":[{"id":37262,"href":"https:\/\/www.simepe.com.br\/novo\/wp-json\/wp\/v2\/posts\/37261\/revisions\/37262"}],"wp:attachment":[{"href":"https:\/\/www.simepe.com.br\/novo\/wp-json\/wp\/v2\/media?parent=37261"}],"wp:term":[{"taxonomy":"category","embeddable":true,"href":"https:\/\/www.simepe.com.br\/novo\/wp-json\/wp\/v2\/categories?post=37261"},{"taxonomy":"post_tag","embeddable":true,"href":"https:\/\/www.simepe.com.br\/novo\/wp-json\/wp\/v2\/tags?post=37261"}],"curies":[{"name":"wp","href":"https:\/\/api.w.org\/{rel}","templated":true}]}}