{"id":37317,"date":"2017-03-08T08:41:28","date_gmt":"2017-03-08T11:41:28","guid":{"rendered":"http:\/\/www.simepe.com.br\/novo\/?p=37317"},"modified":"2017-03-08T08:41:28","modified_gmt":"2017-03-08T11:41:28","slug":"simposio-discute-os-desafios-de-educar-criancas-com-microcefalia","status":"publish","type":"post","link":"https:\/\/www.simepe.com.br\/novo\/simposio-discute-os-desafios-de-educar-criancas-com-microcefalia\/","title":{"rendered":"Simp\u00f3sio discute os desafios de educar crian\u00e7as com microcefalia"},"content":{"rendered":"<p style=\"text-align: justify;\">O desafio de educar a crian\u00e7a com microcefalia ser\u00e1 a principal discuss\u00e3o do 1\u00ba Simp\u00f3sio de Educa\u00e7\u00e3o Inclusiva, promovido pelo Instituto Superior de Economia e Administra\u00e7\u00e3o (Isead),\u00a0 atrav\u00e9s da Universidade UVA em Pernambuco. O evento acontece no dia 18 de mar\u00e7o, no audit\u00f3rio do IMIP, das 8h \u00e0s 12h. \u00c9 aberto ao p\u00fablico em geral, mas tem como alvo principal professores, psic\u00f3logos, psicopedagogos, pais, estudantes de pedagogia, psicologia e profissionais de \u00e1reas afins.<\/p>\n<p style=\"text-align: justify;\">A Microcefalia na Educa\u00e7\u00e3o \u00e9 a palestra que ser\u00e1 ministrada pela professora, psic\u00f3loga e consultora em psicologia educacional Maria de F\u00e1tima Cristina Casanova.\u00a0 Especialista em avalia\u00e7\u00e3o psicol\u00f3gica, Casanova lembra que, como em 90% dos casos a microcefalia est\u00e1 associada a um atraso no desenvolvimento neurol\u00f3gico, ps\u00edquico ou motor das crian\u00e7as, a introdu\u00e7\u00e3o no processo educativo acontece de forma mais lenta.<\/p>\n<p>&#8220;Por isso, exige muito mais esfor\u00e7o n\u00e3o s\u00f3 de professores, mas de todos os profissionais envolvidos na educa\u00e7\u00e3o dessas crian\u00e7as. \u00c9 um grande desafio que todos ter\u00e3o pela frente. Em dois ou quatro anos, quando esses beb\u00eas estar\u00e3o na idade escolar, precisar\u00e3o encontrar escolas preparadas para receb\u00ea-los. Seja com professores aptos \u00e0 educa\u00e7\u00e3o inclusiva ou com infraestrutura adequada para as necessidades deles, que s\u00e3o e ser\u00e3o muitas&#8221;, alerta.<\/p>\n<p style=\"text-align: justify;\">\nVale lembrar que as crian\u00e7as com microcefalia apresentam d\u00e9ficits cognitivo, auditivo e motores, problemas visuais, atraso no desenvolvimento e at\u00e9 epilepsia. &#8220;As escolas privadas t\u00eam mais condi\u00e7\u00f5es de se prepararem para esse desafio, mas as escolas p\u00fablicas enfrentar\u00e3o grandes obst\u00e1culos, principalmente financeiros. E a maioria desses beb\u00eas com microcefalia estar\u00e1 exatamente na rede p\u00fablica de ensino. Por isso temos que come\u00e7ar a pensar em estrat\u00e9gias imediatamente&#8221;, ensina a psic\u00f3loga.<\/p>\n<p style=\"text-align: justify;\">SURGIMENTO<\/p>\n<p style=\"text-align: justify;\">Em novembro de 2015, o Brasil declarou estado de emerg\u00eancia em sa\u00fade p\u00fablica ap\u00f3s o diagn\u00f3stico de 141 casos de microcefalia em Pernambuco em menos de um ano. Esses n\u00fameros s\u00e3o 10 vezes maiores do que os registrados no ano anterior.<\/p>\n<p>O Minist\u00e9rio da Sa\u00fade, ap\u00f3s diversas an\u00e1lises, constatou que existe rela\u00e7\u00e3o direta entre a zika e o desenvolvimento da microcefalia. Essa teoria foi levantada porque algumas das m\u00e3e relataram o surgimento de manchas no corpo, coceira e febre durante a gesta\u00e7\u00e3o, sintomas que sugeriam a infec\u00e7\u00e3o pelo v\u00edrus zika.<\/p>\n<p>Ap\u00f3s a descoberta, recomendou-se que mulheres gr\u00e1vidas tenham cuidado redobrado e protejam-se do mosquito Aedes aegypti, utilizando repelentes e roupas de manga longa e cal\u00e7a. A microcefalia \u00e9 uma anomalia em que se observa uma redu\u00e7\u00e3o do per\u00edmetro cef\u00e1lico, que fica bem abaixo da m\u00e9dia da popula\u00e7\u00e3o para determinada idade e sexo. Normalmente s\u00e3o enquadrados nesse diagn\u00f3stico rec\u00e9m-nascidos com per\u00edmetro da cabe\u00e7a inferior a 33 cent\u00edmetros.<\/p>\n<p>Outras duas palestras ser\u00e3o ministradas no 1\u00ba Simp\u00f3sio de Educa\u00e7\u00e3o Inclusiva. Entendendo o Autismo Infantil \u00e9 o tema que ser\u00e1 abordado pela professora de educa\u00e7\u00e3o inclusiva da UFRPE Ana Paula de Avelar. E a Educa\u00e7\u00e3o Inclusiva &#8211; Uma Perspectiva Integrada ser\u00e1 a palestra ministrada pela mestra e coordenadora de pr\u00e1ticas inclusivas do Col\u00e9gio Apoio, Maria Cristina Dantas Antonino.<\/p>\n<p>As inscri\u00e7\u00f5es podem ser feitas no\u00a0goo.gl\/i2YE5D<\/p>\n<p style=\"text-align: justify;\">\n<p style=\"text-align: justify;\">SERVI\u00c7O1\u00ba Simp\u00f3sio de Educa\u00e7\u00e3o Inclusiva da Universidade UVA<br \/>\nData: 18 de mar\u00e7o de 2017<br \/>\nLocal: Audit\u00f3rio do Imip, nos Coelhos, \u00e1rea central do Recife<br \/>\nInscri\u00e7\u00f5es: goo.gl\/i2YE5D<\/p>\n<p style=\"text-align: justify;\">\n<p style=\"text-align: justify;\">Fonte: Jornal do Commercio<\/p>\n","protected":false},"excerpt":{"rendered":"<p>O desafio de educar a crian\u00e7a com microcefalia ser\u00e1 a principal discuss\u00e3o do 1\u00ba Simp\u00f3sio de Educa\u00e7\u00e3o Inclusiva, promovido pelo Instituto Superior de Economia e Administra\u00e7\u00e3o (Isead),\u00a0 atrav\u00e9s da Universidade UVA em Pernambuco. O evento acontece no dia 18 de mar\u00e7o, no audit\u00f3rio do IMIP, das 8h \u00e0s 12h. \u00c9 aberto ao p\u00fablico em geral, [&hellip;]<\/p>\n","protected":false},"author":1,"featured_media":0,"comment_status":"open","ping_status":"open","sticky":false,"template":"","format":"standard","meta":{"ocean_post_layout":"","ocean_both_sidebars_style":"","ocean_both_sidebars_content_width":0,"ocean_both_sidebars_sidebars_width":0,"ocean_sidebar":"","ocean_second_sidebar":"","ocean_disable_margins":"enable","ocean_add_body_class":"","ocean_shortcode_before_top_bar":"","ocean_shortcode_after_top_bar":"","ocean_shortcode_before_header":"","ocean_shortcode_after_header":"","ocean_has_shortcode":"","ocean_shortcode_after_title":"","ocean_shortcode_before_footer_widgets":"","ocean_shortcode_after_footer_widgets":"","ocean_shortcode_before_footer_bottom":"","ocean_shortcode_after_footer_bottom":"","ocean_display_top_bar":"default","ocean_display_header":"default","ocean_header_style":"","ocean_center_header_left_menu":"","ocean_custom_header_template":"","ocean_custom_logo":0,"ocean_custom_retina_logo":0,"ocean_custom_logo_max_width":0,"ocean_custom_logo_tablet_max_width":0,"ocean_custom_logo_mobile_max_width":0,"ocean_custom_logo_max_height":0,"ocean_custom_logo_tablet_max_height":0,"ocean_custom_logo_mobile_max_height":0,"ocean_header_custom_menu":"","ocean_menu_typo_font_family":"","ocean_menu_typo_font_subset":"","ocean_menu_typo_font_size":0,"ocean_menu_typo_font_size_tablet":0,"ocean_menu_typo_font_size_mobile":0,"ocean_menu_typo_font_size_unit":"px","ocean_menu_typo_font_weight":"","ocean_menu_typo_font_weight_tablet":"","ocean_menu_typo_font_weight_mobile":"","ocean_menu_typo_transform":"","ocean_menu_typo_transform_tablet":"","ocean_menu_typo_transform_mobile":"","ocean_menu_typo_line_height":0,"ocean_menu_typo_line_height_tablet":0,"ocean_menu_typo_line_height_mobile":0,"ocean_menu_typo_line_height_unit":"","ocean_menu_typo_spacing":0,"ocean_menu_typo_spacing_tablet":0,"ocean_menu_typo_spacing_mobile":0,"ocean_menu_typo_spacing_unit":"","ocean_menu_link_color":"","ocean_menu_link_color_hover":"","ocean_menu_link_color_active":"","ocean_menu_link_background":"","ocean_menu_link_hover_background":"","ocean_menu_link_active_background":"","ocean_menu_social_links_bg":"","ocean_menu_social_hover_links_bg":"","ocean_menu_social_links_color":"","ocean_menu_social_hover_links_color":"","ocean_disable_title":"default","ocean_disable_heading":"default","ocean_post_title":"","ocean_post_subheading":"","ocean_post_title_style":"","ocean_post_title_background_color":"","ocean_post_title_background":0,"ocean_post_title_bg_image_position":"","ocean_post_title_bg_image_attachment":"","ocean_post_title_bg_image_repeat":"","ocean_post_title_bg_image_size":"","ocean_post_title_height":0,"ocean_post_title_bg_overlay":0.5,"ocean_post_title_bg_overlay_color":"","ocean_disable_breadcrumbs":"default","ocean_breadcrumbs_color":"","ocean_breadcrumbs_separator_color":"","ocean_breadcrumbs_links_color":"","ocean_breadcrumbs_links_hover_color":"","ocean_display_footer_widgets":"default","ocean_display_footer_bottom":"default","ocean_custom_footer_template":"","ocean_post_oembed":"","ocean_post_self_hosted_media":"","ocean_post_video_embed":"","ocean_link_format":"","ocean_link_format_target":"self","ocean_quote_format":"","ocean_quote_format_link":"post","ocean_gallery_link_images":"on","ocean_gallery_id":[]},"categories":[9],"tags":[],"acf":[],"_links":{"self":[{"href":"https:\/\/www.simepe.com.br\/novo\/wp-json\/wp\/v2\/posts\/37317"}],"collection":[{"href":"https:\/\/www.simepe.com.br\/novo\/wp-json\/wp\/v2\/posts"}],"about":[{"href":"https:\/\/www.simepe.com.br\/novo\/wp-json\/wp\/v2\/types\/post"}],"author":[{"embeddable":true,"href":"https:\/\/www.simepe.com.br\/novo\/wp-json\/wp\/v2\/users\/1"}],"replies":[{"embeddable":true,"href":"https:\/\/www.simepe.com.br\/novo\/wp-json\/wp\/v2\/comments?post=37317"}],"version-history":[{"count":1,"href":"https:\/\/www.simepe.com.br\/novo\/wp-json\/wp\/v2\/posts\/37317\/revisions"}],"predecessor-version":[{"id":37318,"href":"https:\/\/www.simepe.com.br\/novo\/wp-json\/wp\/v2\/posts\/37317\/revisions\/37318"}],"wp:attachment":[{"href":"https:\/\/www.simepe.com.br\/novo\/wp-json\/wp\/v2\/media?parent=37317"}],"wp:term":[{"taxonomy":"category","embeddable":true,"href":"https:\/\/www.simepe.com.br\/novo\/wp-json\/wp\/v2\/categories?post=37317"},{"taxonomy":"post_tag","embeddable":true,"href":"https:\/\/www.simepe.com.br\/novo\/wp-json\/wp\/v2\/tags?post=37317"}],"curies":[{"name":"wp","href":"https:\/\/api.w.org\/{rel}","templated":true}]}}