{"id":37329,"date":"2017-03-08T09:09:50","date_gmt":"2017-03-08T12:09:50","guid":{"rendered":"http:\/\/www.simepe.com.br\/novo\/?p=37329"},"modified":"2017-03-08T09:09:50","modified_gmt":"2017-03-08T12:09:50","slug":"febre-amarela-mata-101-em-mg","status":"publish","type":"post","link":"https:\/\/www.simepe.com.br\/novo\/febre-amarela-mata-101-em-mg\/","title":{"rendered":"Febre amarela mata 101 em MG"},"content":{"rendered":"<p style=\"text-align: justify;\">BELO HORIZONTE &#8211; Minas Gerais contabiliza 101 mortes por febre amarela este ano. Mais 83 est\u00e3o em an\u00e1lise. Os n\u00fameros s\u00e3o do novo boletim epidemiol\u00f3gico divulgado, ontem, pela Secretaria de Sa\u00fade de Minas Gerais (SES-MG). Ao todo, o estado registra 1.076 notifica\u00e7\u00f5es da doen\u00e7a, das quais 57 foram descartadas e 272 s\u00e3o casos confirmados. At\u00e9 o momento, 48 cidades mineiras t\u00eam confirma\u00e7\u00f5es de transmiss\u00e3o da doen\u00e7a e mais 89 analisam casos suspeitos.<\/p>\n<p style=\"text-align: justify;\">O atual surto \u00e9 considerado o maior no Brasil desde 1980, quando o Minist\u00e9rio da Sa\u00fade passou a disponibilizar dados da s\u00e9rie hist\u00f3rica. At\u00e9 ent\u00e3o, o ano com a situa\u00e7\u00e3o mais grave havia ocorrido em 2000, quando morreram 40 pessoas.<\/p>\n<p style=\"text-align: justify;\">J\u00e1 na Bahia, h\u00e1 nove casos suspeitos de febre amarela em humanos. Segundo boletim divulgado ontem, foram 16 casos suspeitos, este ano, at\u00e9 o dia 1\u00ba de mar\u00e7o. Sete foram descartados ap\u00f3s exames laboratoriais. Os casos que continuam em an\u00e1lise s\u00e3o procedentes das cidades de Iti\u00faba, Itamaraju, Nova Vi\u00e7osa, Teixeira de Freitas, Ilh\u00e9us, Feira de Santana, al\u00e9m de dois moradores do estado de Alagoas, que passaram por v\u00e1rias cidades da Bahia.<\/p>\n<p style=\"text-align: justify;\">A febre amarela \u00e9 transmitida, em \u00e1rea urbana, pelo mosquito Aedes aegypti, o mesmo da dengue, zika e chicugunha. A principal medida de combate \u00e0 doen\u00e7a \u00e9 a vacina\u00e7\u00e3o da popula\u00e7\u00e3o.<\/p>\n<p style=\"text-align: justify;\">\n<p style=\"text-align: justify;\">Fonte: Jornal do Commercio<\/p>\n","protected":false},"excerpt":{"rendered":"<p>BELO HORIZONTE &#8211; Minas Gerais contabiliza 101 mortes por febre amarela este ano. Mais 83 est\u00e3o em an\u00e1lise. Os n\u00fameros s\u00e3o do novo boletim epidemiol\u00f3gico divulgado, ontem, pela Secretaria de Sa\u00fade de Minas Gerais (SES-MG). Ao todo, o estado registra 1.076 notifica\u00e7\u00f5es da doen\u00e7a, das quais 57 foram descartadas e 272 s\u00e3o casos confirmados. At\u00e9 [&hellip;]<\/p>\n","protected":false},"author":1,"featured_media":0,"comment_status":"open","ping_status":"open","sticky":false,"template":"","format":"standard","meta":{"ocean_post_layout":"","ocean_both_sidebars_style":"","ocean_both_sidebars_content_width":0,"ocean_both_sidebars_sidebars_width":0,"ocean_sidebar":"","ocean_second_sidebar":"","ocean_disable_margins":"enable","ocean_add_body_class":"","ocean_shortcode_before_top_bar":"","ocean_shortcode_after_top_bar":"","ocean_shortcode_before_header":"","ocean_shortcode_after_header":"","ocean_has_shortcode":"","ocean_shortcode_after_title":"","ocean_shortcode_before_footer_widgets":"","ocean_shortcode_after_footer_widgets":"","ocean_shortcode_before_footer_bottom":"","ocean_shortcode_after_footer_bottom":"","ocean_display_top_bar":"default","ocean_display_header":"default","ocean_header_style":"","ocean_center_header_left_menu":"","ocean_custom_header_template":"","ocean_custom_logo":0,"ocean_custom_retina_logo":0,"ocean_custom_logo_max_width":0,"ocean_custom_logo_tablet_max_width":0,"ocean_custom_logo_mobile_max_width":0,"ocean_custom_logo_max_height":0,"ocean_custom_logo_tablet_max_height":0,"ocean_custom_logo_mobile_max_height":0,"ocean_header_custom_menu":"","ocean_menu_typo_font_family":"","ocean_menu_typo_font_subset":"","ocean_menu_typo_font_size":0,"ocean_menu_typo_font_size_tablet":0,"ocean_menu_typo_font_size_mobile":0,"ocean_menu_typo_font_size_unit":"px","ocean_menu_typo_font_weight":"","ocean_menu_typo_font_weight_tablet":"","ocean_menu_typo_font_weight_mobile":"","ocean_menu_typo_transform":"","ocean_menu_typo_transform_tablet":"","ocean_menu_typo_transform_mobile":"","ocean_menu_typo_line_height":0,"ocean_menu_typo_line_height_tablet":0,"ocean_menu_typo_line_height_mobile":0,"ocean_menu_typo_line_height_unit":"","ocean_menu_typo_spacing":0,"ocean_menu_typo_spacing_tablet":0,"ocean_menu_typo_spacing_mobile":0,"ocean_menu_typo_spacing_unit":"","ocean_menu_link_color":"","ocean_menu_link_color_hover":"","ocean_menu_link_color_active":"","ocean_menu_link_background":"","ocean_menu_link_hover_background":"","ocean_menu_link_active_background":"","ocean_menu_social_links_bg":"","ocean_menu_social_hover_links_bg":"","ocean_menu_social_links_color":"","ocean_menu_social_hover_links_color":"","ocean_disable_title":"default","ocean_disable_heading":"default","ocean_post_title":"","ocean_post_subheading":"","ocean_post_title_style":"","ocean_post_title_background_color":"","ocean_post_title_background":0,"ocean_post_title_bg_image_position":"","ocean_post_title_bg_image_attachment":"","ocean_post_title_bg_image_repeat":"","ocean_post_title_bg_image_size":"","ocean_post_title_height":0,"ocean_post_title_bg_overlay":0.5,"ocean_post_title_bg_overlay_color":"","ocean_disable_breadcrumbs":"default","ocean_breadcrumbs_color":"","ocean_breadcrumbs_separator_color":"","ocean_breadcrumbs_links_color":"","ocean_breadcrumbs_links_hover_color":"","ocean_display_footer_widgets":"default","ocean_display_footer_bottom":"default","ocean_custom_footer_template":"","ocean_post_oembed":"","ocean_post_self_hosted_media":"","ocean_post_video_embed":"","ocean_link_format":"","ocean_link_format_target":"self","ocean_quote_format":"","ocean_quote_format_link":"post","ocean_gallery_link_images":"on","ocean_gallery_id":[]},"categories":[9],"tags":[],"acf":[],"_links":{"self":[{"href":"https:\/\/www.simepe.com.br\/novo\/wp-json\/wp\/v2\/posts\/37329"}],"collection":[{"href":"https:\/\/www.simepe.com.br\/novo\/wp-json\/wp\/v2\/posts"}],"about":[{"href":"https:\/\/www.simepe.com.br\/novo\/wp-json\/wp\/v2\/types\/post"}],"author":[{"embeddable":true,"href":"https:\/\/www.simepe.com.br\/novo\/wp-json\/wp\/v2\/users\/1"}],"replies":[{"embeddable":true,"href":"https:\/\/www.simepe.com.br\/novo\/wp-json\/wp\/v2\/comments?post=37329"}],"version-history":[{"count":1,"href":"https:\/\/www.simepe.com.br\/novo\/wp-json\/wp\/v2\/posts\/37329\/revisions"}],"predecessor-version":[{"id":37330,"href":"https:\/\/www.simepe.com.br\/novo\/wp-json\/wp\/v2\/posts\/37329\/revisions\/37330"}],"wp:attachment":[{"href":"https:\/\/www.simepe.com.br\/novo\/wp-json\/wp\/v2\/media?parent=37329"}],"wp:term":[{"taxonomy":"category","embeddable":true,"href":"https:\/\/www.simepe.com.br\/novo\/wp-json\/wp\/v2\/categories?post=37329"},{"taxonomy":"post_tag","embeddable":true,"href":"https:\/\/www.simepe.com.br\/novo\/wp-json\/wp\/v2\/tags?post=37329"}],"curies":[{"name":"wp","href":"https:\/\/api.w.org\/{rel}","templated":true}]}}