{"id":37362,"date":"2017-03-09T08:06:20","date_gmt":"2017-03-09T11:06:20","guid":{"rendered":"http:\/\/www.simepe.com.br\/novo\/?p=37362"},"modified":"2017-03-09T08:06:20","modified_gmt":"2017-03-09T11:06:20","slug":"plano-popular-chega-a-ans","status":"publish","type":"post","link":"https:\/\/www.simepe.com.br\/novo\/plano-popular-chega-a-ans\/","title":{"rendered":"Plano popular chega \u00e0 ANS"},"content":{"rendered":"<p style=\"text-align: justify;\">O Minist\u00e9rio da Sa\u00fade encaminhou \u00e0 Ag\u00eancia Nacional de Sa\u00fade Suplementar (ANS) as propostas do grupo de trabalho formado para criar um novo formato de plano de sa\u00fade, com cobertura mais restrita e pre\u00e7os mais baixos. As sugest\u00f5es permitem regras mais flex\u00edveis para aumento de mensalidades, restringem o acesso a procedimentos mais caros e ampliam o prazo para que operadores providenciem o atendimento a seus consumidores. A proposta fala de \u201cprinc\u00edpios norteadores\u201d e, em tese, limitam-se \u00e0 nova categoria a ser criada, batizada de \u201cplanos populares\u201d.<\/p>\n<p>Preparada por representantes de empresas de sa\u00fade, associa\u00e7\u00f5es m\u00e9dicas e de seguro, a proposta foi encaminhada pelo Minist\u00e9rio da Sa\u00fade \u00e0 Ag\u00eancia Nacional de Sa\u00fade Suplementar em meados de janeiro. Caber\u00e1 \u00e0 ANS a palavra final sobre as mudan\u00e7as.<\/p>\n<p>No documento de tr\u00eas p\u00e1ginas, o grupo de trabalho lista uma s\u00e9rie de princ\u00edpios gerais. Entre as regras previstas est\u00e1 a obrigatoriedade de uma segunda opini\u00e3o m\u00e9dica para que o usu\u00e1rio tenha acesso a procedimentos considerados de alta complexidade. O grupo diz que a medida pode evitar desperd\u00edcios.<\/p>\n<p>A mudan\u00e7a, por\u00e9m, vai aumentar o tempo de espera para que o usu\u00e1rio do plano de sa\u00fade tenha acesso ao procedimento. Principalmente se combinada com uma outra sugest\u00e3o do grupo, que afrouxa as regras dos prazos de atendimento. A sugest\u00e3o \u00e9 a de que consultas de especialidades que n\u00e3o sejam pediatria, cirurgia geral, cl\u00ednica m\u00e9dica, ginecologia e obstetr\u00edcia possam ser marcadas em at\u00e9 30 dias depois da procura do paciente. Atualmente, o prazo \u00e9 de 14 dias.<\/p>\n<p style=\"text-align: justify;\">\n<p style=\"text-align: justify;\">Fonte: Diario de Pernambuco<\/p>\n","protected":false},"excerpt":{"rendered":"<p>O Minist\u00e9rio da Sa\u00fade encaminhou \u00e0 Ag\u00eancia Nacional de Sa\u00fade Suplementar (ANS) as propostas do grupo de trabalho formado para criar um novo formato de plano de sa\u00fade, com cobertura mais restrita e pre\u00e7os mais baixos. As sugest\u00f5es permitem regras mais flex\u00edveis para aumento de mensalidades, restringem o acesso a procedimentos mais caros e ampliam [&hellip;]<\/p>\n","protected":false},"author":1,"featured_media":0,"comment_status":"open","ping_status":"open","sticky":false,"template":"","format":"standard","meta":{"ocean_post_layout":"","ocean_both_sidebars_style":"","ocean_both_sidebars_content_width":0,"ocean_both_sidebars_sidebars_width":0,"ocean_sidebar":"","ocean_second_sidebar":"","ocean_disable_margins":"enable","ocean_add_body_class":"","ocean_shortcode_before_top_bar":"","ocean_shortcode_after_top_bar":"","ocean_shortcode_before_header":"","ocean_shortcode_after_header":"","ocean_has_shortcode":"","ocean_shortcode_after_title":"","ocean_shortcode_before_footer_widgets":"","ocean_shortcode_after_footer_widgets":"","ocean_shortcode_before_footer_bottom":"","ocean_shortcode_after_footer_bottom":"","ocean_display_top_bar":"default","ocean_display_header":"default","ocean_header_style":"","ocean_center_header_left_menu":"","ocean_custom_header_template":"","ocean_custom_logo":0,"ocean_custom_retina_logo":0,"ocean_custom_logo_max_width":0,"ocean_custom_logo_tablet_max_width":0,"ocean_custom_logo_mobile_max_width":0,"ocean_custom_logo_max_height":0,"ocean_custom_logo_tablet_max_height":0,"ocean_custom_logo_mobile_max_height":0,"ocean_header_custom_menu":"","ocean_menu_typo_font_family":"","ocean_menu_typo_font_subset":"","ocean_menu_typo_font_size":0,"ocean_menu_typo_font_size_tablet":0,"ocean_menu_typo_font_size_mobile":0,"ocean_menu_typo_font_size_unit":"px","ocean_menu_typo_font_weight":"","ocean_menu_typo_font_weight_tablet":"","ocean_menu_typo_font_weight_mobile":"","ocean_menu_typo_transform":"","ocean_menu_typo_transform_tablet":"","ocean_menu_typo_transform_mobile":"","ocean_menu_typo_line_height":0,"ocean_menu_typo_line_height_tablet":0,"ocean_menu_typo_line_height_mobile":0,"ocean_menu_typo_line_height_unit":"","ocean_menu_typo_spacing":0,"ocean_menu_typo_spacing_tablet":0,"ocean_menu_typo_spacing_mobile":0,"ocean_menu_typo_spacing_unit":"","ocean_menu_link_color":"","ocean_menu_link_color_hover":"","ocean_menu_link_color_active":"","ocean_menu_link_background":"","ocean_menu_link_hover_background":"","ocean_menu_link_active_background":"","ocean_menu_social_links_bg":"","ocean_menu_social_hover_links_bg":"","ocean_menu_social_links_color":"","ocean_menu_social_hover_links_color":"","ocean_disable_title":"default","ocean_disable_heading":"default","ocean_post_title":"","ocean_post_subheading":"","ocean_post_title_style":"","ocean_post_title_background_color":"","ocean_post_title_background":0,"ocean_post_title_bg_image_position":"","ocean_post_title_bg_image_attachment":"","ocean_post_title_bg_image_repeat":"","ocean_post_title_bg_image_size":"","ocean_post_title_height":0,"ocean_post_title_bg_overlay":0.5,"ocean_post_title_bg_overlay_color":"","ocean_disable_breadcrumbs":"default","ocean_breadcrumbs_color":"","ocean_breadcrumbs_separator_color":"","ocean_breadcrumbs_links_color":"","ocean_breadcrumbs_links_hover_color":"","ocean_display_footer_widgets":"default","ocean_display_footer_bottom":"default","ocean_custom_footer_template":"","ocean_post_oembed":"","ocean_post_self_hosted_media":"","ocean_post_video_embed":"","ocean_link_format":"","ocean_link_format_target":"self","ocean_quote_format":"","ocean_quote_format_link":"post","ocean_gallery_link_images":"on","ocean_gallery_id":[]},"categories":[9],"tags":[],"acf":[],"_links":{"self":[{"href":"https:\/\/www.simepe.com.br\/novo\/wp-json\/wp\/v2\/posts\/37362"}],"collection":[{"href":"https:\/\/www.simepe.com.br\/novo\/wp-json\/wp\/v2\/posts"}],"about":[{"href":"https:\/\/www.simepe.com.br\/novo\/wp-json\/wp\/v2\/types\/post"}],"author":[{"embeddable":true,"href":"https:\/\/www.simepe.com.br\/novo\/wp-json\/wp\/v2\/users\/1"}],"replies":[{"embeddable":true,"href":"https:\/\/www.simepe.com.br\/novo\/wp-json\/wp\/v2\/comments?post=37362"}],"version-history":[{"count":1,"href":"https:\/\/www.simepe.com.br\/novo\/wp-json\/wp\/v2\/posts\/37362\/revisions"}],"predecessor-version":[{"id":37363,"href":"https:\/\/www.simepe.com.br\/novo\/wp-json\/wp\/v2\/posts\/37362\/revisions\/37363"}],"wp:attachment":[{"href":"https:\/\/www.simepe.com.br\/novo\/wp-json\/wp\/v2\/media?parent=37362"}],"wp:term":[{"taxonomy":"category","embeddable":true,"href":"https:\/\/www.simepe.com.br\/novo\/wp-json\/wp\/v2\/categories?post=37362"},{"taxonomy":"post_tag","embeddable":true,"href":"https:\/\/www.simepe.com.br\/novo\/wp-json\/wp\/v2\/tags?post=37362"}],"curies":[{"name":"wp","href":"https:\/\/api.w.org\/{rel}","templated":true}]}}