{"id":37376,"date":"2017-03-09T09:07:22","date_gmt":"2017-03-09T12:07:22","guid":{"rendered":"http:\/\/www.simepe.com.br\/novo\/?p=37376"},"modified":"2017-03-09T09:07:22","modified_gmt":"2017-03-09T12:07:22","slug":"maes-e-bebes-sao-recrutados-para-pesquisa-sobre-zika-em-pernambuco","status":"publish","type":"post","link":"https:\/\/www.simepe.com.br\/novo\/maes-e-bebes-sao-recrutados-para-pesquisa-sobre-zika-em-pernambuco\/","title":{"rendered":"M\u00e3es e beb\u00eas s\u00e3o recrutados para pesquisa sobre zika em Pernambuco"},"content":{"rendered":"<p style=\"text-align: justify;\">Passado mais de um ano do\u00a0nascimento dos primeiros beb\u00eas com microcefalia e outras doen\u00e7as cong\u00eanitas causadas pela zika, ainda h\u00e1\u00a0muitas perguntas a serem respondidas\u00a0para que se possa explicar a rela\u00e7\u00e3o entre o v\u00edrus e a s\u00edndrome cong\u00eanita que ele provoca e sobre futuro dessas crian\u00e7as. Na busca por esclarecimentos, o Grupo de Pesquisa da Epidemia da Microcefalia (Merg), formado por pesquisadores da Fiocruz Pernambuco, universidades Federal e estadual de Pernambuco e outras institui\u00e7\u00f5es, convocam m\u00e3es que tiveram manchas avermelhadas pelo corpo durante a gesta\u00e7\u00e3o e seus filhos, inclusive aqueles que nasceram aparentemente saud\u00e1veis, a participarem de um estudo.<\/p>\n<p style=\"text-align: justify;\">O objetivo da pesquisa \u00e9 identificar se essas crian\u00e7as desenvolveram tardiamente ou vir\u00e3o a desenvolver agravos relacionados \u00e0 s\u00edndrome cong\u00eanita do zika. Para isso, os beb\u00eas s\u00e3o submetidos a exames cl\u00ednicos para detec\u00e7\u00e3o de sintomas, como calcifica\u00e7\u00e3o no cr\u00e2nio,\u00a0problemas visuais\u00a0ou\u00a0auditivos.<\/p>\n<p style=\"text-align: justify;\">O primeiro contato com essas m\u00e3es \u00e9 feito por meio do n\u00famero de telefone fornecido por ela quando procurou uma unidade de sa\u00fade com manchas pelo corpo. Aceitando participar, elas s\u00e3o entrevistadas, em seus domic\u00edlios, dando informa\u00e7\u00f5es sobre hist\u00f3rico da gravidez, uso de medica\u00e7\u00e3o, de bebidas alco\u00f3licas e condi\u00e7\u00f5es socioecon\u00f4micas. Elas ter\u00e3o sangue coletado para confirmar se tiveram ou n\u00e3o zika.<\/p>\n<p style=\"text-align: justify;\">J\u00e1 as crian\u00e7as s\u00e3o encaminhadas para consulta com pediatra para fazer ultrassom e terem sangue coletado. Tudo com hora marcada. Tamb\u00e9m s\u00e3o agendadas consultas com neurologista, otorrino e oftalmologista. As crian\u00e7as que entrarem no estudo ser\u00e3o acompanhadas por quatro anos.<\/p>\n<p style=\"text-align: justify;\">De fevereiro de 2016 a fevereiro deste ano, cerca de 600 m\u00e3es\/gestantes foram contatadas para fazer parte da pesquisa. No entanto, apenas metade dos beb\u00eas nascidos dessas mulheres foram examinados pelas equipes multidisciplinares de sa\u00fade. A microcefalia \u00e9 o agravo mais grave entre beb\u00eas nascidos de m\u00e3es que tiveram zika na gesta\u00e7\u00e3o, mas n\u00e3o \u00e9 o \u00fanico problema de sa\u00fade apresentado por essas crian\u00e7as. H\u00e1 registros de casos de epilepsia, defici\u00eancias auditivas e visuais, al\u00e9m de atraso no desenvolvimento psicomotor, entre outras quest\u00f5es.<\/p>\n<p style=\"text-align: justify;\">\u201cH\u00e1 crian\u00e7as que nascem aparentemente normais, mas n\u00e3o se sabe se elas v\u00e3o apresentar algum problema no futuro. Trazer as crian\u00e7as para serem vistas por especialistas que est\u00e3o na pesquisa permitir\u00e1 uma interven\u00e7\u00e3o mais precoce, caso seja detectado algum sintoma antes n\u00e3o percebido. Al\u00e9m disso, gera conhecimento que ser\u00e1 importante para orienta\u00e7\u00e3o das futuras gr\u00e1vidas\u201d, destaca o coordenador da pesquisa, o professor da Universidade de Pernambuco (UPE) Ricardo Ximenes, que faz parte do Merg.<\/p>\n<p style=\"text-align: justify;\">O alvo da pesquisa tem sido as m\u00e3es notificadas pela Secretaria Estadual de Sa\u00fade, por\u00e9m mulheres que apresentaram manchas vermelhas na gesta\u00e7\u00e3o, mas n\u00e3o procuraram ajuda m\u00e9dica nesse per\u00edodo, e seus filhos tamb\u00e9m podem participar do estudo. Para isso, \u00e9 preciso entrar em contato com a equipe da pesquisa pelos n\u00fameros: 81 2123-7846 e 81 99750-0158.<\/p>\n<p style=\"text-align: justify;\">\n<p style=\"text-align: justify;\">Fonte: Jornal do Commercio<\/p>\n","protected":false},"excerpt":{"rendered":"<p>Passado mais de um ano do\u00a0nascimento dos primeiros beb\u00eas com microcefalia e outras doen\u00e7as cong\u00eanitas causadas pela zika, ainda h\u00e1\u00a0muitas perguntas a serem respondidas\u00a0para que se possa explicar a rela\u00e7\u00e3o entre o v\u00edrus e a s\u00edndrome cong\u00eanita que ele provoca e sobre futuro dessas crian\u00e7as. Na busca por esclarecimentos, o Grupo de Pesquisa da Epidemia [&hellip;]<\/p>\n","protected":false},"author":1,"featured_media":0,"comment_status":"open","ping_status":"open","sticky":false,"template":"","format":"standard","meta":{"ocean_post_layout":"","ocean_both_sidebars_style":"","ocean_both_sidebars_content_width":0,"ocean_both_sidebars_sidebars_width":0,"ocean_sidebar":"","ocean_second_sidebar":"","ocean_disable_margins":"enable","ocean_add_body_class":"","ocean_shortcode_before_top_bar":"","ocean_shortcode_after_top_bar":"","ocean_shortcode_before_header":"","ocean_shortcode_after_header":"","ocean_has_shortcode":"","ocean_shortcode_after_title":"","ocean_shortcode_before_footer_widgets":"","ocean_shortcode_after_footer_widgets":"","ocean_shortcode_before_footer_bottom":"","ocean_shortcode_after_footer_bottom":"","ocean_display_top_bar":"default","ocean_display_header":"default","ocean_header_style":"","ocean_center_header_left_menu":"","ocean_custom_header_template":"","ocean_custom_logo":0,"ocean_custom_retina_logo":0,"ocean_custom_logo_max_width":0,"ocean_custom_logo_tablet_max_width":0,"ocean_custom_logo_mobile_max_width":0,"ocean_custom_logo_max_height":0,"ocean_custom_logo_tablet_max_height":0,"ocean_custom_logo_mobile_max_height":0,"ocean_header_custom_menu":"","ocean_menu_typo_font_family":"","ocean_menu_typo_font_subset":"","ocean_menu_typo_font_size":0,"ocean_menu_typo_font_size_tablet":0,"ocean_menu_typo_font_size_mobile":0,"ocean_menu_typo_font_size_unit":"px","ocean_menu_typo_font_weight":"","ocean_menu_typo_font_weight_tablet":"","ocean_menu_typo_font_weight_mobile":"","ocean_menu_typo_transform":"","ocean_menu_typo_transform_tablet":"","ocean_menu_typo_transform_mobile":"","ocean_menu_typo_line_height":0,"ocean_menu_typo_line_height_tablet":0,"ocean_menu_typo_line_height_mobile":0,"ocean_menu_typo_line_height_unit":"","ocean_menu_typo_spacing":0,"ocean_menu_typo_spacing_tablet":0,"ocean_menu_typo_spacing_mobile":0,"ocean_menu_typo_spacing_unit":"","ocean_menu_link_color":"","ocean_menu_link_color_hover":"","ocean_menu_link_color_active":"","ocean_menu_link_background":"","ocean_menu_link_hover_background":"","ocean_menu_link_active_background":"","ocean_menu_social_links_bg":"","ocean_menu_social_hover_links_bg":"","ocean_menu_social_links_color":"","ocean_menu_social_hover_links_color":"","ocean_disable_title":"default","ocean_disable_heading":"default","ocean_post_title":"","ocean_post_subheading":"","ocean_post_title_style":"","ocean_post_title_background_color":"","ocean_post_title_background":0,"ocean_post_title_bg_image_position":"","ocean_post_title_bg_image_attachment":"","ocean_post_title_bg_image_repeat":"","ocean_post_title_bg_image_size":"","ocean_post_title_height":0,"ocean_post_title_bg_overlay":0.5,"ocean_post_title_bg_overlay_color":"","ocean_disable_breadcrumbs":"default","ocean_breadcrumbs_color":"","ocean_breadcrumbs_separator_color":"","ocean_breadcrumbs_links_color":"","ocean_breadcrumbs_links_hover_color":"","ocean_display_footer_widgets":"default","ocean_display_footer_bottom":"default","ocean_custom_footer_template":"","ocean_post_oembed":"","ocean_post_self_hosted_media":"","ocean_post_video_embed":"","ocean_link_format":"","ocean_link_format_target":"self","ocean_quote_format":"","ocean_quote_format_link":"post","ocean_gallery_link_images":"on","ocean_gallery_id":[]},"categories":[9],"tags":[],"acf":[],"_links":{"self":[{"href":"https:\/\/www.simepe.com.br\/novo\/wp-json\/wp\/v2\/posts\/37376"}],"collection":[{"href":"https:\/\/www.simepe.com.br\/novo\/wp-json\/wp\/v2\/posts"}],"about":[{"href":"https:\/\/www.simepe.com.br\/novo\/wp-json\/wp\/v2\/types\/post"}],"author":[{"embeddable":true,"href":"https:\/\/www.simepe.com.br\/novo\/wp-json\/wp\/v2\/users\/1"}],"replies":[{"embeddable":true,"href":"https:\/\/www.simepe.com.br\/novo\/wp-json\/wp\/v2\/comments?post=37376"}],"version-history":[{"count":2,"href":"https:\/\/www.simepe.com.br\/novo\/wp-json\/wp\/v2\/posts\/37376\/revisions"}],"predecessor-version":[{"id":37378,"href":"https:\/\/www.simepe.com.br\/novo\/wp-json\/wp\/v2\/posts\/37376\/revisions\/37378"}],"wp:attachment":[{"href":"https:\/\/www.simepe.com.br\/novo\/wp-json\/wp\/v2\/media?parent=37376"}],"wp:term":[{"taxonomy":"category","embeddable":true,"href":"https:\/\/www.simepe.com.br\/novo\/wp-json\/wp\/v2\/categories?post=37376"},{"taxonomy":"post_tag","embeddable":true,"href":"https:\/\/www.simepe.com.br\/novo\/wp-json\/wp\/v2\/tags?post=37376"}],"curies":[{"name":"wp","href":"https:\/\/api.w.org\/{rel}","templated":true}]}}