{"id":37397,"date":"2017-03-10T09:23:06","date_gmt":"2017-03-10T12:23:06","guid":{"rendered":"http:\/\/www.simepe.com.br\/novo\/?p=37397"},"modified":"2017-03-10T09:23:39","modified_gmt":"2017-03-10T12:23:39","slug":"luta-contra-a-febre-amarela","status":"publish","type":"post","link":"https:\/\/www.simepe.com.br\/novo\/luta-contra-a-febre-amarela\/","title":{"rendered":"Luta contra a febre amarela"},"content":{"rendered":"<div>\n<div>\n<div>\n<div>\n<div>\n<div id=\"abanoticia\" style=\"text-align: justify;\">\n<p>As causas do surto de febre amarela silvestre, que j\u00e1 provocou mais de 100 mortes em Minas Gerais e 20 no Esp\u00edrito Santo \u2014 em S\u00e3o Paulo tamb\u00e9m h\u00e1 casos de \u00f3bitos confirmados \u2014 exige, firme acompanhamento das autoridades e devem ser investigadas com profundidade pela comunidade cient\u00edfica brasileira. O grande temor dos especialistas \u00e9 de que esteja em curso uma adapta\u00e7\u00e3o ao meio urbano dos mosquitos Haemagogus e Sabethes, transmissores da febre amarela silvestre a seres humanos, e a a\u00e7\u00e3o do Aedes aegypti como vertor da doen\u00e7a nas cidades, o que ainda n\u00e3o foi confirmado, mas pode representar grande risco de aumento da letalidade da doen\u00e7a. O Aedes aegypti tamb\u00e9m transmite a dengue, o zika v\u00edrus e a chikungunya.<\/p>\n<p>Desde 1942 n\u00e3o foi registrado qualquer caso de febre amarela urbana no Brasil, mas o avan\u00e7o atual da enfermidade assusta os sanitaristas e j\u00e1 \u00e9 considerado, pelo Minist\u00e9rio da Sa\u00fade, como o pior surto da hist\u00f3ria. Ainda n\u00e3o h\u00e1 indicativos de febre amarela urbana. As autoridades precisam se certificar se os mosquitos est\u00e3o se adaptando ao ambiente urbano, para que as medidas de preven\u00e7\u00e3o e combate sejam intensificadas. A popula\u00e7\u00e3o n\u00e3o deve entrar em p\u00e2nico, mas tem de ser alertada para os perigos que a doen\u00e7a representa.<\/p>\n<p>Unidade da federa\u00e7\u00e3o com n\u00famero recorde de \u00f3bitos, Minas Gerais tem outros 77 casos sob investiga\u00e7\u00e3o. H\u00e1, no estado, 1.076 casos suspeitos da enfermidade em 48 munic\u00edpios atingidos. O Esp\u00edrito Santo tamb\u00e9m foi inclu\u00eddo na lista da Organiza\u00e7\u00e3o Mundial da Sa\u00fade (OMS) como \u00e1rea de risco. A institui\u00e7\u00e3o recomenda que todos os viajantes internacionais se vacinem contra a doen\u00e7a antes de visitarem localidades no estado dos capixabas, devido \u00e0 velocidade da propaga\u00e7\u00e3o do surto.<\/p>\n<p>As autoridades sanit\u00e1rias dos dois entes federativos reconhecem que o governo federal vem suprindo de maneira satisfat\u00f3ria a necessidade de libera\u00e7\u00e3o de vacinas contra a febre amarela. A vacina\u00e7\u00e3o em massa da popula\u00e7\u00e3o das \u00e1reas de risco est\u00e1 sendo feita adequadamente. O Minist\u00e9rio da Sa\u00fade distribuiu, recentemente, 14,6 milh\u00f5es de doses extras para cinco estados: Minas Gerais (6,5 milh\u00f5es), S\u00e3o Paulo (3,2 milh\u00f5es), Esp\u00edrito Santo (2,6 milh\u00f5es), Rio de Janeiro (1 milh\u00e3o) e Bahia (900 mil).<\/p>\n<p>Al\u00e9m da mobiliza\u00e7\u00e3o dos agentes p\u00fablicos de sa\u00fade, \u00e9 de fundamental import\u00e2ncia no combate ao surto de febre amarela, a dissemina\u00e7\u00e3o de informa\u00e7\u00f5es detalhadas sobre a doen\u00e7a. S\u00f3 assim, todos os casos suspeitos poder\u00e3o ser notificados e investigados pelas autoridades. Somente com o engajamento de todos, a batalha contra a febre amarela ter\u00e1 \u00eaxito.<\/p>\n<\/div>\n<p>&nbsp;<\/p>\n<div style=\"text-align: justify;\"><\/div>\n<\/div>\n<\/div>\n<p><img src=\"http:\/\/app.impresso.diariodepernambuco.com.br\/access\/da_impresso_130686904244\/164634\/43\/eq.gif\" alt=\"\" \/><\/p>\n<div style=\"text-align: justify;\"><\/div>\n<div style=\"text-align: justify;\"><\/div>\n<\/div>\n<\/div>\n<div style=\"text-align: justify;\"><\/div>\n<div style=\"text-align: justify;\"><\/div>\n<\/div>\n<div style=\"text-align: justify;\">Fonte: Diario de Pernambuco<\/div>\n","protected":false},"excerpt":{"rendered":"<p>As causas do surto de febre amarela silvestre, que j\u00e1 provocou mais de 100 mortes em Minas Gerais e 20 no Esp\u00edrito Santo \u2014 em S\u00e3o Paulo tamb\u00e9m h\u00e1 casos de \u00f3bitos confirmados \u2014 exige, firme acompanhamento das autoridades e devem ser investigadas com profundidade pela comunidade cient\u00edfica brasileira. O grande temor dos especialistas \u00e9 [&hellip;]<\/p>\n","protected":false},"author":1,"featured_media":0,"comment_status":"open","ping_status":"open","sticky":false,"template":"","format":"standard","meta":{"ocean_post_layout":"","ocean_both_sidebars_style":"","ocean_both_sidebars_content_width":0,"ocean_both_sidebars_sidebars_width":0,"ocean_sidebar":"","ocean_second_sidebar":"","ocean_disable_margins":"enable","ocean_add_body_class":"","ocean_shortcode_before_top_bar":"","ocean_shortcode_after_top_bar":"","ocean_shortcode_before_header":"","ocean_shortcode_after_header":"","ocean_has_shortcode":"","ocean_shortcode_after_title":"","ocean_shortcode_before_footer_widgets":"","ocean_shortcode_after_footer_widgets":"","ocean_shortcode_before_footer_bottom":"","ocean_shortcode_after_footer_bottom":"","ocean_display_top_bar":"default","ocean_display_header":"default","ocean_header_style":"","ocean_center_header_left_menu":"","ocean_custom_header_template":"","ocean_custom_logo":0,"ocean_custom_retina_logo":0,"ocean_custom_logo_max_width":0,"ocean_custom_logo_tablet_max_width":0,"ocean_custom_logo_mobile_max_width":0,"ocean_custom_logo_max_height":0,"ocean_custom_logo_tablet_max_height":0,"ocean_custom_logo_mobile_max_height":0,"ocean_header_custom_menu":"","ocean_menu_typo_font_family":"","ocean_menu_typo_font_subset":"","ocean_menu_typo_font_size":0,"ocean_menu_typo_font_size_tablet":0,"ocean_menu_typo_font_size_mobile":0,"ocean_menu_typo_font_size_unit":"px","ocean_menu_typo_font_weight":"","ocean_menu_typo_font_weight_tablet":"","ocean_menu_typo_font_weight_mobile":"","ocean_menu_typo_transform":"","ocean_menu_typo_transform_tablet":"","ocean_menu_typo_transform_mobile":"","ocean_menu_typo_line_height":0,"ocean_menu_typo_line_height_tablet":0,"ocean_menu_typo_line_height_mobile":0,"ocean_menu_typo_line_height_unit":"","ocean_menu_typo_spacing":0,"ocean_menu_typo_spacing_tablet":0,"ocean_menu_typo_spacing_mobile":0,"ocean_menu_typo_spacing_unit":"","ocean_menu_link_color":"","ocean_menu_link_color_hover":"","ocean_menu_link_color_active":"","ocean_menu_link_background":"","ocean_menu_link_hover_background":"","ocean_menu_link_active_background":"","ocean_menu_social_links_bg":"","ocean_menu_social_hover_links_bg":"","ocean_menu_social_links_color":"","ocean_menu_social_hover_links_color":"","ocean_disable_title":"default","ocean_disable_heading":"default","ocean_post_title":"","ocean_post_subheading":"","ocean_post_title_style":"","ocean_post_title_background_color":"","ocean_post_title_background":0,"ocean_post_title_bg_image_position":"","ocean_post_title_bg_image_attachment":"","ocean_post_title_bg_image_repeat":"","ocean_post_title_bg_image_size":"","ocean_post_title_height":0,"ocean_post_title_bg_overlay":0.5,"ocean_post_title_bg_overlay_color":"","ocean_disable_breadcrumbs":"default","ocean_breadcrumbs_color":"","ocean_breadcrumbs_separator_color":"","ocean_breadcrumbs_links_color":"","ocean_breadcrumbs_links_hover_color":"","ocean_display_footer_widgets":"default","ocean_display_footer_bottom":"default","ocean_custom_footer_template":"","ocean_post_oembed":"","ocean_post_self_hosted_media":"","ocean_post_video_embed":"","ocean_link_format":"","ocean_link_format_target":"self","ocean_quote_format":"","ocean_quote_format_link":"post","ocean_gallery_link_images":"on","ocean_gallery_id":[]},"categories":[9],"tags":[],"acf":[],"_links":{"self":[{"href":"https:\/\/www.simepe.com.br\/novo\/wp-json\/wp\/v2\/posts\/37397"}],"collection":[{"href":"https:\/\/www.simepe.com.br\/novo\/wp-json\/wp\/v2\/posts"}],"about":[{"href":"https:\/\/www.simepe.com.br\/novo\/wp-json\/wp\/v2\/types\/post"}],"author":[{"embeddable":true,"href":"https:\/\/www.simepe.com.br\/novo\/wp-json\/wp\/v2\/users\/1"}],"replies":[{"embeddable":true,"href":"https:\/\/www.simepe.com.br\/novo\/wp-json\/wp\/v2\/comments?post=37397"}],"version-history":[{"count":2,"href":"https:\/\/www.simepe.com.br\/novo\/wp-json\/wp\/v2\/posts\/37397\/revisions"}],"predecessor-version":[{"id":37399,"href":"https:\/\/www.simepe.com.br\/novo\/wp-json\/wp\/v2\/posts\/37397\/revisions\/37399"}],"wp:attachment":[{"href":"https:\/\/www.simepe.com.br\/novo\/wp-json\/wp\/v2\/media?parent=37397"}],"wp:term":[{"taxonomy":"category","embeddable":true,"href":"https:\/\/www.simepe.com.br\/novo\/wp-json\/wp\/v2\/categories?post=37397"},{"taxonomy":"post_tag","embeddable":true,"href":"https:\/\/www.simepe.com.br\/novo\/wp-json\/wp\/v2\/tags?post=37397"}],"curies":[{"name":"wp","href":"https:\/\/api.w.org\/{rel}","templated":true}]}}