{"id":37478,"date":"2017-03-14T08:35:54","date_gmt":"2017-03-14T11:35:54","guid":{"rendered":"http:\/\/www.simepe.com.br\/novo\/?p=37478"},"modified":"2017-03-14T08:35:54","modified_gmt":"2017-03-14T11:35:54","slug":"proposta-de-saude-com-jornada-extra","status":"publish","type":"post","link":"https:\/\/www.simepe.com.br\/novo\/proposta-de-saude-com-jornada-extra\/","title":{"rendered":"Proposta de sa\u00fade com jornada extra"},"content":{"rendered":"<p style=\"text-align: justify;\">Para tentar sanar a aus\u00eancia de profissionais e suprir lacunas no atendimento m\u00e9dico, o governo Paulo C\u00e2mara (PSB) quer transformar em lei os plant\u00f5es extraordin\u00e1rios na rede estadual de sa\u00fade, que permite aos m\u00e9dicos concursados prestarem servi\u00e7o em jornada n\u00e3o coberta pela escala normal de trabalho e, em parte dos casos, que profissionais de sa\u00fade sem contrato tempor\u00e1rio possam atuar em hospitais e unidades quando necess\u00e1rios. O modelo \u00e9 similar \u00e0s jornadas extras usadas na Pol\u00edcia Militar para garantir o policiamento.<\/p>\n<p style=\"text-align: justify;\">A proposta tramitar\u00e1 em regime de urg\u00eancia e, antes de ir ao plen\u00e1rio, passar\u00e1 apenas por comiss\u00f5es presididas por deputados do PSB: Constitui\u00e7\u00e3o e Justi\u00e7a (Waldemar Borges), Administra\u00e7\u00e3o (Lucas Ramos), Finan\u00e7as (Clodoaldo Magalh\u00e3es) e Sa\u00fade (Roberta Arraes). O governo tem ampla maioria no Legislativo, o que deve facilitar a aprova\u00e7\u00e3o da mat\u00e9ria.<\/p>\n<p style=\"text-align: justify;\">O projeto de lei define os pagamentos pelos plant\u00f5es extras como verba indenizat\u00f3ria pelas di\u00e1rias prestadas, cujas jornadas previstas variam entre 6 horas e 24 horas. Os valores s\u00e3o mais altos para especialidades, unidades de sa\u00fade e hor\u00e1rios que s\u00e3o menos atrativos. O subs\u00eddio-base varia entre R$ 375 e R$ 1,5 mil para m\u00e9dicos, mas pode atingir R$ 3 mil no caso de um neonatologista no fim de semana.<\/p>\n<p style=\"text-align: justify;\">Segundo a Secretaria Estadual de Sa\u00fade, a proposta n\u00e3o gera despesas, j\u00e1 que esse tipo de jornada extra j\u00e1 existe. A proposta buscaria apenas dar seguran\u00e7a jur\u00eddica \u00e0 pr\u00e1tica.<\/p>\n<p style=\"text-align: justify;\">AUDI\u00caNCIA<\/p>\n<p style=\"text-align: justify;\">A proposta come\u00e7a a tramitar no mesmo dia em que entidades representantes de profissionais de sa\u00fade, de pacientes, conselhos profissionais e a Ordem dos Advogados do Brasil (OAB) fizeram duras cr\u00edticas \u00e0 gest\u00e3o rede de sa\u00fade p\u00fablica estadual e \u00e0 terceiriza\u00e7\u00e3o de parte da rede para Organiza\u00e7\u00f5es Sociais (OSs). As cr\u00edticas aconteceram durante uma audi\u00eancia p\u00fablica para discutir o tema promovida pela Comiss\u00e3o de Cidadania, Direitos Humanos e Participa\u00e7\u00e3o Popular. Nenhum representante do governo participou do evento.<\/p>\n<p style=\"text-align: justify;\">&#8220;Em 2016, foram fechados 305 leitos e havia d\u00e9ficit de 732 m\u00e9dicos&#8221;, informou o secret\u00e1rio do Conselho Regional de Medicina (Cremepe), S\u00edlvio Rodrigues. Walter Steffano, do Sindicato dos M\u00e9dicos, questionou a precariza\u00e7\u00e3o de v\u00ednculos e o processo de &#8220;quarteiriza\u00e7\u00e3o&#8221;, no qual a terceirizada contrata empresas m\u00e9dicas. A rela\u00e7\u00e3o do Estado com as OSs j\u00e1 vem sendo investigada pelo Tribunal de Contas do Estado e pelos Minist\u00e9rios P\u00fablicos Estadual e Federal.<\/p>\n<p style=\"text-align: justify;\">A Secretaria de Sa\u00fade alega que o convite s\u00f3 chegou na sexta-feira (10\/3), quando Iran Costa e todo o n\u00facleo gestor j\u00e1 tinha compromisso agendado. Defendeu o modelo de gest\u00e3o, como processo legal e feito sob os princ\u00edpios da economicidade e respeito aos usu\u00e1rio.<\/p>\n<p style=\"text-align: justify;\">O l\u00edder do governo, Isaltino Nascimento (PSB), classificou a audi\u00eancia como &#8220;ileg\u00edtima&#8221;, j\u00e1 que o tema foge do escopo da Comiss\u00e3o de Cidadania. Iran Costa ir\u00e1 \u00e0 Alepe no pr\u00f3ximo dia 27, fazer um balan\u00e7o sobre as a\u00e7\u00f5es da pasta e falar das OSs.<\/p>\n<p style=\"text-align: justify;\">\n<p style=\"text-align: justify;\">Fonte: Jornal do Commercio<\/p>\n","protected":false},"excerpt":{"rendered":"<p>Para tentar sanar a aus\u00eancia de profissionais e suprir lacunas no atendimento m\u00e9dico, o governo Paulo C\u00e2mara (PSB) quer transformar em lei os plant\u00f5es extraordin\u00e1rios na rede estadual de sa\u00fade, que permite aos m\u00e9dicos concursados prestarem servi\u00e7o em jornada n\u00e3o coberta pela escala normal de trabalho e, em parte dos casos, que profissionais de sa\u00fade [&hellip;]<\/p>\n","protected":false},"author":1,"featured_media":0,"comment_status":"open","ping_status":"open","sticky":false,"template":"","format":"standard","meta":{"ocean_post_layout":"","ocean_both_sidebars_style":"","ocean_both_sidebars_content_width":0,"ocean_both_sidebars_sidebars_width":0,"ocean_sidebar":"","ocean_second_sidebar":"","ocean_disable_margins":"enable","ocean_add_body_class":"","ocean_shortcode_before_top_bar":"","ocean_shortcode_after_top_bar":"","ocean_shortcode_before_header":"","ocean_shortcode_after_header":"","ocean_has_shortcode":"","ocean_shortcode_after_title":"","ocean_shortcode_before_footer_widgets":"","ocean_shortcode_after_footer_widgets":"","ocean_shortcode_before_footer_bottom":"","ocean_shortcode_after_footer_bottom":"","ocean_display_top_bar":"default","ocean_display_header":"default","ocean_header_style":"","ocean_center_header_left_menu":"","ocean_custom_header_template":"","ocean_custom_logo":0,"ocean_custom_retina_logo":0,"ocean_custom_logo_max_width":0,"ocean_custom_logo_tablet_max_width":0,"ocean_custom_logo_mobile_max_width":0,"ocean_custom_logo_max_height":0,"ocean_custom_logo_tablet_max_height":0,"ocean_custom_logo_mobile_max_height":0,"ocean_header_custom_menu":"","ocean_menu_typo_font_family":"","ocean_menu_typo_font_subset":"","ocean_menu_typo_font_size":0,"ocean_menu_typo_font_size_tablet":0,"ocean_menu_typo_font_size_mobile":0,"ocean_menu_typo_font_size_unit":"px","ocean_menu_typo_font_weight":"","ocean_menu_typo_font_weight_tablet":"","ocean_menu_typo_font_weight_mobile":"","ocean_menu_typo_transform":"","ocean_menu_typo_transform_tablet":"","ocean_menu_typo_transform_mobile":"","ocean_menu_typo_line_height":0,"ocean_menu_typo_line_height_tablet":0,"ocean_menu_typo_line_height_mobile":0,"ocean_menu_typo_line_height_unit":"","ocean_menu_typo_spacing":0,"ocean_menu_typo_spacing_tablet":0,"ocean_menu_typo_spacing_mobile":0,"ocean_menu_typo_spacing_unit":"","ocean_menu_link_color":"","ocean_menu_link_color_hover":"","ocean_menu_link_color_active":"","ocean_menu_link_background":"","ocean_menu_link_hover_background":"","ocean_menu_link_active_background":"","ocean_menu_social_links_bg":"","ocean_menu_social_hover_links_bg":"","ocean_menu_social_links_color":"","ocean_menu_social_hover_links_color":"","ocean_disable_title":"default","ocean_disable_heading":"default","ocean_post_title":"","ocean_post_subheading":"","ocean_post_title_style":"","ocean_post_title_background_color":"","ocean_post_title_background":0,"ocean_post_title_bg_image_position":"","ocean_post_title_bg_image_attachment":"","ocean_post_title_bg_image_repeat":"","ocean_post_title_bg_image_size":"","ocean_post_title_height":0,"ocean_post_title_bg_overlay":0.5,"ocean_post_title_bg_overlay_color":"","ocean_disable_breadcrumbs":"default","ocean_breadcrumbs_color":"","ocean_breadcrumbs_separator_color":"","ocean_breadcrumbs_links_color":"","ocean_breadcrumbs_links_hover_color":"","ocean_display_footer_widgets":"default","ocean_display_footer_bottom":"default","ocean_custom_footer_template":"","ocean_post_oembed":"","ocean_post_self_hosted_media":"","ocean_post_video_embed":"","ocean_link_format":"","ocean_link_format_target":"self","ocean_quote_format":"","ocean_quote_format_link":"post","ocean_gallery_link_images":"on","ocean_gallery_id":[]},"categories":[9],"tags":[],"acf":[],"_links":{"self":[{"href":"https:\/\/www.simepe.com.br\/novo\/wp-json\/wp\/v2\/posts\/37478"}],"collection":[{"href":"https:\/\/www.simepe.com.br\/novo\/wp-json\/wp\/v2\/posts"}],"about":[{"href":"https:\/\/www.simepe.com.br\/novo\/wp-json\/wp\/v2\/types\/post"}],"author":[{"embeddable":true,"href":"https:\/\/www.simepe.com.br\/novo\/wp-json\/wp\/v2\/users\/1"}],"replies":[{"embeddable":true,"href":"https:\/\/www.simepe.com.br\/novo\/wp-json\/wp\/v2\/comments?post=37478"}],"version-history":[{"count":1,"href":"https:\/\/www.simepe.com.br\/novo\/wp-json\/wp\/v2\/posts\/37478\/revisions"}],"predecessor-version":[{"id":37479,"href":"https:\/\/www.simepe.com.br\/novo\/wp-json\/wp\/v2\/posts\/37478\/revisions\/37479"}],"wp:attachment":[{"href":"https:\/\/www.simepe.com.br\/novo\/wp-json\/wp\/v2\/media?parent=37478"}],"wp:term":[{"taxonomy":"category","embeddable":true,"href":"https:\/\/www.simepe.com.br\/novo\/wp-json\/wp\/v2\/categories?post=37478"},{"taxonomy":"post_tag","embeddable":true,"href":"https:\/\/www.simepe.com.br\/novo\/wp-json\/wp\/v2\/tags?post=37478"}],"curies":[{"name":"wp","href":"https:\/\/api.w.org\/{rel}","templated":true}]}}