{"id":37501,"date":"2017-03-14T09:17:04","date_gmt":"2017-03-14T12:17:04","guid":{"rendered":"http:\/\/www.simepe.com.br\/novo\/?p=37501"},"modified":"2017-03-14T09:17:04","modified_gmt":"2017-03-14T12:17:04","slug":"ans-chamara-oab-mp-e-outras-entidades-para-avaliacao-sobre-planos-de-saude-populares","status":"publish","type":"post","link":"https:\/\/www.simepe.com.br\/novo\/ans-chamara-oab-mp-e-outras-entidades-para-avaliacao-sobre-planos-de-saude-populares\/","title":{"rendered":"ANS chamar\u00e1 OAB, MP e outras entidades para avalia\u00e7\u00e3o sobre planos de sa\u00fade populares"},"content":{"rendered":"<div data-block-type=\"unstyled\" data-block-weight=\"52\">\n<p style=\"text-align: justify;\" data-track-category=\"Link no Texto\" data-track-links=\"\">O diretor-presidente da Ag\u00eancia Nacional de Sa\u00fade Suplementar (ANS), Jos\u00e9 Carlos de Souza Abrah\u00e3o, disse nesta segunda-feira (13) que dever\u00e1 soltar uma portaria nos pr\u00f3ximos dias referente aos planos de sa\u00fade populares, proposta do atual governo. Ele diz que ir\u00e1 convocar &#8220;todos os especialistas&#8221; para uma discuss\u00e3o mais ampla sobre o assunto.<\/p>\n<\/div>\n<div style=\"text-align: justify;\" data-block-type=\"unstyled\" data-block-weight=\"43\">\n<p data-track-category=\"Link no Texto\" data-track-links=\"\">&#8220;Isso vai ser mais que uma consulta popular. Vai ser uma oportunidade de uma discuss\u00e3o p\u00fablica com a ajuda dos \u00f3rg\u00e3os de defesa do consumidor, prestadores do servi\u00e7o, operadoras, integrantes da academia, conselhos de medicina, Minist\u00e9rio P\u00fablico, Ordem dos Advogados do Brasil&#8221;, disse.<\/p>\n<\/div>\n<div style=\"text-align: justify;\" data-block-type=\"unstyled\" data-block-weight=\"53\">\n<p data-track-category=\"Link no Texto\" data-track-links=\"\">De acordo com Abrah\u00e3o, a ag\u00eancia aguarda uma resposta sobre uma parte da proposta, que tem tr\u00eas p\u00e1ginas, e precisa ser enviada pelo Minist\u00e9rio da Sa\u00fade. Ap\u00f3s o envio, a portaria com mais detalhes sobre os pr\u00f3ximos passos para a an\u00e1lise t\u00e9cnica sobre o projeto de planos populares ser\u00e1 publicada no Di\u00e1rio Oficial.<\/p>\n<\/div>\n<div style=\"text-align: justify;\" data-block-type=\"unstyled\" data-block-weight=\"50\">\n<p data-track-category=\"Link no Texto\" data-track-links=\"\">&#8220;Na hora em que eu receber [o documento do minist\u00e9rio] publicarei a portaria. O cronograma \u00e9 de, provavelmente, 60 dias para o grupo trabalhar e mais 60 dias que podem ser prorrogados. No m\u00e1ximo 120 dias para que a gente tenha um posicionamento de o que fazer com isso&#8221;, explicou.<\/p>\n<\/div>\n<div style=\"text-align: justify;\" data-block-type=\"raw\" data-block-weight=\"4\">\n<div>\n<h2>Planos de sa\u00fade populares<\/h2>\n<\/div>\n<\/div>\n<div style=\"text-align: justify;\" data-block-type=\"unstyled\" data-block-weight=\"71\">\n<p data-track-category=\"Link no Texto\" data-track-links=\"\">No ano passado, o Minist\u00e9rio da Sa\u00fade anunciou um projeto de \u201cplanos de sa\u00fade populares\u201d, servi\u00e7os que estariam dispon\u00edveis a pre\u00e7os mais baixos, mas com uma cobertura menor do que \u00e9 exigida hoje pela ANS. Um grupo de trabalho criado pela pasta elaborou tr\u00eas propostas de modelo para esses planos. Enviadas para a avalia\u00e7\u00e3o da ANS, as propostas incluem um plano que n\u00e3o cobre interna\u00e7\u00e3o, urg\u00eancia nem exames de alta complexidade.<\/p>\n<\/div>\n<div style=\"text-align: justify;\" data-block-type=\"unstyled\" data-block-weight=\"19\">\n<p data-track-category=\"Link no Texto\" data-track-links=\"\">Agora, cabe \u00e0 ANS verificar a legalidade e pertin\u00eancia das medidas sugeridas e decidir se as adotar\u00e1 ou n\u00e3o.<\/p>\n<\/div>\n<div style=\"text-align: justify;\" data-block-type=\"unstyled\" data-block-weight=\"82\">\n<p data-track-category=\"Link no Texto\" data-track-links=\"\">Ainda n\u00e3o foi divulgada qual poder\u00e1 ser a mensalidade dos planos de sa\u00fade acess\u00edveis, mas eles devem envolver uma coparticipa\u00e7\u00e3o maior dos usu\u00e1rios no pagamento dos servi\u00e7os realizados, aumento do prazo para agendamento de consultas e cirurgias, maior flexibilidade para reajuste das mensalidades, planos regionalizados (com servi\u00e7os dispon\u00edveis apenas em determinada regi\u00e3o) e rede de sa\u00fade hierarquizada (semelhante ao praticado no SUS, em que o paciente s\u00f3 pode marcar consulta com especialista depois de encaminhamento a partir de servi\u00e7os de aten\u00e7\u00e3o b\u00e1sica).<\/p>\n<\/div>\n<div style=\"text-align: justify;\"><\/div>\n<div style=\"text-align: justify;\" data-block-type=\"unstyled\" data-block-weight=\"16\">\n<p data-track-category=\"Link no Texto\" data-track-links=\"\">Segundo nota divulgada pelo Minist\u00e9rio da Sa\u00fade, as propostas enviadas para a ANS s\u00e3o as seguintes:<\/p>\n<\/div>\n<div style=\"text-align: justify;\" data-block-type=\"unstyled\" data-block-weight=\"35\">\n<p data-track-category=\"Link no Texto\" data-track-links=\"\">Plano simplificado: cobertura inclui aten\u00e7\u00e3o prim\u00e1ria (atendimento n\u00e3o-especializado), consultas com especialistas e exames de diagn\u00f3stico de baixa e m\u00e9dia complexidade. N\u00e3o inclui interna\u00e7\u00e3o, terapias e exames de alta complexidade nem atendimento de urg\u00eancia e emerg\u00eancia.<\/p>\n<\/div>\n<div style=\"text-align: justify;\" data-block-type=\"unstyled\" data-block-weight=\"64\">\n<p data-track-category=\"Link no Texto\" data-track-links=\"\">Plano ambulatorial + hospitalar: cobertura inclui aten\u00e7\u00e3o prim\u00e1ria e aten\u00e7\u00e3o especializada de m\u00e9dia e alta complexidade. Para ter acesso aos cuidados especializados, o paciente deve passar obrigatoriamente por uma avalia\u00e7\u00e3o pr\u00e9via do m\u00e9dico da fam\u00edlia ou da aten\u00e7\u00e3o prim\u00e1ria. O sistema \u00e9 semelhante ao adotado pelo SUS, em que o atendimento com especialistas s\u00f3 \u00e9 feito mediante encaminhamento de um servi\u00e7o b\u00e1sico de sa\u00fade.<\/p>\n<\/div>\n<div style=\"text-align: justify;\" data-block-type=\"unstyled\" data-block-weight=\"31\">\n<p data-track-category=\"Link no Texto\" data-track-links=\"\">Plano em regime misto de pagamento: paciente tem acesso a servi\u00e7os hospitalares, terapias de alta complexidade, medicina preventiva e atendimento ambulatorial mediante pagamento dos procedimetnos com os valores previstos no contrato.<\/p>\n<\/div>\n<div style=\"text-align: justify;\" data-block-type=\"unstyled\" data-block-weight=\"22\">\n<p data-track-category=\"Link no Texto\" data-track-links=\"\">Segundo o Minist\u00e9rio da Sa\u00fade, as propostas visam a &#8220;dar alternativa aos 2 milh\u00f5es de brasieiros que perderam seus planos de sa\u00fade&#8221;.<\/p>\n<\/div>\n<p style=\"text-align: justify;\" data-track-category=\"Link no Texto\" data-track-links=\"\">\n<p style=\"text-align: justify;\" data-track-category=\"Link no Texto\" data-track-links=\"\">Fonte: G1<\/p>\n","protected":false},"excerpt":{"rendered":"<p>O diretor-presidente da Ag\u00eancia Nacional de Sa\u00fade Suplementar (ANS), Jos\u00e9 Carlos de Souza Abrah\u00e3o, disse nesta segunda-feira (13) que dever\u00e1 soltar uma portaria nos pr\u00f3ximos dias referente aos planos de sa\u00fade populares, proposta do atual governo. Ele diz que ir\u00e1 convocar &#8220;todos os especialistas&#8221; para uma discuss\u00e3o mais ampla sobre o assunto. &#8220;Isso vai ser [&hellip;]<\/p>\n","protected":false},"author":1,"featured_media":0,"comment_status":"open","ping_status":"open","sticky":false,"template":"","format":"standard","meta":{"ocean_post_layout":"","ocean_both_sidebars_style":"","ocean_both_sidebars_content_width":0,"ocean_both_sidebars_sidebars_width":0,"ocean_sidebar":"","ocean_second_sidebar":"","ocean_disable_margins":"enable","ocean_add_body_class":"","ocean_shortcode_before_top_bar":"","ocean_shortcode_after_top_bar":"","ocean_shortcode_before_header":"","ocean_shortcode_after_header":"","ocean_has_shortcode":"","ocean_shortcode_after_title":"","ocean_shortcode_before_footer_widgets":"","ocean_shortcode_after_footer_widgets":"","ocean_shortcode_before_footer_bottom":"","ocean_shortcode_after_footer_bottom":"","ocean_display_top_bar":"default","ocean_display_header":"default","ocean_header_style":"","ocean_center_header_left_menu":"","ocean_custom_header_template":"","ocean_custom_logo":0,"ocean_custom_retina_logo":0,"ocean_custom_logo_max_width":0,"ocean_custom_logo_tablet_max_width":0,"ocean_custom_logo_mobile_max_width":0,"ocean_custom_logo_max_height":0,"ocean_custom_logo_tablet_max_height":0,"ocean_custom_logo_mobile_max_height":0,"ocean_header_custom_menu":"","ocean_menu_typo_font_family":"","ocean_menu_typo_font_subset":"","ocean_menu_typo_font_size":0,"ocean_menu_typo_font_size_tablet":0,"ocean_menu_typo_font_size_mobile":0,"ocean_menu_typo_font_size_unit":"px","ocean_menu_typo_font_weight":"","ocean_menu_typo_font_weight_tablet":"","ocean_menu_typo_font_weight_mobile":"","ocean_menu_typo_transform":"","ocean_menu_typo_transform_tablet":"","ocean_menu_typo_transform_mobile":"","ocean_menu_typo_line_height":0,"ocean_menu_typo_line_height_tablet":0,"ocean_menu_typo_line_height_mobile":0,"ocean_menu_typo_line_height_unit":"","ocean_menu_typo_spacing":0,"ocean_menu_typo_spacing_tablet":0,"ocean_menu_typo_spacing_mobile":0,"ocean_menu_typo_spacing_unit":"","ocean_menu_link_color":"","ocean_menu_link_color_hover":"","ocean_menu_link_color_active":"","ocean_menu_link_background":"","ocean_menu_link_hover_background":"","ocean_menu_link_active_background":"","ocean_menu_social_links_bg":"","ocean_menu_social_hover_links_bg":"","ocean_menu_social_links_color":"","ocean_menu_social_hover_links_color":"","ocean_disable_title":"default","ocean_disable_heading":"default","ocean_post_title":"","ocean_post_subheading":"","ocean_post_title_style":"","ocean_post_title_background_color":"","ocean_post_title_background":0,"ocean_post_title_bg_image_position":"","ocean_post_title_bg_image_attachment":"","ocean_post_title_bg_image_repeat":"","ocean_post_title_bg_image_size":"","ocean_post_title_height":0,"ocean_post_title_bg_overlay":0.5,"ocean_post_title_bg_overlay_color":"","ocean_disable_breadcrumbs":"default","ocean_breadcrumbs_color":"","ocean_breadcrumbs_separator_color":"","ocean_breadcrumbs_links_color":"","ocean_breadcrumbs_links_hover_color":"","ocean_display_footer_widgets":"default","ocean_display_footer_bottom":"default","ocean_custom_footer_template":"","ocean_post_oembed":"","ocean_post_self_hosted_media":"","ocean_post_video_embed":"","ocean_link_format":"","ocean_link_format_target":"self","ocean_quote_format":"","ocean_quote_format_link":"post","ocean_gallery_link_images":"on","ocean_gallery_id":[]},"categories":[9],"tags":[],"acf":[],"_links":{"self":[{"href":"https:\/\/www.simepe.com.br\/novo\/wp-json\/wp\/v2\/posts\/37501"}],"collection":[{"href":"https:\/\/www.simepe.com.br\/novo\/wp-json\/wp\/v2\/posts"}],"about":[{"href":"https:\/\/www.simepe.com.br\/novo\/wp-json\/wp\/v2\/types\/post"}],"author":[{"embeddable":true,"href":"https:\/\/www.simepe.com.br\/novo\/wp-json\/wp\/v2\/users\/1"}],"replies":[{"embeddable":true,"href":"https:\/\/www.simepe.com.br\/novo\/wp-json\/wp\/v2\/comments?post=37501"}],"version-history":[{"count":1,"href":"https:\/\/www.simepe.com.br\/novo\/wp-json\/wp\/v2\/posts\/37501\/revisions"}],"predecessor-version":[{"id":37502,"href":"https:\/\/www.simepe.com.br\/novo\/wp-json\/wp\/v2\/posts\/37501\/revisions\/37502"}],"wp:attachment":[{"href":"https:\/\/www.simepe.com.br\/novo\/wp-json\/wp\/v2\/media?parent=37501"}],"wp:term":[{"taxonomy":"category","embeddable":true,"href":"https:\/\/www.simepe.com.br\/novo\/wp-json\/wp\/v2\/categories?post=37501"},{"taxonomy":"post_tag","embeddable":true,"href":"https:\/\/www.simepe.com.br\/novo\/wp-json\/wp\/v2\/tags?post=37501"}],"curies":[{"name":"wp","href":"https:\/\/api.w.org\/{rel}","templated":true}]}}