{"id":37517,"date":"2017-03-15T07:58:12","date_gmt":"2017-03-15T10:58:12","guid":{"rendered":"http:\/\/www.simepe.com.br\/novo\/?p=37517"},"modified":"2017-03-15T07:58:12","modified_gmt":"2017-03-15T10:58:12","slug":"contratos-com-oss-na-mira-da-oposicao","status":"publish","type":"post","link":"https:\/\/www.simepe.com.br\/novo\/contratos-com-oss-na-mira-da-oposicao\/","title":{"rendered":"Contratos com OSs na mira da oposi\u00e7\u00e3o"},"content":{"rendered":"<div id=\"pastingspan1\" style=\"text-align: justify;\">Os contratos firmados pelo Governo do Estado com as Organiza\u00e7\u00f5es Sociais (OSs) ligadas \u00e0 Sa\u00fade entraram na mira da oposi\u00e7\u00e3o na Assembleia Legislativa de Pernambuco (Alepe). Ap\u00f3s realizar uma audi\u00eancia p\u00fablica, na \u00faltima segunda-feira (13), com sindicatos da \u00e1rea, o bloco oposicionista ocupou a sess\u00e3o plen\u00e1ria para expor os problemas dos contratos e condenar a aus\u00eancia do governo no debate.<\/div>\n<div id=\"pastingspan1\" style=\"text-align: justify;\">Ao repercutir a situa\u00e7\u00e3o dos contratos, o dissidente \u00c1lvaro Porto (PSD) afirmou que a aus\u00eancia dos governistas no encontro refor\u00e7a a indiferen\u00e7a do governo com o trabalho da oposi\u00e7\u00e3o e que as OSs operam acobertadas por uma \u201ccortina de fuma\u00e7a perigosa\u201d.<\/p>\n<p>\u201cA falta de transpar\u00eancia cultivada com empenho pelo governo nos leva a concluir que h\u00e1 um esfor\u00e7o para deixar as OSs na sombra\u201d, denunciou o deputado, afirmando que existe muito dinheiro p\u00fablico em jogo e que contaria com os trabalhos dos minist\u00e9rios p\u00fablicos do estado e federal e do Tribunal de Contas do Estado, para reparar as irregularidades.<\/p><\/div>\n<div id=\"pastingspan1\" style=\"text-align: justify;\">Entre as cr\u00edticas feitas pela oposi\u00e7\u00e3o est\u00e1 a pouca transpar\u00eancia na presta\u00e7\u00e3o de contas dos contratos, os elevados custos com a terceiriza\u00e7\u00e3o e a qualidade do servi\u00e7o. Durante o embate, outros oposicionistas se pronunciaram, endossando as cr\u00edticas em rela\u00e7\u00e3o \u00e0 aus\u00eancia do Executivo e de membros da base aliada. A deputada Teresa Leit\u00e3o (PT) avaliou que a aus\u00eancia do secret\u00e1rio de Sa\u00fade estadual, Iran Costa, era uma posi\u00e7\u00e3o de governo.<\/div>\n<div id=\"pastingspan1\" style=\"text-align: justify;\">Por sua vez, a base do governo acusou a oposi\u00e7\u00e3o de fazer proselitismo pol\u00edtico com o assunto e realizar audi\u00eancia sem legitimidade, uma vez que o tema fugiu da al\u00e7ada da Comiss\u00e3o de Cidadania e Direitos Humanos da Alepe. \u201cFoi feito um convite por uma comiss\u00e3o que n\u00e3o \u00e9 de m\u00e9rito. O presidente dessa comiss\u00e3o n\u00e3o tem compet\u00eancia para encaminhar convite sem consultar a comiss\u00e3o. O governo n\u00e3o se escusa em debater.<\/p>\n<p>Agora n\u00e3o d\u00e1 para atropelar o debate\u201d, rebateu o l\u00edder do governo, Isaltino Nascimento (PSB), alegando que a discuss\u00e3o sobre a situa\u00e7\u00e3o da Sa\u00fade compete \u00e0 Comiss\u00e3o de Sa\u00fade e n\u00e3o \u00e0 de Cidadania.<\/p><\/div>\n<div id=\"pastingspan1\" style=\"text-align: justify;\">Na ocasi\u00e3o, o socialista informou que o secret\u00e1rio vir\u00e1 para a audi\u00eancia p\u00fablica marcada pela Comiss\u00e3o de Sa\u00fade entre os dias 24 a 26 de mar\u00e7o. Em nota, o secret\u00e1rio Iran Costa alegou que o convite chegou quando a agenda j\u00e1 estava fechada. Ele defendeu, ainda, a legalidade dos contratos e disse que sempre esteve \u00e0 disposi\u00e7\u00e3o da Alepe para prestar informa\u00e7\u00f5es sobre os contratos.<\/div>\n<div style=\"text-align: justify;\"><\/div>\n<p style=\"text-align: justify;\">Fonte: Folha de Pernambuco<\/p>\n","protected":false},"excerpt":{"rendered":"<p>Os contratos firmados pelo Governo do Estado com as Organiza\u00e7\u00f5es Sociais (OSs) ligadas \u00e0 Sa\u00fade entraram na mira da oposi\u00e7\u00e3o na Assembleia Legislativa de Pernambuco (Alepe). Ap\u00f3s realizar uma audi\u00eancia p\u00fablica, na \u00faltima segunda-feira (13), com sindicatos da \u00e1rea, o bloco oposicionista ocupou a sess\u00e3o plen\u00e1ria para expor os problemas dos contratos e condenar a [&hellip;]<\/p>\n","protected":false},"author":1,"featured_media":0,"comment_status":"open","ping_status":"open","sticky":false,"template":"","format":"standard","meta":{"ocean_post_layout":"","ocean_both_sidebars_style":"","ocean_both_sidebars_content_width":0,"ocean_both_sidebars_sidebars_width":0,"ocean_sidebar":"","ocean_second_sidebar":"","ocean_disable_margins":"enable","ocean_add_body_class":"","ocean_shortcode_before_top_bar":"","ocean_shortcode_after_top_bar":"","ocean_shortcode_before_header":"","ocean_shortcode_after_header":"","ocean_has_shortcode":"","ocean_shortcode_after_title":"","ocean_shortcode_before_footer_widgets":"","ocean_shortcode_after_footer_widgets":"","ocean_shortcode_before_footer_bottom":"","ocean_shortcode_after_footer_bottom":"","ocean_display_top_bar":"default","ocean_display_header":"default","ocean_header_style":"","ocean_center_header_left_menu":"","ocean_custom_header_template":"","ocean_custom_logo":0,"ocean_custom_retina_logo":0,"ocean_custom_logo_max_width":0,"ocean_custom_logo_tablet_max_width":0,"ocean_custom_logo_mobile_max_width":0,"ocean_custom_logo_max_height":0,"ocean_custom_logo_tablet_max_height":0,"ocean_custom_logo_mobile_max_height":0,"ocean_header_custom_menu":"","ocean_menu_typo_font_family":"","ocean_menu_typo_font_subset":"","ocean_menu_typo_font_size":0,"ocean_menu_typo_font_size_tablet":0,"ocean_menu_typo_font_size_mobile":0,"ocean_menu_typo_font_size_unit":"px","ocean_menu_typo_font_weight":"","ocean_menu_typo_font_weight_tablet":"","ocean_menu_typo_font_weight_mobile":"","ocean_menu_typo_transform":"","ocean_menu_typo_transform_tablet":"","ocean_menu_typo_transform_mobile":"","ocean_menu_typo_line_height":0,"ocean_menu_typo_line_height_tablet":0,"ocean_menu_typo_line_height_mobile":0,"ocean_menu_typo_line_height_unit":"","ocean_menu_typo_spacing":0,"ocean_menu_typo_spacing_tablet":0,"ocean_menu_typo_spacing_mobile":0,"ocean_menu_typo_spacing_unit":"","ocean_menu_link_color":"","ocean_menu_link_color_hover":"","ocean_menu_link_color_active":"","ocean_menu_link_background":"","ocean_menu_link_hover_background":"","ocean_menu_link_active_background":"","ocean_menu_social_links_bg":"","ocean_menu_social_hover_links_bg":"","ocean_menu_social_links_color":"","ocean_menu_social_hover_links_color":"","ocean_disable_title":"default","ocean_disable_heading":"default","ocean_post_title":"","ocean_post_subheading":"","ocean_post_title_style":"","ocean_post_title_background_color":"","ocean_post_title_background":0,"ocean_post_title_bg_image_position":"","ocean_post_title_bg_image_attachment":"","ocean_post_title_bg_image_repeat":"","ocean_post_title_bg_image_size":"","ocean_post_title_height":0,"ocean_post_title_bg_overlay":0.5,"ocean_post_title_bg_overlay_color":"","ocean_disable_breadcrumbs":"default","ocean_breadcrumbs_color":"","ocean_breadcrumbs_separator_color":"","ocean_breadcrumbs_links_color":"","ocean_breadcrumbs_links_hover_color":"","ocean_display_footer_widgets":"default","ocean_display_footer_bottom":"default","ocean_custom_footer_template":"","ocean_post_oembed":"","ocean_post_self_hosted_media":"","ocean_post_video_embed":"","ocean_link_format":"","ocean_link_format_target":"self","ocean_quote_format":"","ocean_quote_format_link":"post","ocean_gallery_link_images":"on","ocean_gallery_id":[]},"categories":[9],"tags":[],"acf":[],"_links":{"self":[{"href":"https:\/\/www.simepe.com.br\/novo\/wp-json\/wp\/v2\/posts\/37517"}],"collection":[{"href":"https:\/\/www.simepe.com.br\/novo\/wp-json\/wp\/v2\/posts"}],"about":[{"href":"https:\/\/www.simepe.com.br\/novo\/wp-json\/wp\/v2\/types\/post"}],"author":[{"embeddable":true,"href":"https:\/\/www.simepe.com.br\/novo\/wp-json\/wp\/v2\/users\/1"}],"replies":[{"embeddable":true,"href":"https:\/\/www.simepe.com.br\/novo\/wp-json\/wp\/v2\/comments?post=37517"}],"version-history":[{"count":1,"href":"https:\/\/www.simepe.com.br\/novo\/wp-json\/wp\/v2\/posts\/37517\/revisions"}],"predecessor-version":[{"id":37518,"href":"https:\/\/www.simepe.com.br\/novo\/wp-json\/wp\/v2\/posts\/37517\/revisions\/37518"}],"wp:attachment":[{"href":"https:\/\/www.simepe.com.br\/novo\/wp-json\/wp\/v2\/media?parent=37517"}],"wp:term":[{"taxonomy":"category","embeddable":true,"href":"https:\/\/www.simepe.com.br\/novo\/wp-json\/wp\/v2\/categories?post=37517"},{"taxonomy":"post_tag","embeddable":true,"href":"https:\/\/www.simepe.com.br\/novo\/wp-json\/wp\/v2\/tags?post=37517"}],"curies":[{"name":"wp","href":"https:\/\/api.w.org\/{rel}","templated":true}]}}