{"id":37519,"date":"2017-03-15T08:01:02","date_gmt":"2017-03-15T11:01:02","guid":{"rendered":"http:\/\/www.simepe.com.br\/novo\/?p=37519"},"modified":"2017-03-15T08:01:02","modified_gmt":"2017-03-15T11:01:02","slug":"ministerio-da-saude-lanca-meta-para-deter-avanco-da-obesidade-ate-2019","status":"publish","type":"post","link":"https:\/\/www.simepe.com.br\/novo\/ministerio-da-saude-lanca-meta-para-deter-avanco-da-obesidade-ate-2019\/","title":{"rendered":"Minist\u00e9rio da Sa\u00fade lan\u00e7a meta para deter avan\u00e7o da obesidade at\u00e9 2019"},"content":{"rendered":"<p style=\"text-align: justify;\">Em meio ao crescimento dos \u00edndices de obesidade no pa\u00eds, o Minist\u00e9rio da Sa\u00fade anunciou nesta ter\u00e7a-feira (14) tr\u00eas metas para tentar reduzir o n\u00famero de brasileiros com excesso de peso at\u00e9 2019.<\/p>\n<p>A ideia \u00e9 que, em dois anos, o pa\u00eds consiga deter o crescimento da obesidade na popula\u00e7\u00e3o adulta, reduzir em 30% o consumo regular de refrigerantes e de suco artificial e aumentar, em pelo menos 17,8%, o percentual de adultos que consomem frutas e verduras regularmente.<\/p>\n<p>As tr\u00eas metas foram apresentadas em encontro realizado nesta ter\u00e7a na sede regional da Opas (Organiza\u00e7\u00e3o Pan-Americana de Sa\u00fade), em Bras\u00edlia, com representantes de outros pa\u00edses da Am\u00e9rica Latina. As medidas fazem parte da chamada D\u00e9cada de A\u00e7\u00e3o das Na\u00e7\u00f5es Unidas para a Nutri\u00e7\u00e3o, da ONU, acordo que prev\u00ea que haja incentivo dos pa\u00edses \u00e0 alimenta\u00e7\u00e3o saud\u00e1vel.<\/p>\n<p>Dados da Pesquisa Nacional de Sa\u00fade, de 2013, mostram que mais da metade dos brasileiros, ou 56,9%, est\u00e1 acima do peso ideal. O alerta ocorre quando o IMC (\u00edndice de massa corporal), calculado com base no peso e altura, \u00e9 maior ou igual a 25 kg\/m\u00b2.<\/p>\n<p>Mesmo padr\u00e3o \u00e9 verificado quando observados apenas os \u00edndices de obesidade -quando o \u00edndice \u00e9 superior a 30 kg\/m2. De acordo com a pesquisa, 20,8% dos brasileiros s\u00e3o obesos.<\/p>\n<p>Em geral, a obesidade aumenta o risco de doen\u00e7as card\u00edacas, hipertens\u00e3o e diabetes, da\u00ed a tentativa de tentar frear o crescimento desses indicadores no pa\u00eds.<br \/>\nEm 2015, dados de outro estudo do Minist\u00e9rio da Sa\u00fade, o Vigitel, que \u00e9 realizado apenas com adultos das capitais do pa\u00eds, apontou crescimento de 60% no \u00edndice de obesidade entre 2006 e 2015.<\/p>\n<p>Para especialistas, o aumento no consumo de alimentos ultraprocessados, somado \u00e0 falta de exerc\u00edcios f\u00edsicos, al\u00e9m do baixo est\u00edmulo \u00e0 educa\u00e7\u00e3o alimentar, entre outros fatores, colaboram para o aumento da obesidade.<br \/>\n&#8220;O problema no mundo n\u00e3o est\u00e1 mais em combater a fome, mas em combater tamb\u00e9m a m\u00e1 nutri\u00e7\u00e3o da qual deriva a obesidade&#8221;, afirmou no evento o diretor do Centro de Excel\u00eancia do Programa Mundial Contra a Fome, Daniel Balaban.<\/p>\n<p>A\u00c7\u00d5ES<\/p>\n<p>Questionado sobre como garantir que as metas sejam atingidas, o ministro da Sa\u00fade, Ricardo Barros, afirmou que a pasta negocia um plano, em parceria com o Minist\u00e9rio da Educa\u00e7\u00e3o, para tentar estimular a educa\u00e7\u00e3o alimentar nas escolas, por meio de mat\u00e9rias extracurriculares.<\/p>\n<p>&#8220;\u00c9 preciso ensinar a popula\u00e7\u00e3o a descascar mais e a desembalar menos&#8221;, afirmou. &#8220;Hoje as m\u00e3es n\u00e3o ficam em casa, e as crian\u00e7as n\u00e3o t\u00eam oportunidade, como tinham antigamente, de acompanhar a m\u00e3e nas tarefas di\u00e1rias de prepara\u00e7\u00e3o dos alimentos. E vai ficando cada vez mais distante a capacidade de pegar um alimento natural e saber consumi-lo&#8221;, disse.<\/p>\n<p>Em outras a\u00e7\u00f5es, o Minist\u00e9rio tamb\u00e9m planeja lan\u00e7ar aplicativos para ajudar a popula\u00e7\u00e3o a escolher os alimentos e a adotar h\u00e1bitos mais saud\u00e1veis, afirma. &#8220;S\u00e3o aplicativos de acompanhamento da sa\u00fade, atividade f\u00edsica e consumo de calorias.&#8221;<br \/>\nA pasta tamb\u00e9m finaliza um acordo com a ind\u00fastria para que haja redu\u00e7\u00e3o na quantidade de a\u00e7\u00facar nos alimentos processados, modelo semelhante ao j\u00e1 realizado nos \u00faltimos anos para redu\u00e7\u00e3o de s\u00f3dio.<\/p>\n<p>Segundo Barros, o governo tamb\u00e9m pretende apoiar mudan\u00e7as na rotulagem dos alimentos. A ideia, j\u00e1 em estudo na Anvisa (Ag\u00eancia Nacional de Vigil\u00e2ncia Sanit\u00e1ria), \u00e9 fazer com que dados da quantidade de sal, a\u00e7\u00facar e gordura estejam em destaque na parte da frente dos r\u00f3tulos -padr\u00e3o semelhante ao adotado hoje no Chile, por exemplo.<\/p>\n<p style=\"text-align: justify;\">\n<p style=\"text-align: justify;\">Fonte: Folha de Pernambuco<\/p>\n","protected":false},"excerpt":{"rendered":"<p>Em meio ao crescimento dos \u00edndices de obesidade no pa\u00eds, o Minist\u00e9rio da Sa\u00fade anunciou nesta ter\u00e7a-feira (14) tr\u00eas metas para tentar reduzir o n\u00famero de brasileiros com excesso de peso at\u00e9 2019. A ideia \u00e9 que, em dois anos, o pa\u00eds consiga deter o crescimento da obesidade na popula\u00e7\u00e3o adulta, reduzir em 30% o [&hellip;]<\/p>\n","protected":false},"author":1,"featured_media":0,"comment_status":"open","ping_status":"open","sticky":false,"template":"","format":"standard","meta":{"ocean_post_layout":"","ocean_both_sidebars_style":"","ocean_both_sidebars_content_width":0,"ocean_both_sidebars_sidebars_width":0,"ocean_sidebar":"","ocean_second_sidebar":"","ocean_disable_margins":"enable","ocean_add_body_class":"","ocean_shortcode_before_top_bar":"","ocean_shortcode_after_top_bar":"","ocean_shortcode_before_header":"","ocean_shortcode_after_header":"","ocean_has_shortcode":"","ocean_shortcode_after_title":"","ocean_shortcode_before_footer_widgets":"","ocean_shortcode_after_footer_widgets":"","ocean_shortcode_before_footer_bottom":"","ocean_shortcode_after_footer_bottom":"","ocean_display_top_bar":"default","ocean_display_header":"default","ocean_header_style":"","ocean_center_header_left_menu":"","ocean_custom_header_template":"","ocean_custom_logo":0,"ocean_custom_retina_logo":0,"ocean_custom_logo_max_width":0,"ocean_custom_logo_tablet_max_width":0,"ocean_custom_logo_mobile_max_width":0,"ocean_custom_logo_max_height":0,"ocean_custom_logo_tablet_max_height":0,"ocean_custom_logo_mobile_max_height":0,"ocean_header_custom_menu":"","ocean_menu_typo_font_family":"","ocean_menu_typo_font_subset":"","ocean_menu_typo_font_size":0,"ocean_menu_typo_font_size_tablet":0,"ocean_menu_typo_font_size_mobile":0,"ocean_menu_typo_font_size_unit":"px","ocean_menu_typo_font_weight":"","ocean_menu_typo_font_weight_tablet":"","ocean_menu_typo_font_weight_mobile":"","ocean_menu_typo_transform":"","ocean_menu_typo_transform_tablet":"","ocean_menu_typo_transform_mobile":"","ocean_menu_typo_line_height":0,"ocean_menu_typo_line_height_tablet":0,"ocean_menu_typo_line_height_mobile":0,"ocean_menu_typo_line_height_unit":"","ocean_menu_typo_spacing":0,"ocean_menu_typo_spacing_tablet":0,"ocean_menu_typo_spacing_mobile":0,"ocean_menu_typo_spacing_unit":"","ocean_menu_link_color":"","ocean_menu_link_color_hover":"","ocean_menu_link_color_active":"","ocean_menu_link_background":"","ocean_menu_link_hover_background":"","ocean_menu_link_active_background":"","ocean_menu_social_links_bg":"","ocean_menu_social_hover_links_bg":"","ocean_menu_social_links_color":"","ocean_menu_social_hover_links_color":"","ocean_disable_title":"default","ocean_disable_heading":"default","ocean_post_title":"","ocean_post_subheading":"","ocean_post_title_style":"","ocean_post_title_background_color":"","ocean_post_title_background":0,"ocean_post_title_bg_image_position":"","ocean_post_title_bg_image_attachment":"","ocean_post_title_bg_image_repeat":"","ocean_post_title_bg_image_size":"","ocean_post_title_height":0,"ocean_post_title_bg_overlay":0.5,"ocean_post_title_bg_overlay_color":"","ocean_disable_breadcrumbs":"default","ocean_breadcrumbs_color":"","ocean_breadcrumbs_separator_color":"","ocean_breadcrumbs_links_color":"","ocean_breadcrumbs_links_hover_color":"","ocean_display_footer_widgets":"default","ocean_display_footer_bottom":"default","ocean_custom_footer_template":"","ocean_post_oembed":"","ocean_post_self_hosted_media":"","ocean_post_video_embed":"","ocean_link_format":"","ocean_link_format_target":"self","ocean_quote_format":"","ocean_quote_format_link":"post","ocean_gallery_link_images":"on","ocean_gallery_id":[]},"categories":[9],"tags":[],"acf":[],"_links":{"self":[{"href":"https:\/\/www.simepe.com.br\/novo\/wp-json\/wp\/v2\/posts\/37519"}],"collection":[{"href":"https:\/\/www.simepe.com.br\/novo\/wp-json\/wp\/v2\/posts"}],"about":[{"href":"https:\/\/www.simepe.com.br\/novo\/wp-json\/wp\/v2\/types\/post"}],"author":[{"embeddable":true,"href":"https:\/\/www.simepe.com.br\/novo\/wp-json\/wp\/v2\/users\/1"}],"replies":[{"embeddable":true,"href":"https:\/\/www.simepe.com.br\/novo\/wp-json\/wp\/v2\/comments?post=37519"}],"version-history":[{"count":1,"href":"https:\/\/www.simepe.com.br\/novo\/wp-json\/wp\/v2\/posts\/37519\/revisions"}],"predecessor-version":[{"id":37520,"href":"https:\/\/www.simepe.com.br\/novo\/wp-json\/wp\/v2\/posts\/37519\/revisions\/37520"}],"wp:attachment":[{"href":"https:\/\/www.simepe.com.br\/novo\/wp-json\/wp\/v2\/media?parent=37519"}],"wp:term":[{"taxonomy":"category","embeddable":true,"href":"https:\/\/www.simepe.com.br\/novo\/wp-json\/wp\/v2\/categories?post=37519"},{"taxonomy":"post_tag","embeddable":true,"href":"https:\/\/www.simepe.com.br\/novo\/wp-json\/wp\/v2\/tags?post=37519"}],"curies":[{"name":"wp","href":"https:\/\/api.w.org\/{rel}","templated":true}]}}