{"id":37530,"date":"2017-03-15T08:49:42","date_gmt":"2017-03-15T11:49:42","guid":{"rendered":"http:\/\/www.simepe.com.br\/novo\/?p=37530"},"modified":"2017-03-15T08:49:42","modified_gmt":"2017-03-15T11:49:42","slug":"ministro-associa-obesidade-a-criancas-nao-descascarem-alimentos-com-as-maes","status":"publish","type":"post","link":"https:\/\/www.simepe.com.br\/novo\/ministro-associa-obesidade-a-criancas-nao-descascarem-alimentos-com-as-maes\/","title":{"rendered":"Ministro associa obesidade a crian\u00e7as n\u00e3o descascarem alimentos &#8216;com as m\u00e3es&#8217;"},"content":{"rendered":"<div style=\"text-align: justify;\">Uma semana depois de o presidente Michel Temer ser duramente criticado por seu discurso no Dia Internacional das Mulheres, em que disse ter &#8220;convic\u00e7\u00e3o do que a mulher faz pela casa&#8221;, foi a vez de seu ministro da Sa\u00fade, Ricardo Barros, provocar pol\u00eamica sobre o mesmo tema. Ao fazer o an\u00fancio sobre um plano de metas para reduzir a obesidade no Pa\u00eds, Barros associou o problema ao fato de crian\u00e7as &#8220;n\u00e3o terem a oportunidade de aprender a descascar alimentos&#8221; com suas m\u00e3es.<\/div>\n<div style=\"text-align: justify;\"><\/div>\n<div style=\"text-align: justify;\">&#8220;\u00c9 preciso qualificar essas crian\u00e7as para manipular os alimentos. Muitas delas n\u00e3o ficam em casa com as m\u00e3es e n\u00e3o t\u00eam oportunidade de aprender a descascar os alimentos&#8221;, disse. Em nenhum momento ele faz refer\u00eancia \u00e0 figura paterna. &#8220;\u00c9 preciso descascar mais e desembalar menos.&#8221;<\/div>\n<div style=\"text-align: justify;\"><\/div>\n<div style=\"text-align: justify;\">Em sua fala, o ministro afirmou ainda que, como as m\u00e3es n\u00e3o ficam em casa, crian\u00e7as n\u00e3o t\u00eam oportunidade de acompanh\u00e1-las nas tarefas di\u00e1rias, como ocorria no passado. As declara\u00e7\u00f5es foram dadas no momento em que o ministro justificava uma parceria com o Minist\u00e9rio da Educa\u00e7\u00e3o para ensinar h\u00e1bitos saud\u00e1veis para crian\u00e7as e incentivar o consumo de alimentos in natura em substitui\u00e7\u00e3o aos processados.<\/div>\n<div style=\"text-align: justify;\"><\/div>\n<div style=\"text-align: justify;\">N\u00e3o \u00e9 a primeira vez que Barros comete esse tipo de gafe. Em agosto, o ministro afirmou que homens v\u00e3o menos ao m\u00e9dico porque trabalham mais. Na \u00e9poca, as declara\u00e7\u00f5es arrancaram cr\u00edticas at\u00e9 de sua filha, Maria Victoria Barros. &#8220;Trabalhamos 5 horas a mais na semana que os homens&#8221;, reagiu a filha.<\/div>\n<div style=\"text-align: justify;\"><\/div>\n<div style=\"text-align: justify;\">O plano do Minist\u00e9rio da Sa\u00fade apresentado tem tr\u00eas metas, a serem alcan\u00e7adas at\u00e9 2019: deter o crescimento da obesidade at\u00e9 2019, reduzir o consumo regular de refrigerantes e de suco artificial em pelo menos 30% e ampliar para no m\u00ednimo em 17% o porcentual de adultos que consomem frutas e hortali\u00e7as regularmente. O programa \u00e9 uma forma de apoio do minist\u00e9rio \u00e0 agenda de nutri\u00e7\u00e3o adotada pela Organiza\u00e7\u00e3o das Na\u00e7\u00f5es Unidas, para assegurar o acesso universal a dietas mais saud\u00e1veis e sustent\u00e1veis at\u00e9 2025.<\/div>\n<div style=\"text-align: justify;\"><\/div>\n<div style=\"text-align: justify;\">Ao anunciar as medidas, no entanto, o ministro n\u00e3o disse como elas ser\u00e3o alcan\u00e7adas. Citou parceria j\u00e1 existente com o Minist\u00e9rio da Educa\u00e7\u00e3o para o programa de Sa\u00fade na Escola e o projeto de que, nessas atividades, sejam inclu\u00eddas no\u00e7\u00f5es sobre como preparar alimentos. Afirmou ainda que aplicativos ser\u00e3o lan\u00e7ados para auxiliar a popula\u00e7\u00e3o a controlar o consumo de alimentos e incentivar a pr\u00e1tica de exerc\u00edcios.<\/div>\n<div style=\"text-align: justify;\"><\/div>\n<div style=\"text-align: justify;\">Fonte: Diario de Pernambuco<\/div>\n","protected":false},"excerpt":{"rendered":"<p>Uma semana depois de o presidente Michel Temer ser duramente criticado por seu discurso no Dia Internacional das Mulheres, em que disse ter &#8220;convic\u00e7\u00e3o do que a mulher faz pela casa&#8221;, foi a vez de seu ministro da Sa\u00fade, Ricardo Barros, provocar pol\u00eamica sobre o mesmo tema. Ao fazer o an\u00fancio sobre um plano de [&hellip;]<\/p>\n","protected":false},"author":1,"featured_media":0,"comment_status":"open","ping_status":"open","sticky":false,"template":"","format":"standard","meta":{"ocean_post_layout":"","ocean_both_sidebars_style":"","ocean_both_sidebars_content_width":0,"ocean_both_sidebars_sidebars_width":0,"ocean_sidebar":"","ocean_second_sidebar":"","ocean_disable_margins":"enable","ocean_add_body_class":"","ocean_shortcode_before_top_bar":"","ocean_shortcode_after_top_bar":"","ocean_shortcode_before_header":"","ocean_shortcode_after_header":"","ocean_has_shortcode":"","ocean_shortcode_after_title":"","ocean_shortcode_before_footer_widgets":"","ocean_shortcode_after_footer_widgets":"","ocean_shortcode_before_footer_bottom":"","ocean_shortcode_after_footer_bottom":"","ocean_display_top_bar":"default","ocean_display_header":"default","ocean_header_style":"","ocean_center_header_left_menu":"","ocean_custom_header_template":"","ocean_custom_logo":0,"ocean_custom_retina_logo":0,"ocean_custom_logo_max_width":0,"ocean_custom_logo_tablet_max_width":0,"ocean_custom_logo_mobile_max_width":0,"ocean_custom_logo_max_height":0,"ocean_custom_logo_tablet_max_height":0,"ocean_custom_logo_mobile_max_height":0,"ocean_header_custom_menu":"","ocean_menu_typo_font_family":"","ocean_menu_typo_font_subset":"","ocean_menu_typo_font_size":0,"ocean_menu_typo_font_size_tablet":0,"ocean_menu_typo_font_size_mobile":0,"ocean_menu_typo_font_size_unit":"px","ocean_menu_typo_font_weight":"","ocean_menu_typo_font_weight_tablet":"","ocean_menu_typo_font_weight_mobile":"","ocean_menu_typo_transform":"","ocean_menu_typo_transform_tablet":"","ocean_menu_typo_transform_mobile":"","ocean_menu_typo_line_height":0,"ocean_menu_typo_line_height_tablet":0,"ocean_menu_typo_line_height_mobile":0,"ocean_menu_typo_line_height_unit":"","ocean_menu_typo_spacing":0,"ocean_menu_typo_spacing_tablet":0,"ocean_menu_typo_spacing_mobile":0,"ocean_menu_typo_spacing_unit":"","ocean_menu_link_color":"","ocean_menu_link_color_hover":"","ocean_menu_link_color_active":"","ocean_menu_link_background":"","ocean_menu_link_hover_background":"","ocean_menu_link_active_background":"","ocean_menu_social_links_bg":"","ocean_menu_social_hover_links_bg":"","ocean_menu_social_links_color":"","ocean_menu_social_hover_links_color":"","ocean_disable_title":"default","ocean_disable_heading":"default","ocean_post_title":"","ocean_post_subheading":"","ocean_post_title_style":"","ocean_post_title_background_color":"","ocean_post_title_background":0,"ocean_post_title_bg_image_position":"","ocean_post_title_bg_image_attachment":"","ocean_post_title_bg_image_repeat":"","ocean_post_title_bg_image_size":"","ocean_post_title_height":0,"ocean_post_title_bg_overlay":0.5,"ocean_post_title_bg_overlay_color":"","ocean_disable_breadcrumbs":"default","ocean_breadcrumbs_color":"","ocean_breadcrumbs_separator_color":"","ocean_breadcrumbs_links_color":"","ocean_breadcrumbs_links_hover_color":"","ocean_display_footer_widgets":"default","ocean_display_footer_bottom":"default","ocean_custom_footer_template":"","ocean_post_oembed":"","ocean_post_self_hosted_media":"","ocean_post_video_embed":"","ocean_link_format":"","ocean_link_format_target":"self","ocean_quote_format":"","ocean_quote_format_link":"post","ocean_gallery_link_images":"on","ocean_gallery_id":[]},"categories":[9],"tags":[],"acf":[],"_links":{"self":[{"href":"https:\/\/www.simepe.com.br\/novo\/wp-json\/wp\/v2\/posts\/37530"}],"collection":[{"href":"https:\/\/www.simepe.com.br\/novo\/wp-json\/wp\/v2\/posts"}],"about":[{"href":"https:\/\/www.simepe.com.br\/novo\/wp-json\/wp\/v2\/types\/post"}],"author":[{"embeddable":true,"href":"https:\/\/www.simepe.com.br\/novo\/wp-json\/wp\/v2\/users\/1"}],"replies":[{"embeddable":true,"href":"https:\/\/www.simepe.com.br\/novo\/wp-json\/wp\/v2\/comments?post=37530"}],"version-history":[{"count":1,"href":"https:\/\/www.simepe.com.br\/novo\/wp-json\/wp\/v2\/posts\/37530\/revisions"}],"predecessor-version":[{"id":37531,"href":"https:\/\/www.simepe.com.br\/novo\/wp-json\/wp\/v2\/posts\/37530\/revisions\/37531"}],"wp:attachment":[{"href":"https:\/\/www.simepe.com.br\/novo\/wp-json\/wp\/v2\/media?parent=37530"}],"wp:term":[{"taxonomy":"category","embeddable":true,"href":"https:\/\/www.simepe.com.br\/novo\/wp-json\/wp\/v2\/categories?post=37530"},{"taxonomy":"post_tag","embeddable":true,"href":"https:\/\/www.simepe.com.br\/novo\/wp-json\/wp\/v2\/tags?post=37530"}],"curies":[{"name":"wp","href":"https:\/\/api.w.org\/{rel}","templated":true}]}}