{"id":37537,"date":"2017-03-15T09:10:58","date_gmt":"2017-03-15T12:10:58","guid":{"rendered":"http:\/\/www.simepe.com.br\/novo\/?p=37537"},"modified":"2017-03-15T09:10:58","modified_gmt":"2017-03-15T12:10:58","slug":"falta-de-remedios-para-tratamentos","status":"publish","type":"post","link":"https:\/\/www.simepe.com.br\/novo\/falta-de-remedios-para-tratamentos\/","title":{"rendered":"Falta de rem\u00e9dios para tratamentos"},"content":{"rendered":"<p style=\"text-align: justify;\">RIO &#8211; Metade dos tratamentos contra o c\u00e2ncer feitos no Rio de Janeiro foi interrompida por falta de quimioter\u00e1picos. Fiscaliza\u00e7\u00e3o feita pelo Conselho Regional de Medicina (Cremerj) em 19 unidades de tratamento da doen\u00e7a do Rio de Janeiro aponta para a situa\u00e7\u00e3o prec\u00e1ria da assist\u00eancia oncol\u00f3gica na capital. Em 74% das institui\u00e7\u00f5es n\u00e3o h\u00e1 servi\u00e7o de radioterapia, 90% n\u00e3o oferecem exames imuno-histoqu\u00edmicos, que identificam caracter\u00edsticas moleculares da doen\u00e7a e orientam o melhor tratamento. Em alguns casos, o in\u00edcio do tratamento demora um ano.<\/p>\n<p style=\"text-align: justify;\">&#8220;O levantamento do Cremerj mostra que, quando o paciente \u00e9 referenciado para o Instituto Nacional do C\u00e2ncer, provavelmente ele estar\u00e1 salvo. Mas se for encaminhado para alguns hospitais federais, sua chance de sobrevida \u00e9 de menos de 30%&#8221;, afirmou o defensor p\u00fablico da Uni\u00e3o, Daniel de Macedo. A partir do relat\u00f3rio do conselho, o defensor encaminhou of\u00edcios pedindo abertura de inqu\u00e9rito pelo Minist\u00e9rio P\u00fablico Federal para investiga\u00e7\u00e3o de improbidade administrativa nos hospitais federais de Bonsucesso, Andara\u00ed e Cardoso Fontes, e tamb\u00e9m pediu uma varredura pelo Tribunal de Contas da Uni\u00e3o nos procedimentos de licita\u00e7\u00e3o para a compra de medicamentos.<\/p>\n<p style=\"text-align: justify;\">O Cremerj fez a fiscaliza\u00e7\u00e3o entre outubro e novembro de 2016 em hospitais federais, universit\u00e1rios, estaduais e um filantr\u00f3pico. O trabalho mostrou que 46% dos pacientes chegaram ao hospital com resultados de exames que confirmavam o diagn\u00f3stico realizados mais de 6 meses antes da interna\u00e7\u00e3o do paciente, e 59% dos pacientes apresentavam est\u00e1gio avan\u00e7ado da doen\u00e7a.<\/p>\n<p style=\"text-align: justify;\">&#8220;Esses dados comprovam que a lei federal de 2012 (que prev\u00ea o in\u00edcio do tratamento 60 dias ap\u00f3s o diagn\u00f3stico) n\u00e3o est\u00e1 sendo cumprida. Estamos perdendo o tempo ideal para o in\u00edcio do tratamento. Isso diminui a chance de cura. E, nos casos em que a cura n\u00e3o \u00e9 poss\u00edvel, impede que o paciente tenha maior expectativa de vida e em melhores condi\u00e7\u00f5es&#8221;, afirmou o presidente do Cremerj, Nelson Nahon.<\/p>\n<p style=\"text-align: justify;\">Para o defensor Daniel de Macedo, falta gest\u00e3o adequada. Ele tamb\u00e9m v\u00ea ind\u00edcios de corrup\u00e7\u00e3o. &#8220;O chefe de um dos almoxarifados contou que \u00e9 comum o fornecedor entregar a nota para recebimento dos medicamentos, mas os insumos n\u00e3o chegaram nunca&#8221;, afirmou.<\/p>\n<p style=\"text-align: justify;\">A modelista Let\u00edcia L\u00e1zaro, de 56 anos, parou a quimioterapia contra um c\u00e2ncer de mama por duas vezes devido \u00e0 falta de medicamento. &#8220;Fiz os \u00faltimos dois ciclos no mesmo m\u00eas. Porque j\u00e1 tinha aviso da falta do quimioter\u00e1pico e a minha m\u00e9dica achou melhor garantir, porque podia faltar de novo&#8221;, contou ela. No ano passado, a modelista ficou sete meses sem o rem\u00e9dio que impede a recidiva da doen\u00e7a. &#8220;O c\u00e2ncer \u00e9 um rato. Ele est\u00e1 o tempo todo roendo a gente por dentro. A gente n\u00e3o tem tempo para perder&#8221;, comentou.<\/p>\n<p style=\"text-align: justify;\">\n<p style=\"text-align: justify;\">Fonte: Jornal do Commercio<\/p>\n","protected":false},"excerpt":{"rendered":"<p>RIO &#8211; Metade dos tratamentos contra o c\u00e2ncer feitos no Rio de Janeiro foi interrompida por falta de quimioter\u00e1picos. Fiscaliza\u00e7\u00e3o feita pelo Conselho Regional de Medicina (Cremerj) em 19 unidades de tratamento da doen\u00e7a do Rio de Janeiro aponta para a situa\u00e7\u00e3o prec\u00e1ria da assist\u00eancia oncol\u00f3gica na capital. Em 74% das institui\u00e7\u00f5es n\u00e3o h\u00e1 servi\u00e7o [&hellip;]<\/p>\n","protected":false},"author":1,"featured_media":0,"comment_status":"open","ping_status":"open","sticky":false,"template":"","format":"standard","meta":{"ocean_post_layout":"","ocean_both_sidebars_style":"","ocean_both_sidebars_content_width":0,"ocean_both_sidebars_sidebars_width":0,"ocean_sidebar":"","ocean_second_sidebar":"","ocean_disable_margins":"enable","ocean_add_body_class":"","ocean_shortcode_before_top_bar":"","ocean_shortcode_after_top_bar":"","ocean_shortcode_before_header":"","ocean_shortcode_after_header":"","ocean_has_shortcode":"","ocean_shortcode_after_title":"","ocean_shortcode_before_footer_widgets":"","ocean_shortcode_after_footer_widgets":"","ocean_shortcode_before_footer_bottom":"","ocean_shortcode_after_footer_bottom":"","ocean_display_top_bar":"default","ocean_display_header":"default","ocean_header_style":"","ocean_center_header_left_menu":"","ocean_custom_header_template":"","ocean_custom_logo":0,"ocean_custom_retina_logo":0,"ocean_custom_logo_max_width":0,"ocean_custom_logo_tablet_max_width":0,"ocean_custom_logo_mobile_max_width":0,"ocean_custom_logo_max_height":0,"ocean_custom_logo_tablet_max_height":0,"ocean_custom_logo_mobile_max_height":0,"ocean_header_custom_menu":"","ocean_menu_typo_font_family":"","ocean_menu_typo_font_subset":"","ocean_menu_typo_font_size":0,"ocean_menu_typo_font_size_tablet":0,"ocean_menu_typo_font_size_mobile":0,"ocean_menu_typo_font_size_unit":"px","ocean_menu_typo_font_weight":"","ocean_menu_typo_font_weight_tablet":"","ocean_menu_typo_font_weight_mobile":"","ocean_menu_typo_transform":"","ocean_menu_typo_transform_tablet":"","ocean_menu_typo_transform_mobile":"","ocean_menu_typo_line_height":0,"ocean_menu_typo_line_height_tablet":0,"ocean_menu_typo_line_height_mobile":0,"ocean_menu_typo_line_height_unit":"","ocean_menu_typo_spacing":0,"ocean_menu_typo_spacing_tablet":0,"ocean_menu_typo_spacing_mobile":0,"ocean_menu_typo_spacing_unit":"","ocean_menu_link_color":"","ocean_menu_link_color_hover":"","ocean_menu_link_color_active":"","ocean_menu_link_background":"","ocean_menu_link_hover_background":"","ocean_menu_link_active_background":"","ocean_menu_social_links_bg":"","ocean_menu_social_hover_links_bg":"","ocean_menu_social_links_color":"","ocean_menu_social_hover_links_color":"","ocean_disable_title":"default","ocean_disable_heading":"default","ocean_post_title":"","ocean_post_subheading":"","ocean_post_title_style":"","ocean_post_title_background_color":"","ocean_post_title_background":0,"ocean_post_title_bg_image_position":"","ocean_post_title_bg_image_attachment":"","ocean_post_title_bg_image_repeat":"","ocean_post_title_bg_image_size":"","ocean_post_title_height":0,"ocean_post_title_bg_overlay":0.5,"ocean_post_title_bg_overlay_color":"","ocean_disable_breadcrumbs":"default","ocean_breadcrumbs_color":"","ocean_breadcrumbs_separator_color":"","ocean_breadcrumbs_links_color":"","ocean_breadcrumbs_links_hover_color":"","ocean_display_footer_widgets":"default","ocean_display_footer_bottom":"default","ocean_custom_footer_template":"","ocean_post_oembed":"","ocean_post_self_hosted_media":"","ocean_post_video_embed":"","ocean_link_format":"","ocean_link_format_target":"self","ocean_quote_format":"","ocean_quote_format_link":"post","ocean_gallery_link_images":"on","ocean_gallery_id":[]},"categories":[9],"tags":[],"acf":[],"_links":{"self":[{"href":"https:\/\/www.simepe.com.br\/novo\/wp-json\/wp\/v2\/posts\/37537"}],"collection":[{"href":"https:\/\/www.simepe.com.br\/novo\/wp-json\/wp\/v2\/posts"}],"about":[{"href":"https:\/\/www.simepe.com.br\/novo\/wp-json\/wp\/v2\/types\/post"}],"author":[{"embeddable":true,"href":"https:\/\/www.simepe.com.br\/novo\/wp-json\/wp\/v2\/users\/1"}],"replies":[{"embeddable":true,"href":"https:\/\/www.simepe.com.br\/novo\/wp-json\/wp\/v2\/comments?post=37537"}],"version-history":[{"count":1,"href":"https:\/\/www.simepe.com.br\/novo\/wp-json\/wp\/v2\/posts\/37537\/revisions"}],"predecessor-version":[{"id":37538,"href":"https:\/\/www.simepe.com.br\/novo\/wp-json\/wp\/v2\/posts\/37537\/revisions\/37538"}],"wp:attachment":[{"href":"https:\/\/www.simepe.com.br\/novo\/wp-json\/wp\/v2\/media?parent=37537"}],"wp:term":[{"taxonomy":"category","embeddable":true,"href":"https:\/\/www.simepe.com.br\/novo\/wp-json\/wp\/v2\/categories?post=37537"},{"taxonomy":"post_tag","embeddable":true,"href":"https:\/\/www.simepe.com.br\/novo\/wp-json\/wp\/v2\/tags?post=37537"}],"curies":[{"name":"wp","href":"https:\/\/api.w.org\/{rel}","templated":true}]}}