{"id":37570,"date":"2017-03-16T07:39:37","date_gmt":"2017-03-16T10:39:37","guid":{"rendered":"http:\/\/www.simepe.com.br\/novo\/?p=37570"},"modified":"2017-03-16T07:39:37","modified_gmt":"2017-03-16T10:39:37","slug":"recife-tera-samu-psiquiatrico-a-partir-de-abril","status":"publish","type":"post","link":"https:\/\/www.simepe.com.br\/novo\/recife-tera-samu-psiquiatrico-a-partir-de-abril\/","title":{"rendered":"Recife ter\u00e1 Samu Psiqui\u00e1trico a partir de abril"},"content":{"rendered":"<div id=\"pastingspan1\" style=\"text-align: justify;\">Recife se prepara para ter um Samu Psiqui\u00e1trico a partir de abril. O projeto ainda \u00e9 piloto e ter\u00e1 uma ambul\u00e2ncia exclusiva no atendimento dos pacientes em surto na Capital. A expectativa \u00e9 que apenas essa viatura seja respons\u00e1vel por tr\u00eas a quatro ocorr\u00eancias a cada plant\u00e3o de 12 horas.<\/p>\n<p>A medida visa melhorar a resolutividade para os doentes mentais que precisam do atendimento m\u00f3vel de urg\u00eancia. Hoje, nas 62 cidades reguladas pelo Samu Metropolitano, apenas 30% dos chamados com esse perfil s\u00e3o atendidos pelo servi\u00e7o. Atualmente, as ocorr\u00eancias de socorro a pacientes em surtos representam 28,1% dos atendimentos do servi\u00e7o, atr\u00e1s apenas de causas cl\u00ednicas (60,4%) e das causas externas (45,8%) com a preval\u00eancia de acidentes de moto.<\/p><\/div>\n<div id=\"pastingspan1\" style=\"text-align: justify;\">O coordenador do Samu Metropolitano, Leonardo Gomes, explicou que o servi\u00e7o de atendimento m\u00f3vel de urg\u00eancia sofreu um impacto grande nas demandas com pacientes de doen\u00e7a mental nos \u00faltimos meses. Isso se deve, em grande parte, \u00e0 desinstitucionaliza\u00e7\u00e3o dos doentes internados por muito tempo em manic\u00f4mios que seguindo os moldes da legisla\u00e7\u00e3o da reforma psiqui\u00e1trica precisavam voltar ao conv\u00edvio dos parentes ou ser abrigados em resid\u00eancias terap\u00eauticas.<\/div>\n<div id=\"pastingspan1\" style=\"text-align: justify;\">\u201cO que aconteceu, na nossa vis\u00e3o do pr\u00e9-hospitalar, \u00e9 que muitos munic\u00edpios da nossa \u00e1rea de abrang\u00eancia n\u00e3o conseguiram se preparara para a mudan\u00e7a. A velocidade das portarias e programas n\u00e3o foi a velocidade de cria\u00e7\u00e3o dessa rede de acolhida e atendimento. E agora isso est\u00e1 estourando no Samu. \u00c9 um volume absurdo de pacientes que tem chegado\u201d, comentou.<\/div>\n<div id=\"pastingspan1\" style=\"text-align: justify;\">O gestor ainda apontou que tamb\u00e9m \u00e9 alto o \u00edndice de recorr\u00eancia. Segundo ele, n\u00e3o \u00e9 raro o caso do servi\u00e7o ser acionado duas, quatro ou at\u00e9 seis vezes no m\u00eas para resolver o surto da mesma pessoa. Al\u00e9m desse cen\u00e1rio de aumento de demanda, outras peculiaridades tornam as urg\u00eancias do Samu aos pacientes em surto mais complexas de serem resolvidas.<\/div>\n<div id=\"pastingspan1\" style=\"text-align: justify;\">\u201cNa psiquiatria dependemos de outros atores. Muitas vezes precisamos do apoio policial porque o paciente pode estar armado ou ser violento com ele mesmo, com os outros ou com a equipe. E nessa interven\u00e7\u00e3o \u00e9 preciso casar nosso tempo com o da pol\u00edcia. \u00c0s vezes tenho viatura dispon\u00edvel, mas n\u00e3o tenho ambul\u00e2ncia. Ou o contr\u00e1rio\u201d, exemplificou. Outro complicador para a resposta de sa\u00fade \u00e9 a falta de um parente para negociar a entrada na casa ou a a fuga do doente quando sabe que ser\u00e1 levado para o m\u00e9dico.<\/div>\n<div id=\"pastingspan1\" style=\"text-align: justify;\">Sobre o projeto piloto do Samu Psiqui\u00e1trico, Gomes explicou que a ideia \u00e9 ter uma ambul\u00e2ncia a mais inserida nessa tarefa. As outras 22 que j\u00e1 atuam na \u00e1rea do Recife permanecem rodando para qualquer chamado, inclusive os psiqui\u00e1tricos. Haver\u00e1 um rod\u00edzio dos profissionais que j\u00e1 trabalham no Samu para essa ambul\u00e2ncia especial.<\/p>\n<p>Gomes destacou que a inten\u00e7\u00e3o \u00e9 replicar o modelo de forma setorizada na Capital, com equipes espalhadas por distritos sanit\u00e1rios, mas isso depende do sucesso do teste piloto.<\/p><\/div>\n<div style=\"text-align: justify;\"><\/div>\n<div style=\"text-align: justify;\">Fonte: Folha de Pernambuco<\/div>\n","protected":false},"excerpt":{"rendered":"<p>Recife se prepara para ter um Samu Psiqui\u00e1trico a partir de abril. O projeto ainda \u00e9 piloto e ter\u00e1 uma ambul\u00e2ncia exclusiva no atendimento dos pacientes em surto na Capital. A expectativa \u00e9 que apenas essa viatura seja respons\u00e1vel por tr\u00eas a quatro ocorr\u00eancias a cada plant\u00e3o de 12 horas. A medida visa melhorar a [&hellip;]<\/p>\n","protected":false},"author":1,"featured_media":0,"comment_status":"open","ping_status":"open","sticky":false,"template":"","format":"standard","meta":{"ocean_post_layout":"","ocean_both_sidebars_style":"","ocean_both_sidebars_content_width":0,"ocean_both_sidebars_sidebars_width":0,"ocean_sidebar":"","ocean_second_sidebar":"","ocean_disable_margins":"enable","ocean_add_body_class":"","ocean_shortcode_before_top_bar":"","ocean_shortcode_after_top_bar":"","ocean_shortcode_before_header":"","ocean_shortcode_after_header":"","ocean_has_shortcode":"","ocean_shortcode_after_title":"","ocean_shortcode_before_footer_widgets":"","ocean_shortcode_after_footer_widgets":"","ocean_shortcode_before_footer_bottom":"","ocean_shortcode_after_footer_bottom":"","ocean_display_top_bar":"default","ocean_display_header":"default","ocean_header_style":"","ocean_center_header_left_menu":"","ocean_custom_header_template":"","ocean_custom_logo":0,"ocean_custom_retina_logo":0,"ocean_custom_logo_max_width":0,"ocean_custom_logo_tablet_max_width":0,"ocean_custom_logo_mobile_max_width":0,"ocean_custom_logo_max_height":0,"ocean_custom_logo_tablet_max_height":0,"ocean_custom_logo_mobile_max_height":0,"ocean_header_custom_menu":"","ocean_menu_typo_font_family":"","ocean_menu_typo_font_subset":"","ocean_menu_typo_font_size":0,"ocean_menu_typo_font_size_tablet":0,"ocean_menu_typo_font_size_mobile":0,"ocean_menu_typo_font_size_unit":"px","ocean_menu_typo_font_weight":"","ocean_menu_typo_font_weight_tablet":"","ocean_menu_typo_font_weight_mobile":"","ocean_menu_typo_transform":"","ocean_menu_typo_transform_tablet":"","ocean_menu_typo_transform_mobile":"","ocean_menu_typo_line_height":0,"ocean_menu_typo_line_height_tablet":0,"ocean_menu_typo_line_height_mobile":0,"ocean_menu_typo_line_height_unit":"","ocean_menu_typo_spacing":0,"ocean_menu_typo_spacing_tablet":0,"ocean_menu_typo_spacing_mobile":0,"ocean_menu_typo_spacing_unit":"","ocean_menu_link_color":"","ocean_menu_link_color_hover":"","ocean_menu_link_color_active":"","ocean_menu_link_background":"","ocean_menu_link_hover_background":"","ocean_menu_link_active_background":"","ocean_menu_social_links_bg":"","ocean_menu_social_hover_links_bg":"","ocean_menu_social_links_color":"","ocean_menu_social_hover_links_color":"","ocean_disable_title":"default","ocean_disable_heading":"default","ocean_post_title":"","ocean_post_subheading":"","ocean_post_title_style":"","ocean_post_title_background_color":"","ocean_post_title_background":0,"ocean_post_title_bg_image_position":"","ocean_post_title_bg_image_attachment":"","ocean_post_title_bg_image_repeat":"","ocean_post_title_bg_image_size":"","ocean_post_title_height":0,"ocean_post_title_bg_overlay":0.5,"ocean_post_title_bg_overlay_color":"","ocean_disable_breadcrumbs":"default","ocean_breadcrumbs_color":"","ocean_breadcrumbs_separator_color":"","ocean_breadcrumbs_links_color":"","ocean_breadcrumbs_links_hover_color":"","ocean_display_footer_widgets":"default","ocean_display_footer_bottom":"default","ocean_custom_footer_template":"","ocean_post_oembed":"","ocean_post_self_hosted_media":"","ocean_post_video_embed":"","ocean_link_format":"","ocean_link_format_target":"self","ocean_quote_format":"","ocean_quote_format_link":"post","ocean_gallery_link_images":"on","ocean_gallery_id":[]},"categories":[9],"tags":[],"acf":[],"_links":{"self":[{"href":"https:\/\/www.simepe.com.br\/novo\/wp-json\/wp\/v2\/posts\/37570"}],"collection":[{"href":"https:\/\/www.simepe.com.br\/novo\/wp-json\/wp\/v2\/posts"}],"about":[{"href":"https:\/\/www.simepe.com.br\/novo\/wp-json\/wp\/v2\/types\/post"}],"author":[{"embeddable":true,"href":"https:\/\/www.simepe.com.br\/novo\/wp-json\/wp\/v2\/users\/1"}],"replies":[{"embeddable":true,"href":"https:\/\/www.simepe.com.br\/novo\/wp-json\/wp\/v2\/comments?post=37570"}],"version-history":[{"count":1,"href":"https:\/\/www.simepe.com.br\/novo\/wp-json\/wp\/v2\/posts\/37570\/revisions"}],"predecessor-version":[{"id":37571,"href":"https:\/\/www.simepe.com.br\/novo\/wp-json\/wp\/v2\/posts\/37570\/revisions\/37571"}],"wp:attachment":[{"href":"https:\/\/www.simepe.com.br\/novo\/wp-json\/wp\/v2\/media?parent=37570"}],"wp:term":[{"taxonomy":"category","embeddable":true,"href":"https:\/\/www.simepe.com.br\/novo\/wp-json\/wp\/v2\/categories?post=37570"},{"taxonomy":"post_tag","embeddable":true,"href":"https:\/\/www.simepe.com.br\/novo\/wp-json\/wp\/v2\/tags?post=37570"}],"curies":[{"name":"wp","href":"https:\/\/api.w.org\/{rel}","templated":true}]}}