{"id":37579,"date":"2017-03-16T07:52:35","date_gmt":"2017-03-16T10:52:35","guid":{"rendered":"http:\/\/www.simepe.com.br\/novo\/?p=37579"},"modified":"2017-03-16T07:52:35","modified_gmt":"2017-03-16T10:52:35","slug":"estado-do-rio-confirma-primeira-morte-por-febre-amarela","status":"publish","type":"post","link":"https:\/\/www.simepe.com.br\/novo\/estado-do-rio-confirma-primeira-morte-por-febre-amarela\/","title":{"rendered":"Estado do Rio confirma primeira morte por febre amarela"},"content":{"rendered":"<p style=\"text-align: justify;\">A Secretaria Estadual de Sa\u00fade (SES) do Rio de Janeiro informou nesta quarta-feira (15) que foram confirmados os dois primeiros casos de febre amarela silvestre com transmiss\u00e3o dentro do estado, desde as primeiras notifica\u00e7\u00f5es em humanos em Minas Gerais. Um dos casos resultou em morte: Watila Santos, de 38 anos, morador da \u00e1rea rural de Casimiro de Abreu, na Baixada Litor\u00e2nea. Ele morreu no \u00faltimo s\u00e1bado (11), no hospital municipal da cidade, onde deu entrada com queixas de dor de cabe\u00e7a, taquicardia, falta de ar, febre e dor no corpo.<\/p>\n<p>O outro resultado positivo para o v\u00edrus tamb\u00e9m \u00e9 de um morador da \u00e1rea rural do munic\u00edpio de Casimiro de Abreu. Segundo a secretaria, os dois homens n\u00e3o t\u00eam hist\u00f3rico de viagem para \u00e1reas onde h\u00e1 comprova\u00e7\u00e3o da circula\u00e7\u00e3o da doen\u00e7a.<\/p>\n<p>Diante dos resultados, a secretaria informou que vai antecipar a vacina\u00e7\u00e3o para 24 munic\u00edpios estrat\u00e9gicos nas regi\u00f5es Norte, Noroeste, Serrana, dos Lagos e no entorno da reserva do Po\u00e7o das Antas. A prioridade da campanha ser\u00e1 imunizar a popula\u00e7\u00e3o residente ou que trabalha em \u00e1reas de mata e zonas rurais.<\/p>\n<p>Para a primeira etapa da vacina\u00e7\u00e3o dos moradores destes munic\u00edpios, o Minist\u00e9rio da Sa\u00fade vai disponibilizar 1 milh\u00e3o de doses de vacinas, que ser\u00e3o entregues nesta quinta-feira (16) para a secretaria, que far\u00e1 a distribui\u00e7\u00e3o para as cidades.<\/p>\n<p>Os demais munic\u00edpios, incluindo a capital e a regi\u00e3o metropolitana, integrar\u00e3o as duas fases seguintes, com previs\u00e3o de in\u00edcio at\u00e9 o fim deste m\u00eas, mediante a libera\u00e7\u00e3o de novos lotes de doses a serem disponibilizados pelo Minist\u00e9rio da Sa\u00fade para o Rio de Janeiro. A Secretaria de Sa\u00fade refor\u00e7a que todo o estado ser\u00e1 contemplado e que, portanto, n\u00e3o h\u00e1 necessidade de deslocamento da popula\u00e7\u00e3o entre os munic\u00edpios em busca da vacina.<\/p>\n<p style=\"text-align: justify;\">\n<p style=\"text-align: justify;\">Fonte: Folha de Pernambuco<\/p>\n","protected":false},"excerpt":{"rendered":"<p>A Secretaria Estadual de Sa\u00fade (SES) do Rio de Janeiro informou nesta quarta-feira (15) que foram confirmados os dois primeiros casos de febre amarela silvestre com transmiss\u00e3o dentro do estado, desde as primeiras notifica\u00e7\u00f5es em humanos em Minas Gerais. Um dos casos resultou em morte: Watila Santos, de 38 anos, morador da \u00e1rea rural de [&hellip;]<\/p>\n","protected":false},"author":1,"featured_media":0,"comment_status":"open","ping_status":"open","sticky":false,"template":"","format":"standard","meta":{"ocean_post_layout":"","ocean_both_sidebars_style":"","ocean_both_sidebars_content_width":0,"ocean_both_sidebars_sidebars_width":0,"ocean_sidebar":"","ocean_second_sidebar":"","ocean_disable_margins":"enable","ocean_add_body_class":"","ocean_shortcode_before_top_bar":"","ocean_shortcode_after_top_bar":"","ocean_shortcode_before_header":"","ocean_shortcode_after_header":"","ocean_has_shortcode":"","ocean_shortcode_after_title":"","ocean_shortcode_before_footer_widgets":"","ocean_shortcode_after_footer_widgets":"","ocean_shortcode_before_footer_bottom":"","ocean_shortcode_after_footer_bottom":"","ocean_display_top_bar":"default","ocean_display_header":"default","ocean_header_style":"","ocean_center_header_left_menu":"","ocean_custom_header_template":"","ocean_custom_logo":0,"ocean_custom_retina_logo":0,"ocean_custom_logo_max_width":0,"ocean_custom_logo_tablet_max_width":0,"ocean_custom_logo_mobile_max_width":0,"ocean_custom_logo_max_height":0,"ocean_custom_logo_tablet_max_height":0,"ocean_custom_logo_mobile_max_height":0,"ocean_header_custom_menu":"","ocean_menu_typo_font_family":"","ocean_menu_typo_font_subset":"","ocean_menu_typo_font_size":0,"ocean_menu_typo_font_size_tablet":0,"ocean_menu_typo_font_size_mobile":0,"ocean_menu_typo_font_size_unit":"px","ocean_menu_typo_font_weight":"","ocean_menu_typo_font_weight_tablet":"","ocean_menu_typo_font_weight_mobile":"","ocean_menu_typo_transform":"","ocean_menu_typo_transform_tablet":"","ocean_menu_typo_transform_mobile":"","ocean_menu_typo_line_height":0,"ocean_menu_typo_line_height_tablet":0,"ocean_menu_typo_line_height_mobile":0,"ocean_menu_typo_line_height_unit":"","ocean_menu_typo_spacing":0,"ocean_menu_typo_spacing_tablet":0,"ocean_menu_typo_spacing_mobile":0,"ocean_menu_typo_spacing_unit":"","ocean_menu_link_color":"","ocean_menu_link_color_hover":"","ocean_menu_link_color_active":"","ocean_menu_link_background":"","ocean_menu_link_hover_background":"","ocean_menu_link_active_background":"","ocean_menu_social_links_bg":"","ocean_menu_social_hover_links_bg":"","ocean_menu_social_links_color":"","ocean_menu_social_hover_links_color":"","ocean_disable_title":"default","ocean_disable_heading":"default","ocean_post_title":"","ocean_post_subheading":"","ocean_post_title_style":"","ocean_post_title_background_color":"","ocean_post_title_background":0,"ocean_post_title_bg_image_position":"","ocean_post_title_bg_image_attachment":"","ocean_post_title_bg_image_repeat":"","ocean_post_title_bg_image_size":"","ocean_post_title_height":0,"ocean_post_title_bg_overlay":0.5,"ocean_post_title_bg_overlay_color":"","ocean_disable_breadcrumbs":"default","ocean_breadcrumbs_color":"","ocean_breadcrumbs_separator_color":"","ocean_breadcrumbs_links_color":"","ocean_breadcrumbs_links_hover_color":"","ocean_display_footer_widgets":"default","ocean_display_footer_bottom":"default","ocean_custom_footer_template":"","ocean_post_oembed":"","ocean_post_self_hosted_media":"","ocean_post_video_embed":"","ocean_link_format":"","ocean_link_format_target":"self","ocean_quote_format":"","ocean_quote_format_link":"post","ocean_gallery_link_images":"on","ocean_gallery_id":[]},"categories":[9],"tags":[],"acf":[],"_links":{"self":[{"href":"https:\/\/www.simepe.com.br\/novo\/wp-json\/wp\/v2\/posts\/37579"}],"collection":[{"href":"https:\/\/www.simepe.com.br\/novo\/wp-json\/wp\/v2\/posts"}],"about":[{"href":"https:\/\/www.simepe.com.br\/novo\/wp-json\/wp\/v2\/types\/post"}],"author":[{"embeddable":true,"href":"https:\/\/www.simepe.com.br\/novo\/wp-json\/wp\/v2\/users\/1"}],"replies":[{"embeddable":true,"href":"https:\/\/www.simepe.com.br\/novo\/wp-json\/wp\/v2\/comments?post=37579"}],"version-history":[{"count":1,"href":"https:\/\/www.simepe.com.br\/novo\/wp-json\/wp\/v2\/posts\/37579\/revisions"}],"predecessor-version":[{"id":37580,"href":"https:\/\/www.simepe.com.br\/novo\/wp-json\/wp\/v2\/posts\/37579\/revisions\/37580"}],"wp:attachment":[{"href":"https:\/\/www.simepe.com.br\/novo\/wp-json\/wp\/v2\/media?parent=37579"}],"wp:term":[{"taxonomy":"category","embeddable":true,"href":"https:\/\/www.simepe.com.br\/novo\/wp-json\/wp\/v2\/categories?post=37579"},{"taxonomy":"post_tag","embeddable":true,"href":"https:\/\/www.simepe.com.br\/novo\/wp-json\/wp\/v2\/tags?post=37579"}],"curies":[{"name":"wp","href":"https:\/\/api.w.org\/{rel}","templated":true}]}}