{"id":37591,"date":"2017-03-16T08:22:04","date_gmt":"2017-03-16T11:22:04","guid":{"rendered":"http:\/\/www.simepe.com.br\/novo\/?p=37591"},"modified":"2017-03-16T08:22:04","modified_gmt":"2017-03-16T11:22:04","slug":"encontro-neste-sabado-no-parque-da-jaqueira-marca-dia-internacional-da-sindrome-de-down","status":"publish","type":"post","link":"https:\/\/www.simepe.com.br\/novo\/encontro-neste-sabado-no-parque-da-jaqueira-marca-dia-internacional-da-sindrome-de-down\/","title":{"rendered":"Encontro neste s\u00e1bado no Parque da Jaqueira marca Dia Internacional da S\u00edndrome de Down"},"content":{"rendered":"<p style=\"text-align: justify;\">Um momento para conscientizar a sociedade sobre a import\u00e2ncia da inclus\u00e3o social de pessoas com S\u00edndrome de Down. Este \u00e9 um dos principais objetivos do encontro Fazendo Acontecer \u2013 Ano II, neste s\u00e1bado (18). A programa\u00e7\u00e3o celebrar\u00e1 o Dia Internacional da S\u00edndrome de Down, comemorado no dia 21 de mar\u00e7o. As atividades acontecer\u00e3o no econ\u00facleo do Parque da Jaqueira, a partir das 9h, na Zona Norte do Recife.<\/p>\n<p style=\"text-align: justify;\">Na programa\u00e7\u00e3o, apresenta\u00e7\u00f5es culturais e art\u00edsticas de jovens que convivem com a s\u00edndrome, oficinas de beleza e exposi\u00e7\u00e3o de artesanatos. O encontro contar\u00e1 tamb\u00e9m com a mostra fotogr\u00e1fica \u2018Um pouco de Recife sob um olhar especial\u2019, do fot\u00f3grafo com s\u00edndrome de Down Lucas Albuquerque.<\/p>\n<p style=\"text-align: justify;\">O evento \u00e9 promovido pela ASPAD (Associa\u00e7\u00e3o de Pais e Amigos de Pessoas com S\u00edndrome de Down), Apabb (Associa\u00e7\u00e3o de Pais, Amigos e Pessoas com Defici\u00eancia, de Funcion\u00e1rios do Banco do Brasil e da Comunidade), Apae (Associa\u00e7\u00f5es de Pais e Amigos dos Excepcionais), Forma\u00e7\u00e3o de Ballet Jeane Barbosa, Grupo Down +, Integrarte, Associa\u00e7\u00e3o Novo Rumo, Projeto Encontro, RecDown e Grupo Esportivo Santos Dumond. A iniciativa conta com o apoio\u00a0da Secretaria de Meio Ambiente e Sustentabilidade da Prefeitura da Cidade do Recife.<\/p>\n<p style=\"text-align: justify;\">Confira a programa\u00e7\u00e3o completa:<\/p>\n<p style=\"text-align: justify;\">9h \u2013 Apresenta\u00e7\u00e3o e agradecimentos APRESENTA\u00c7\u00c3O E AGRADECIMENTOS<\/p>\n<p style=\"text-align: justify;\">9h15 \u2013 Aula de alongamento (com Carlos Granja e Andr\u00e9 Damasceno)<\/p>\n<p style=\"text-align: justify;\">9h30 \u2013 Aula de zumba (com Priscilla Mesquita)<\/p>\n<p style=\"text-align: justify;\">9h45 \u2013 Apresenta\u00e7\u00e3o teatral (Grupo Down +)<\/p>\n<p style=\"text-align: justify;\">10h15 \u2013 Grupo de capoeira (Associa\u00e7\u00e3o Novo Rumo)<\/p>\n<p style=\"text-align: justify;\">10h30 \u2013 Apresenta\u00e7\u00e3o de m\u00fasica e dan\u00e7a (Projeto Encontro)<\/p>\n<p style=\"text-align: justify;\">10h50 \u2013 Apresenta\u00e7\u00e3o de bal\u00e9 (Forma\u00e7\u00e3o de ballet Jeane Barbosa com Amanda Lima e Amanda Cabral)<\/p>\n<p style=\"text-align: justify;\">11h20 \u2013 Apresenta\u00e7\u00e3o de dan\u00e7a (Centro Esportivo Santos Dumont)<\/p>\n<p style=\"text-align: justify;\">11h35 \u2013 Apresenta\u00e7\u00e3o \u2013 Ilana Ventura<\/p>\n<p style=\"text-align: justify;\">11h50 \u2013 Apresenta\u00e7\u00e3o de frevo \u2013 Caio Rocha e Gabrielz\u00e3o<\/p>\n<p style=\"text-align: justify;\">12h10 \u2013 Maracatu (APABB)<\/p>\n<h2 style=\"text-align: justify;\">Servi\u00e7o<\/h2>\n<p style=\"text-align: justify;\">Encontro Fazendo Acontecer \u2013 Ano II<br \/>\nData:\u00a0s\u00e1bado, 18 de mar\u00e7o<br \/>\nHor\u00e1rio:\u00a0a partir das 9h<br \/>\nLocal:\u00a0Econ\u00facleo do Parque da Jaqueira | Rua do Futuro, 959 \u2013 Gra\u00e7as, Recife<\/p>\n<p style=\"text-align: justify;\">\n<p style=\"text-align: justify;\">Fonte: Jornal do Commercio<\/p>\n","protected":false},"excerpt":{"rendered":"<p>Um momento para conscientizar a sociedade sobre a import\u00e2ncia da inclus\u00e3o social de pessoas com S\u00edndrome de Down. Este \u00e9 um dos principais objetivos do encontro Fazendo Acontecer \u2013 Ano II, neste s\u00e1bado (18). A programa\u00e7\u00e3o celebrar\u00e1 o Dia Internacional da S\u00edndrome de Down, comemorado no dia 21 de mar\u00e7o. As atividades acontecer\u00e3o no econ\u00facleo [&hellip;]<\/p>\n","protected":false},"author":1,"featured_media":0,"comment_status":"open","ping_status":"open","sticky":false,"template":"","format":"standard","meta":{"ocean_post_layout":"","ocean_both_sidebars_style":"","ocean_both_sidebars_content_width":0,"ocean_both_sidebars_sidebars_width":0,"ocean_sidebar":"","ocean_second_sidebar":"","ocean_disable_margins":"enable","ocean_add_body_class":"","ocean_shortcode_before_top_bar":"","ocean_shortcode_after_top_bar":"","ocean_shortcode_before_header":"","ocean_shortcode_after_header":"","ocean_has_shortcode":"","ocean_shortcode_after_title":"","ocean_shortcode_before_footer_widgets":"","ocean_shortcode_after_footer_widgets":"","ocean_shortcode_before_footer_bottom":"","ocean_shortcode_after_footer_bottom":"","ocean_display_top_bar":"default","ocean_display_header":"default","ocean_header_style":"","ocean_center_header_left_menu":"","ocean_custom_header_template":"","ocean_custom_logo":0,"ocean_custom_retina_logo":0,"ocean_custom_logo_max_width":0,"ocean_custom_logo_tablet_max_width":0,"ocean_custom_logo_mobile_max_width":0,"ocean_custom_logo_max_height":0,"ocean_custom_logo_tablet_max_height":0,"ocean_custom_logo_mobile_max_height":0,"ocean_header_custom_menu":"","ocean_menu_typo_font_family":"","ocean_menu_typo_font_subset":"","ocean_menu_typo_font_size":0,"ocean_menu_typo_font_size_tablet":0,"ocean_menu_typo_font_size_mobile":0,"ocean_menu_typo_font_size_unit":"px","ocean_menu_typo_font_weight":"","ocean_menu_typo_font_weight_tablet":"","ocean_menu_typo_font_weight_mobile":"","ocean_menu_typo_transform":"","ocean_menu_typo_transform_tablet":"","ocean_menu_typo_transform_mobile":"","ocean_menu_typo_line_height":0,"ocean_menu_typo_line_height_tablet":0,"ocean_menu_typo_line_height_mobile":0,"ocean_menu_typo_line_height_unit":"","ocean_menu_typo_spacing":0,"ocean_menu_typo_spacing_tablet":0,"ocean_menu_typo_spacing_mobile":0,"ocean_menu_typo_spacing_unit":"","ocean_menu_link_color":"","ocean_menu_link_color_hover":"","ocean_menu_link_color_active":"","ocean_menu_link_background":"","ocean_menu_link_hover_background":"","ocean_menu_link_active_background":"","ocean_menu_social_links_bg":"","ocean_menu_social_hover_links_bg":"","ocean_menu_social_links_color":"","ocean_menu_social_hover_links_color":"","ocean_disable_title":"default","ocean_disable_heading":"default","ocean_post_title":"","ocean_post_subheading":"","ocean_post_title_style":"","ocean_post_title_background_color":"","ocean_post_title_background":0,"ocean_post_title_bg_image_position":"","ocean_post_title_bg_image_attachment":"","ocean_post_title_bg_image_repeat":"","ocean_post_title_bg_image_size":"","ocean_post_title_height":0,"ocean_post_title_bg_overlay":0.5,"ocean_post_title_bg_overlay_color":"","ocean_disable_breadcrumbs":"default","ocean_breadcrumbs_color":"","ocean_breadcrumbs_separator_color":"","ocean_breadcrumbs_links_color":"","ocean_breadcrumbs_links_hover_color":"","ocean_display_footer_widgets":"default","ocean_display_footer_bottom":"default","ocean_custom_footer_template":"","ocean_post_oembed":"","ocean_post_self_hosted_media":"","ocean_post_video_embed":"","ocean_link_format":"","ocean_link_format_target":"self","ocean_quote_format":"","ocean_quote_format_link":"post","ocean_gallery_link_images":"on","ocean_gallery_id":[]},"categories":[9],"tags":[],"acf":[],"_links":{"self":[{"href":"https:\/\/www.simepe.com.br\/novo\/wp-json\/wp\/v2\/posts\/37591"}],"collection":[{"href":"https:\/\/www.simepe.com.br\/novo\/wp-json\/wp\/v2\/posts"}],"about":[{"href":"https:\/\/www.simepe.com.br\/novo\/wp-json\/wp\/v2\/types\/post"}],"author":[{"embeddable":true,"href":"https:\/\/www.simepe.com.br\/novo\/wp-json\/wp\/v2\/users\/1"}],"replies":[{"embeddable":true,"href":"https:\/\/www.simepe.com.br\/novo\/wp-json\/wp\/v2\/comments?post=37591"}],"version-history":[{"count":1,"href":"https:\/\/www.simepe.com.br\/novo\/wp-json\/wp\/v2\/posts\/37591\/revisions"}],"predecessor-version":[{"id":37592,"href":"https:\/\/www.simepe.com.br\/novo\/wp-json\/wp\/v2\/posts\/37591\/revisions\/37592"}],"wp:attachment":[{"href":"https:\/\/www.simepe.com.br\/novo\/wp-json\/wp\/v2\/media?parent=37591"}],"wp:term":[{"taxonomy":"category","embeddable":true,"href":"https:\/\/www.simepe.com.br\/novo\/wp-json\/wp\/v2\/categories?post=37591"},{"taxonomy":"post_tag","embeddable":true,"href":"https:\/\/www.simepe.com.br\/novo\/wp-json\/wp\/v2\/tags?post=37591"}],"curies":[{"name":"wp","href":"https:\/\/api.w.org\/{rel}","templated":true}]}}