{"id":37610,"date":"2017-03-16T14:54:08","date_gmt":"2017-03-16T17:54:08","guid":{"rendered":"http:\/\/www.simepe.com.br\/novo\/?p=37610"},"modified":"2017-03-16T14:59:49","modified_gmt":"2017-03-16T17:59:49","slug":"concedido-registro-sindical-da-federacao-medica-brasileira","status":"publish","type":"post","link":"https:\/\/www.simepe.com.br\/novo\/concedido-registro-sindical-da-federacao-medica-brasileira\/","title":{"rendered":"Concedido Registro Sindical da Federa\u00e7\u00e3o M\u00e9dica Brasileira"},"content":{"rendered":"<p>Foi divulgado no <a href=\"http:\/\/pesquisa.in.gov.br\/imprensa\/jsp\/visualiza\/index.jsp?data=15\/03\/2017&amp;jornal=1&amp;pagina=62&amp;totalArquivos=112\">Di\u00e1rio Oficial da Uni\u00e3o de 15 de mar\u00e7o de 2017<\/a>, a concess\u00e3o do Registro Sindical da Federa\u00e7\u00e3o M\u00e9dica Brasileira (FMB), documento que oficializa as atividades da entidade em todo o territ\u00f3rio nacional.<\/p>\n<p>\u201cA FMB nasceu forte pela unidade de prop\u00f3sitos e valores de seus 14 sindicatos fundantes. Da\u00ed a ineg\u00e1vel legitimidade de nossa entidade que se firmou no cen\u00e1rio do movimento m\u00e9dico nacional pela sua independ\u00eancia, autonomia e compromisso com o m\u00e9dico. Agora conquistamos a plena legalidade enquanto entidade sindical de segundo grau. Uma vit\u00f3ria a ser celebrada e que \u00e9 fruto do esfor\u00e7o e trabalho de in\u00fameros sindicalistas, m\u00e9dicos ou n\u00e3o. A estes bravos e destemidos camaradas e aos m\u00e9dicos brasileiros dedico esta conquista\u201d, destaca o presidente da FMB, Waldir Ara\u00fajo Cardoso.<\/p>\n<p>A concess\u00e3o do documento \u00e0 FMB \u00e9 fruto de uma dura batalha judicial que foi liderada pela assessoria jur\u00eddica da entidade. \u201cA FMB foi fundada ap\u00f3s diverg\u00eancias com a outra entidade que era a \u00fanica no pa\u00eds representando os m\u00e9dicos. Sab\u00edamos que as brechas na lei poderiam nos causar o transtorno da demora da libera\u00e7\u00e3o do documento, mas tamb\u00e9m t\u00ednhamos plena confian\u00e7a de que n\u00e3o est\u00e1vamos cometendo ilegalidades\u201d, acrescenta o presidente.<\/p>\n<p style=\"text-align: justify;\">A FMB, ap\u00f3s um per\u00edodo de estrutura\u00e7\u00e3o e forma\u00e7\u00e3o de seu discurso ideol\u00f3gico, iniciou seus trabalhos em 27 de novembro de 2015. Tem em sua base os mesmos sindicatos que participaram da cria\u00e7\u00e3o e com a regulariza\u00e7\u00e3o ap\u00f3s a concess\u00e3o do registro, s\u00e3o esperadas novas filia\u00e7\u00f5es. \u201cA falta desse documento fazia com que muitos sindicatos estivessem trabalhando conosco e nos apoiando, mas ainda n\u00e3o formalmente. \u00c9 um avan\u00e7o para fortalecer a entidade e principalmente porque ampliar\u00e1 nossa atua\u00e7\u00e3o em defesa do m\u00e9dico e da sa\u00fade p\u00fablica de qualidade nos estados brasileiros\u201d, acrescenta Waldir.<\/p>\n<p style=\"text-align: justify;\">No per\u00edodo de espera pela concess\u00e3o do documento, a FMB realizou e participou de in\u00fameras atividades em todas suas bases representativas e em diversos segmentos relacionados \u00e0 sua \u00e1rea de atua\u00e7\u00e3o no Brasil e no exterior. \u201cTemos muito trabalho pela frente. A reforma trabalhista e previdenci\u00e1ria amea\u00e7am a todos os trabalhadores e as futuras gera\u00e7\u00f5es. Os m\u00e9dicos e a boa medicina est\u00e3o sendo atacados por gestores inescrupulosos. Com for\u00e7as renovadas, vamos \u00e0 luta!\u201d, afirma o presidente Waldir, que agradece o apoio de diversas entidades nesse per\u00edodo, como a Confedera\u00e7\u00e3o Nacional das Profiss\u00f5es Liberais (CNPL) e ao escrit\u00f3rio respons\u00e1vel pela assessoria jur\u00eddica da FMB, Zilmara Alencar. \u201cE a cada um dos dirigentes m\u00e9dicos e assessores e apoiadores que sempre acreditaram que seria poss\u00edvel\u201d, afirma.<\/p>\n<p style=\"text-align: justify;\">Desde abril de 2016, a FMB \u00e9 filiada \u00e0 Confedera\u00e7\u00e3o M\u00e9dica Latino-Ibero-Americana e do Caribe (Confemel), al\u00e9m de manter parceria e atuar nas causas e defesas do Conselho Federal de Medicina (CFM), Associa\u00e7\u00e3o M\u00e9dica Brasileira (AMB), Associa\u00e7\u00e3o Nacional dos M\u00e9dicos Residentes (ANMR) e de seus sindicatos de base.<\/p>\n<p style=\"text-align: justify;\"><strong>Hist\u00f3ria da FMB<\/strong><\/p>\n<p style=\"text-align: justify;\">Acre, Alagoas, Amap\u00e1, An\u00e1polis, Campinas, Par\u00e1, Para\u00edba, Pernambuco, Rond\u00f4nia, Roraima, Santa Catarina, Sorocaba, S\u00e3o Paulo e Tocantins s\u00e3o os estados e cidades que iniciaram no dia 27 de novembro de 2015, os trabalhos da FMB ap\u00f3s a posse da diretoria em Bel\u00e9m.<\/p>\n<p style=\"text-align: justify;\">Mas a hist\u00f3ria n\u00e3o iniciou nesse dia. A entidade representativa da categoria m\u00e9dica brasileira surgiu a partir do crescente descontentamento de um grupo de sindicatos m\u00e9dicos com os rumos e procedimentos tomados pela diretoria da Federa\u00e7\u00e3o Nacional dos M\u00e9dicos (Fenam), \u00fanica entidade que representava a categoria at\u00e9 ent\u00e3o. O \u00e1pice da insatisfa\u00e7\u00e3o foi em novembro de 2013, com a realiza\u00e7\u00e3o do Congresso Extraordin\u00e1rio Charles Damian, no Rio de Janeiro. Uma manobra interna e com a participa\u00e7\u00e3o de alguns representantes de sindicatos, permitiu, entre outras irregularidades, a prorroga\u00e7\u00e3o ilegal do mandato do presidente.<\/p>\n<p style=\"text-align: justify;\">Insatisfeitos com a forma de condu\u00e7\u00e3o do processo, em maio de 2014, surge a Resist\u00eancia Democr\u00e1tica, formada por entidades m\u00e9dicas de v\u00e1rias regi\u00f5es brasileiras, al\u00e9m de representantes de tr\u00eas regionais\u00a0 (Amaz\u00f4nia, S\u00e3o Paulo e Centro-Oeste-Tocantins), que elaborou, que elaborou a <a href=\"http:\/\/portalfmb.org.br\/institucional\/principios-politicos\/\">Carta de Princ\u00edpios<\/a>, onde constam os pressupostos \u00e9ticos que passariam a pautar as atividades do novo sindicalismo m\u00e9dico brasileiro.<\/p>\n<p style=\"text-align: justify;\">Em 24 de abril de 2015, em Recife, ap\u00f3s avaliarem durante um ano o movimento sindical m\u00e9dico e a sa\u00fade no Brasil, os sindicatos aprovaram a\u00a0<strong><a href=\"http:\/\/portalfmb.org.br\/institucional\/carta-de-pernambuco\/\">Carta de Pernambuco<\/a><\/strong><strong>,<\/strong>\u00a0e decidiram pela cria\u00e7\u00e3o de uma entidade federativa que representasse os m\u00e9dicos e o cidad\u00e3o brasileiro nessas demandas, bem como \u00a0fortalecesse as bandeiras de luta dos m\u00e9dicos, da medicina e da sa\u00fade no pa\u00eds.<\/p>\n<p style=\"text-align: justify;\">No dia 21 de maio de 2015, em S\u00e3o Paulo, foi realizado o lan\u00e7amento da Federa\u00e7\u00e3o M\u00e9dica Brasileira e sua primeira diretoria tomou posse e efetivamente come\u00e7ou a trabalhar no dia 27 de novembro de 2015, tendo como primeira sede aficial a cidade de Bel\u00e9m.<\/p>\n<p style=\"text-align: justify;\">No\u00a0<strong><a href=\"http:\/\/portalfmb.org.br\/institucional\/discurso-de-posse\/\">discurso de posse<\/a><\/strong>, Waldir Ara\u00fajo Cardoso destacou os grandes enfrentamentos da categoria, em n\u00edvel nacional, e chamou os colegas de profiss\u00e3o \u00e0 luta. \u201cA hora \u00e9 agora. Momento de transformar a hist\u00f3ria da organiza\u00e7\u00e3o sindical m\u00e9dica brasileira em uma hist\u00f3ria de homens e mulheres compromissados com a categoria e, sobretudo, com sa\u00fade de qualidade para a popula\u00e7\u00e3o brasileira\u201d.<\/p>\n<p style=\"text-align: justify;\">Entre os desafios, frisou \u201ca crescente desvaloriza\u00e7\u00e3o do trabalho m\u00e9dico, com grande preju\u00edzo na qualidade da assist\u00eancia m\u00e9dica; a absoluta inefic\u00e1cia das pol\u00edticas de qualifica\u00e7\u00e3o da forma\u00e7\u00e3o de m\u00e9dicos no pa\u00eds e a crescente onda de transfer\u00eancia da gest\u00e3o na sa\u00fade p\u00fablica para organiza\u00e7\u00f5es sociais e funda\u00e7\u00f5es p\u00fablicas de direito privado\u201d.<\/p>\n<p style=\"text-align: justify;\"><a href=\"http:\/\/portalfmb.org.br\/institucional\/diretoria-gestao-2015-2018\/\">Nominata da Gest\u00e3o 2015\/2018 da FMB<\/a><\/p>\n<p style=\"text-align: justify;\">Fonte: Assessoria da FMB<\/p>\n","protected":false},"excerpt":{"rendered":"<p>Foi divulgado no Di\u00e1rio Oficial da Uni\u00e3o de 15 de mar\u00e7o de 2017, a concess\u00e3o do Registro Sindical da Federa\u00e7\u00e3o M\u00e9dica Brasileira (FMB), documento que oficializa as atividades da entidade em todo o territ\u00f3rio nacional. \u201cA FMB nasceu forte pela unidade de prop\u00f3sitos e valores de seus 14 sindicatos fundantes. Da\u00ed a ineg\u00e1vel legitimidade de [&hellip;]<\/p>\n","protected":false},"author":1,"featured_media":37612,"comment_status":"open","ping_status":"open","sticky":false,"template":"","format":"standard","meta":{"ocean_post_layout":"","ocean_both_sidebars_style":"","ocean_both_sidebars_content_width":0,"ocean_both_sidebars_sidebars_width":0,"ocean_sidebar":"","ocean_second_sidebar":"","ocean_disable_margins":"enable","ocean_add_body_class":"","ocean_shortcode_before_top_bar":"","ocean_shortcode_after_top_bar":"","ocean_shortcode_before_header":"","ocean_shortcode_after_header":"","ocean_has_shortcode":"","ocean_shortcode_after_title":"","ocean_shortcode_before_footer_widgets":"","ocean_shortcode_after_footer_widgets":"","ocean_shortcode_before_footer_bottom":"","ocean_shortcode_after_footer_bottom":"","ocean_display_top_bar":"default","ocean_display_header":"default","ocean_header_style":"","ocean_center_header_left_menu":"","ocean_custom_header_template":"","ocean_custom_logo":0,"ocean_custom_retina_logo":0,"ocean_custom_logo_max_width":0,"ocean_custom_logo_tablet_max_width":0,"ocean_custom_logo_mobile_max_width":0,"ocean_custom_logo_max_height":0,"ocean_custom_logo_tablet_max_height":0,"ocean_custom_logo_mobile_max_height":0,"ocean_header_custom_menu":"","ocean_menu_typo_font_family":"","ocean_menu_typo_font_subset":"","ocean_menu_typo_font_size":0,"ocean_menu_typo_font_size_tablet":0,"ocean_menu_typo_font_size_mobile":0,"ocean_menu_typo_font_size_unit":"px","ocean_menu_typo_font_weight":"","ocean_menu_typo_font_weight_tablet":"","ocean_menu_typo_font_weight_mobile":"","ocean_menu_typo_transform":"","ocean_menu_typo_transform_tablet":"","ocean_menu_typo_transform_mobile":"","ocean_menu_typo_line_height":0,"ocean_menu_typo_line_height_tablet":0,"ocean_menu_typo_line_height_mobile":0,"ocean_menu_typo_line_height_unit":"","ocean_menu_typo_spacing":0,"ocean_menu_typo_spacing_tablet":0,"ocean_menu_typo_spacing_mobile":0,"ocean_menu_typo_spacing_unit":"","ocean_menu_link_color":"","ocean_menu_link_color_hover":"","ocean_menu_link_color_active":"","ocean_menu_link_background":"","ocean_menu_link_hover_background":"","ocean_menu_link_active_background":"","ocean_menu_social_links_bg":"","ocean_menu_social_hover_links_bg":"","ocean_menu_social_links_color":"","ocean_menu_social_hover_links_color":"","ocean_disable_title":"default","ocean_disable_heading":"default","ocean_post_title":"","ocean_post_subheading":"","ocean_post_title_style":"","ocean_post_title_background_color":"","ocean_post_title_background":0,"ocean_post_title_bg_image_position":"","ocean_post_title_bg_image_attachment":"","ocean_post_title_bg_image_repeat":"","ocean_post_title_bg_image_size":"","ocean_post_title_height":0,"ocean_post_title_bg_overlay":0.5,"ocean_post_title_bg_overlay_color":"","ocean_disable_breadcrumbs":"default","ocean_breadcrumbs_color":"","ocean_breadcrumbs_separator_color":"","ocean_breadcrumbs_links_color":"","ocean_breadcrumbs_links_hover_color":"","ocean_display_footer_widgets":"default","ocean_display_footer_bottom":"default","ocean_custom_footer_template":"","ocean_post_oembed":"","ocean_post_self_hosted_media":"","ocean_post_video_embed":"","ocean_link_format":"","ocean_link_format_target":"self","ocean_quote_format":"","ocean_quote_format_link":"post","ocean_gallery_link_images":"on","ocean_gallery_id":[]},"categories":[1],"tags":[],"acf":[],"_links":{"self":[{"href":"https:\/\/www.simepe.com.br\/novo\/wp-json\/wp\/v2\/posts\/37610"}],"collection":[{"href":"https:\/\/www.simepe.com.br\/novo\/wp-json\/wp\/v2\/posts"}],"about":[{"href":"https:\/\/www.simepe.com.br\/novo\/wp-json\/wp\/v2\/types\/post"}],"author":[{"embeddable":true,"href":"https:\/\/www.simepe.com.br\/novo\/wp-json\/wp\/v2\/users\/1"}],"replies":[{"embeddable":true,"href":"https:\/\/www.simepe.com.br\/novo\/wp-json\/wp\/v2\/comments?post=37610"}],"version-history":[{"count":3,"href":"https:\/\/www.simepe.com.br\/novo\/wp-json\/wp\/v2\/posts\/37610\/revisions"}],"predecessor-version":[{"id":37618,"href":"https:\/\/www.simepe.com.br\/novo\/wp-json\/wp\/v2\/posts\/37610\/revisions\/37618"}],"wp:featuredmedia":[{"embeddable":true,"href":"https:\/\/www.simepe.com.br\/novo\/wp-json\/wp\/v2\/media\/37612"}],"wp:attachment":[{"href":"https:\/\/www.simepe.com.br\/novo\/wp-json\/wp\/v2\/media?parent=37610"}],"wp:term":[{"taxonomy":"category","embeddable":true,"href":"https:\/\/www.simepe.com.br\/novo\/wp-json\/wp\/v2\/categories?post=37610"},{"taxonomy":"post_tag","embeddable":true,"href":"https:\/\/www.simepe.com.br\/novo\/wp-json\/wp\/v2\/tags?post=37610"}],"curies":[{"name":"wp","href":"https:\/\/api.w.org\/{rel}","templated":true}]}}