{"id":37623,"date":"2017-03-17T09:55:08","date_gmt":"2017-03-17T12:55:08","guid":{"rendered":"http:\/\/www.simepe.com.br\/novo\/?p=37623"},"modified":"2017-03-17T09:55:08","modified_gmt":"2017-03-17T12:55:08","slug":"municipios-do-rj-recebem-1-milhao-de-doses-da-vacina-contra-a-febre-amarela","status":"publish","type":"post","link":"https:\/\/www.simepe.com.br\/novo\/municipios-do-rj-recebem-1-milhao-de-doses-da-vacina-contra-a-febre-amarela\/","title":{"rendered":"Munic\u00edpios do RJ recebem 1 milh\u00e3o de doses da vacina contra a febre amarela"},"content":{"rendered":"<p style=\"text-align: justify;\">O Corpo de Bombeiros do Rio de Janeiro entregou nesta quinta-feira (16) \u00e0 tarde , de helic\u00f3ptero, no munic\u00edpio de Casimiro de Abreu (RJ), um lote com 1 milh\u00e3o de doses da vacina da febre amarela que foi solicitado nesta quarta-feira (15) ao Minist\u00e9rio da Sa\u00fade em car\u00e1ter emergencial. O pedido foi feito pela Secretaria Estadual de Sa\u00fade ap\u00f3s a confirma\u00e7\u00e3o dos dois primeiros casos de febre amarela no Rio de Janeiro. As doses ser\u00e3o distribu\u00eddas entre os 25 munic\u00edpios da regi\u00e3o considerados estrat\u00e9gicos para impedir a propaga\u00e7\u00e3o do v\u00edrus no estado.<\/p>\n<p>O pedreiro Watila Santos, 38 anos, morador da regi\u00e3o rural de Casamiro e Abreu, morreu no \u00faltimo s\u00e1bado (11) v\u00edtima da febre amarela. O outro paciente, Alessandro Valen\u00e7a Couto, 37 anos, tamb\u00e9m morador da mesma regi\u00e3o, est\u00e1 internado no Hospital dos Servidores do Estado (HSE), na capital.<\/p>\n<p>O secret\u00e1rio estadual de Sa\u00fade, Luiz Ant\u00f4nio Teixeira Jr, disse que \u201ccom o apoio do Corpo de Bombeiros e da Empresa de Assist\u00eancia T\u00e9cnica e Extens\u00e3o Rural [Emater], agentes municipais de sa\u00fade poder\u00e3o chegar aos locais de dif\u00edcil acesso, como aqueles que vivem nas \u00e1reas rurais e nas proximidades das matas\u201d.<\/p>\n<p>O Corpo de Bombeiros e a Defesa Civil estaduais participam da for\u00e7a-tarefa do governo na campanha de vacina\u00e7\u00e3o. Militares e viaturas ser\u00e3o utilizados para o deslocamento das equipes de sa\u00fade dos munic\u00edpios, especialmente nas zonas rurais. De acordo com o subsecret\u00e1rio de Vigil\u00e2ncia em Sa\u00fade, Alexandre Chieppe, \u00e9 fundamental que os profissionais de sa\u00fade estejam atentos \u00e0s contraindica\u00e7\u00f5es da vacina, para evitar poss\u00edveis efeitos adversos.<\/p>\n<p>\u201cNossa orienta\u00e7\u00e3o \u00e9 para que sejam observadas as contraindica\u00e7\u00f5es e que, em casos espec\u00edficos, as avalia\u00e7\u00f5es sejam feitas de forma individualizada, como, por exemplo, a vacina\u00e7\u00e3o de pessoas acima dos 60 anos de idade. Estaremos \u00e0 disposi\u00e7\u00e3o dos munic\u00edpios para dar o apoio t\u00e9cnico e passar as informa\u00e7\u00f5es necess\u00e1rias. \u00c9 importante lembrar que estamos falando da febre amarela silvestre, transmitida por vetores presentes em ambientes de mata ou ainda em \u00e1reas rurais. Quem vive nestas regi\u00f5es deve ter prioridade para a vacina\u00e7\u00e3o\u201d, explicou Chieppe.<\/p>\n<p>Convoca\u00e7\u00e3o<\/p>\n<p>Para um melhor controle de triagem, a partir de amanh\u00e3 (17), as vacinas contra febre amarela ser\u00e3o aplicadas nos postos de sa\u00fade, Hospital Municipal e Hospital de Campanha de Casimiro de Abreu. As escolas, antes anunciadas como locais de imuniza\u00e7\u00e3o, n\u00e3o far\u00e3o mais parte dos pontos de vacina\u00e7\u00e3o. At\u00e9 \u00e0s 15h de hoje (16), 17 mil pessoas j\u00e1 haviam sido vacinadas em todos os distritos de Casimiro de Abreu, que tem cerca de 30 mil moradores.<\/p>\n<p>A prefeitura da cidade est\u00e1 convocando m\u00e9dicos e enfermeiros para o servi\u00e7o volunt\u00e1rio no mutir\u00e3o de vacina\u00e7\u00e3o contra a febre amarela. Os profissionais devem comparecer a uma unidade de sa\u00fade do munic\u00edpio com um documento de identifica\u00e7\u00e3o profissional.<\/p>\n<p style=\"text-align: justify;\">\n<p style=\"text-align: justify;\">Fonte: Folha de Pernambuco<\/p>\n","protected":false},"excerpt":{"rendered":"<p>O Corpo de Bombeiros do Rio de Janeiro entregou nesta quinta-feira (16) \u00e0 tarde , de helic\u00f3ptero, no munic\u00edpio de Casimiro de Abreu (RJ), um lote com 1 milh\u00e3o de doses da vacina da febre amarela que foi solicitado nesta quarta-feira (15) ao Minist\u00e9rio da Sa\u00fade em car\u00e1ter emergencial. O pedido foi feito pela Secretaria [&hellip;]<\/p>\n","protected":false},"author":1,"featured_media":0,"comment_status":"open","ping_status":"open","sticky":false,"template":"","format":"standard","meta":{"ocean_post_layout":"","ocean_both_sidebars_style":"","ocean_both_sidebars_content_width":0,"ocean_both_sidebars_sidebars_width":0,"ocean_sidebar":"","ocean_second_sidebar":"","ocean_disable_margins":"enable","ocean_add_body_class":"","ocean_shortcode_before_top_bar":"","ocean_shortcode_after_top_bar":"","ocean_shortcode_before_header":"","ocean_shortcode_after_header":"","ocean_has_shortcode":"","ocean_shortcode_after_title":"","ocean_shortcode_before_footer_widgets":"","ocean_shortcode_after_footer_widgets":"","ocean_shortcode_before_footer_bottom":"","ocean_shortcode_after_footer_bottom":"","ocean_display_top_bar":"default","ocean_display_header":"default","ocean_header_style":"","ocean_center_header_left_menu":"","ocean_custom_header_template":"","ocean_custom_logo":0,"ocean_custom_retina_logo":0,"ocean_custom_logo_max_width":0,"ocean_custom_logo_tablet_max_width":0,"ocean_custom_logo_mobile_max_width":0,"ocean_custom_logo_max_height":0,"ocean_custom_logo_tablet_max_height":0,"ocean_custom_logo_mobile_max_height":0,"ocean_header_custom_menu":"","ocean_menu_typo_font_family":"","ocean_menu_typo_font_subset":"","ocean_menu_typo_font_size":0,"ocean_menu_typo_font_size_tablet":0,"ocean_menu_typo_font_size_mobile":0,"ocean_menu_typo_font_size_unit":"px","ocean_menu_typo_font_weight":"","ocean_menu_typo_font_weight_tablet":"","ocean_menu_typo_font_weight_mobile":"","ocean_menu_typo_transform":"","ocean_menu_typo_transform_tablet":"","ocean_menu_typo_transform_mobile":"","ocean_menu_typo_line_height":0,"ocean_menu_typo_line_height_tablet":0,"ocean_menu_typo_line_height_mobile":0,"ocean_menu_typo_line_height_unit":"","ocean_menu_typo_spacing":0,"ocean_menu_typo_spacing_tablet":0,"ocean_menu_typo_spacing_mobile":0,"ocean_menu_typo_spacing_unit":"","ocean_menu_link_color":"","ocean_menu_link_color_hover":"","ocean_menu_link_color_active":"","ocean_menu_link_background":"","ocean_menu_link_hover_background":"","ocean_menu_link_active_background":"","ocean_menu_social_links_bg":"","ocean_menu_social_hover_links_bg":"","ocean_menu_social_links_color":"","ocean_menu_social_hover_links_color":"","ocean_disable_title":"default","ocean_disable_heading":"default","ocean_post_title":"","ocean_post_subheading":"","ocean_post_title_style":"","ocean_post_title_background_color":"","ocean_post_title_background":0,"ocean_post_title_bg_image_position":"","ocean_post_title_bg_image_attachment":"","ocean_post_title_bg_image_repeat":"","ocean_post_title_bg_image_size":"","ocean_post_title_height":0,"ocean_post_title_bg_overlay":0.5,"ocean_post_title_bg_overlay_color":"","ocean_disable_breadcrumbs":"default","ocean_breadcrumbs_color":"","ocean_breadcrumbs_separator_color":"","ocean_breadcrumbs_links_color":"","ocean_breadcrumbs_links_hover_color":"","ocean_display_footer_widgets":"default","ocean_display_footer_bottom":"default","ocean_custom_footer_template":"","ocean_post_oembed":"","ocean_post_self_hosted_media":"","ocean_post_video_embed":"","ocean_link_format":"","ocean_link_format_target":"self","ocean_quote_format":"","ocean_quote_format_link":"post","ocean_gallery_link_images":"on","ocean_gallery_id":[]},"categories":[9],"tags":[],"acf":[],"_links":{"self":[{"href":"https:\/\/www.simepe.com.br\/novo\/wp-json\/wp\/v2\/posts\/37623"}],"collection":[{"href":"https:\/\/www.simepe.com.br\/novo\/wp-json\/wp\/v2\/posts"}],"about":[{"href":"https:\/\/www.simepe.com.br\/novo\/wp-json\/wp\/v2\/types\/post"}],"author":[{"embeddable":true,"href":"https:\/\/www.simepe.com.br\/novo\/wp-json\/wp\/v2\/users\/1"}],"replies":[{"embeddable":true,"href":"https:\/\/www.simepe.com.br\/novo\/wp-json\/wp\/v2\/comments?post=37623"}],"version-history":[{"count":1,"href":"https:\/\/www.simepe.com.br\/novo\/wp-json\/wp\/v2\/posts\/37623\/revisions"}],"predecessor-version":[{"id":37624,"href":"https:\/\/www.simepe.com.br\/novo\/wp-json\/wp\/v2\/posts\/37623\/revisions\/37624"}],"wp:attachment":[{"href":"https:\/\/www.simepe.com.br\/novo\/wp-json\/wp\/v2\/media?parent=37623"}],"wp:term":[{"taxonomy":"category","embeddable":true,"href":"https:\/\/www.simepe.com.br\/novo\/wp-json\/wp\/v2\/categories?post=37623"},{"taxonomy":"post_tag","embeddable":true,"href":"https:\/\/www.simepe.com.br\/novo\/wp-json\/wp\/v2\/tags?post=37623"}],"curies":[{"name":"wp","href":"https:\/\/api.w.org\/{rel}","templated":true}]}}