{"id":37743,"date":"2017-03-22T08:21:24","date_gmt":"2017-03-22T11:21:24","guid":{"rendered":"http:\/\/www.simepe.com.br\/novo\/?p=37743"},"modified":"2017-03-22T08:21:24","modified_gmt":"2017-03-22T11:21:24","slug":"ressonancia-magnetica-e-essencial-no-diagnostico-e-tratamento-da-esclerose-multipla","status":"publish","type":"post","link":"https:\/\/www.simepe.com.br\/novo\/ressonancia-magnetica-e-essencial-no-diagnostico-e-tratamento-da-esclerose-multipla\/","title":{"rendered":"Resson\u00e2ncia magn\u00e9tica \u00e9 essencial no diagn\u00f3stico e tratamento da esclerose m\u00faltipla"},"content":{"rendered":"<p style=\"text-align: justify;\">Segundo os especialistas, os sintomas da\u00a0esclerose m\u00faltipla\u00a0\u2013 doen\u00e7a autoimune e cr\u00f4nica \u2013 costumam variar de caso para caso. Apesar de n\u00e3o existir um exame espec\u00edfico indicado para o diagn\u00f3stico correto do dist\u00farbios, alguns procedimentos s\u00e3o essenciais na avalia\u00e7\u00e3o cerebral e da medula espinhal, atuando no diagn\u00f3stico e no tratamento do paciente. \u00c9 o caso da resson\u00e2ncia magn\u00e9tica (RM).<\/p>\n<p style=\"text-align: justify;\">A apresenta\u00e7\u00e3o t\u00edpica da esclerose m\u00faltipla causa les\u00f5es em pelo menos duas \u00e1reas caracter\u00edsticas do c\u00e9rebro, da medula ou ainda do nervo \u00f3ptico. A periodicidade das crises e surgimento de novas les\u00f5es, com intervalo de no m\u00ednimo um m\u00eas entre elas, tamb\u00e9m contribui para o diagn\u00f3stico e a avalia\u00e7\u00e3o da conduta terap\u00eautica. Al\u00e9m disso, antes de se definir o diagn\u00f3stico, \u00e9 necess\u00e1rio fazer pesquisa e exclus\u00e3o de outras doen\u00e7as, como, por exemplo, defici\u00eancia de vitamina B12 ou at\u00e9 mesmo S\u00edndrome de Guillain-Barr\u00e9.<\/p>\n<p style=\"text-align: justify;\">A resson\u00e2ncia magn\u00e9tica \u00e9 um exame que usa tanto um campo magn\u00e9tico quanto ondas de radiofrequ\u00eancia para criar uma imagem dos tecidos. Ao contr\u00e1rio da tomografia computadorizada ou das radiografias, a resson\u00e2ncia n\u00e3o exp\u00f5e o paciente \u00e0 radia\u00e7\u00e3o. \u201cUma vez que a doen\u00e7a \u00e9 cr\u00f4nica e a realiza\u00e7\u00e3o de exames de resson\u00e2ncia magn\u00e9tica \u00e9 frequente, \u00e9 importante que sempre seja disponibilizada a RM anterior para que possamos comparar o n\u00famero e o tamanho das les\u00f5es, assim como detectar les\u00f5es novas \u2013 o que pode modificar o tratamento\u201d, explica a m\u00e9dica radiologista Fl\u00e1via Cevasco, do CDB Medicina Diagn\u00f3stica, em S\u00e3o Paulo.<\/p>\n<p style=\"text-align: justify;\">Segundo a National Multiple Sclerosis Society, nos Estados Unidos, a resson\u00e2ncia magn\u00e9tica \u00e9 o m\u00e9todo que apresenta maior sensibilidade para analisar partes do sistema nervoso central. Por isso \u00e9 utilizado no diagn\u00f3stico e no monitoramento da progress\u00e3o da doen\u00e7a. Al\u00e9m da resson\u00e2ncia magn\u00e9tica, outros exames podem ser necess\u00e1rios para concluir o diagn\u00f3stico, como avalia\u00e7\u00e3o do l\u00edquido c\u00e9rebro-espinhal e testes potenciais evocados \u2013 que medem o tempo de resposta a determinados est\u00edmulos. Isso \u00e9 especialmente importante nos casos que n\u00e3o preenchem os crit\u00e9rios diagn\u00f3sticos cl\u00ednicos nem por resson\u00e2ncia.<\/p>\n<p style=\"text-align: justify;\">A doen\u00e7a<\/p>\n<p style=\"text-align: justify;\">A esclerose m\u00faltipla \u00e9 uma doen\u00e7a autoimune, cr\u00f4nica e progressiva que destr\u00f3i as c\u00e9lulas que formam a mielina \u2013 a bainha de prote\u00e7\u00e3o que reveste as c\u00e9lulas nervosas no c\u00e9rebro. Dessa forma, as comunica\u00e7\u00f5es do c\u00e9rebro para a medula espinhal s\u00e3o prejudicadas. Entre os sintomas mais comuns, est\u00e3o dorm\u00eancia no corpo, dificuldade para caminhar, fraqueza e fadiga sem causa aparente, problemas de vis\u00e3o, transtornos do intestino e da bexiga.<\/p>\n<p style=\"text-align: justify;\">\n<p style=\"text-align: justify;\">Fonte: Jornal do Commercio<\/p>\n","protected":false},"excerpt":{"rendered":"<p>Segundo os especialistas, os sintomas da\u00a0esclerose m\u00faltipla\u00a0\u2013 doen\u00e7a autoimune e cr\u00f4nica \u2013 costumam variar de caso para caso. Apesar de n\u00e3o existir um exame espec\u00edfico indicado para o diagn\u00f3stico correto do dist\u00farbios, alguns procedimentos s\u00e3o essenciais na avalia\u00e7\u00e3o cerebral e da medula espinhal, atuando no diagn\u00f3stico e no tratamento do paciente. \u00c9 o caso da [&hellip;]<\/p>\n","protected":false},"author":1,"featured_media":0,"comment_status":"open","ping_status":"open","sticky":false,"template":"","format":"standard","meta":{"ocean_post_layout":"","ocean_both_sidebars_style":"","ocean_both_sidebars_content_width":0,"ocean_both_sidebars_sidebars_width":0,"ocean_sidebar":"","ocean_second_sidebar":"","ocean_disable_margins":"enable","ocean_add_body_class":"","ocean_shortcode_before_top_bar":"","ocean_shortcode_after_top_bar":"","ocean_shortcode_before_header":"","ocean_shortcode_after_header":"","ocean_has_shortcode":"","ocean_shortcode_after_title":"","ocean_shortcode_before_footer_widgets":"","ocean_shortcode_after_footer_widgets":"","ocean_shortcode_before_footer_bottom":"","ocean_shortcode_after_footer_bottom":"","ocean_display_top_bar":"default","ocean_display_header":"default","ocean_header_style":"","ocean_center_header_left_menu":"","ocean_custom_header_template":"","ocean_custom_logo":0,"ocean_custom_retina_logo":0,"ocean_custom_logo_max_width":0,"ocean_custom_logo_tablet_max_width":0,"ocean_custom_logo_mobile_max_width":0,"ocean_custom_logo_max_height":0,"ocean_custom_logo_tablet_max_height":0,"ocean_custom_logo_mobile_max_height":0,"ocean_header_custom_menu":"","ocean_menu_typo_font_family":"","ocean_menu_typo_font_subset":"","ocean_menu_typo_font_size":0,"ocean_menu_typo_font_size_tablet":0,"ocean_menu_typo_font_size_mobile":0,"ocean_menu_typo_font_size_unit":"px","ocean_menu_typo_font_weight":"","ocean_menu_typo_font_weight_tablet":"","ocean_menu_typo_font_weight_mobile":"","ocean_menu_typo_transform":"","ocean_menu_typo_transform_tablet":"","ocean_menu_typo_transform_mobile":"","ocean_menu_typo_line_height":0,"ocean_menu_typo_line_height_tablet":0,"ocean_menu_typo_line_height_mobile":0,"ocean_menu_typo_line_height_unit":"","ocean_menu_typo_spacing":0,"ocean_menu_typo_spacing_tablet":0,"ocean_menu_typo_spacing_mobile":0,"ocean_menu_typo_spacing_unit":"","ocean_menu_link_color":"","ocean_menu_link_color_hover":"","ocean_menu_link_color_active":"","ocean_menu_link_background":"","ocean_menu_link_hover_background":"","ocean_menu_link_active_background":"","ocean_menu_social_links_bg":"","ocean_menu_social_hover_links_bg":"","ocean_menu_social_links_color":"","ocean_menu_social_hover_links_color":"","ocean_disable_title":"default","ocean_disable_heading":"default","ocean_post_title":"","ocean_post_subheading":"","ocean_post_title_style":"","ocean_post_title_background_color":"","ocean_post_title_background":0,"ocean_post_title_bg_image_position":"","ocean_post_title_bg_image_attachment":"","ocean_post_title_bg_image_repeat":"","ocean_post_title_bg_image_size":"","ocean_post_title_height":0,"ocean_post_title_bg_overlay":0.5,"ocean_post_title_bg_overlay_color":"","ocean_disable_breadcrumbs":"default","ocean_breadcrumbs_color":"","ocean_breadcrumbs_separator_color":"","ocean_breadcrumbs_links_color":"","ocean_breadcrumbs_links_hover_color":"","ocean_display_footer_widgets":"default","ocean_display_footer_bottom":"default","ocean_custom_footer_template":"","ocean_post_oembed":"","ocean_post_self_hosted_media":"","ocean_post_video_embed":"","ocean_link_format":"","ocean_link_format_target":"self","ocean_quote_format":"","ocean_quote_format_link":"post","ocean_gallery_link_images":"on","ocean_gallery_id":[]},"categories":[9],"tags":[],"acf":[],"_links":{"self":[{"href":"https:\/\/www.simepe.com.br\/novo\/wp-json\/wp\/v2\/posts\/37743"}],"collection":[{"href":"https:\/\/www.simepe.com.br\/novo\/wp-json\/wp\/v2\/posts"}],"about":[{"href":"https:\/\/www.simepe.com.br\/novo\/wp-json\/wp\/v2\/types\/post"}],"author":[{"embeddable":true,"href":"https:\/\/www.simepe.com.br\/novo\/wp-json\/wp\/v2\/users\/1"}],"replies":[{"embeddable":true,"href":"https:\/\/www.simepe.com.br\/novo\/wp-json\/wp\/v2\/comments?post=37743"}],"version-history":[{"count":1,"href":"https:\/\/www.simepe.com.br\/novo\/wp-json\/wp\/v2\/posts\/37743\/revisions"}],"predecessor-version":[{"id":37744,"href":"https:\/\/www.simepe.com.br\/novo\/wp-json\/wp\/v2\/posts\/37743\/revisions\/37744"}],"wp:attachment":[{"href":"https:\/\/www.simepe.com.br\/novo\/wp-json\/wp\/v2\/media?parent=37743"}],"wp:term":[{"taxonomy":"category","embeddable":true,"href":"https:\/\/www.simepe.com.br\/novo\/wp-json\/wp\/v2\/categories?post=37743"},{"taxonomy":"post_tag","embeddable":true,"href":"https:\/\/www.simepe.com.br\/novo\/wp-json\/wp\/v2\/tags?post=37743"}],"curies":[{"name":"wp","href":"https:\/\/api.w.org\/{rel}","templated":true}]}}