{"id":37810,"date":"2017-03-24T07:35:03","date_gmt":"2017-03-24T10:35:03","guid":{"rendered":"http:\/\/www.simepe.com.br\/novo\/?p=37810"},"modified":"2017-03-24T07:35:03","modified_gmt":"2017-03-24T10:35:03","slug":"contra-o-avanco-da-febre-amarela","status":"publish","type":"post","link":"https:\/\/www.simepe.com.br\/novo\/contra-o-avanco-da-febre-amarela\/","title":{"rendered":"Contra o avan\u00e7o da febre amarela"},"content":{"rendered":"<p style=\"text-align: justify;\">O Minist\u00e9rio da Sa\u00fade estuda a inclus\u00e3o da vacina contra a febre amarela no calend\u00e1rio rotineiro de imuniza\u00e7\u00e3o das crian\u00e7as de todas as regi\u00f5es do Brasil, n\u00e3o s\u00f3 das \u00e1reas consideradas end\u00eamicas. A proposta \u00e9 que j\u00e1 comece a valer a partir do ano que vem. As crian\u00e7as receberiam duas doses &#8211; a primeira aos 9 meses e a segunda aos 4 anos. \u201cEstamos estudando a possibilidade de introduzir a vacina. \u00c9 preciso avaliar o risco-benef\u00edcio. Voc\u00ea tem que colocar na balan\u00e7a qual o benef\u00edcio de dar essa vacina (em \u00e1reas que n\u00e3o t\u00eam casos da doen\u00e7a). O benef\u00edcio \u00e9 que em longo prazo, em 20 anos, teremos toda a popula\u00e7\u00e3o do Brasil imunizada e n\u00e3o precisaremos fazer uma campanha. Vou vacinando gradativamente. Mas tem os riscos\u201d, afirmou a coordenadora do Programa Nacional de Imuniza\u00e7\u00f5es (PNI), do Minist\u00e9rio da Sa\u00fade, Carla Domingues. Ela participou ontem de semin\u00e1rio promovido pela Sociedade Brasileira de Imuniza\u00e7\u00f5es, em S\u00e3o Paulo.<br \/>\nA mudan\u00e7a no cen\u00e1rio da transmiss\u00e3o de febre amarela est\u00e1 entre os fatores que os t\u00e9cnicos da pasta avaliam. \u201cN\u00e3o havia transmiss\u00e3o da doen\u00e7a no Esp\u00edrito Santo, Rio de Janeiro e S\u00e3o Paulo. Com idas e vindas da popula\u00e7\u00e3o o tempo todo, a pessoa que mora no Rio Grande do Norte (um dos Estados que n\u00e3o t\u00eam transmiss\u00e3o da doen\u00e7a) pode vir trabalhar no Rio ou em S\u00e3o Paulo; traz o filho pequeno. H\u00e1 cinco anos, o cen\u00e1rio era outro. Temos que nos adaptar a esse outro cen\u00e1rio.\u201d<br \/>\nO minist\u00e9rio avalia ainda os riscos da vacina\u00e7\u00e3o em massa. Os efeitos adversos da vacina, quando ela induz uma resposta excessiva do organismo e acaba levando ao desenvolvimento da febre amarela, ocorrem na propor\u00e7\u00e3o de um para 3 milh\u00f5es de doses nos per\u00edodos de vacina\u00e7\u00e3o rotineira. Quando h\u00e1 um surto e a imuniza\u00e7\u00e3o \u00e9 ampliada, essa propor\u00e7\u00e3o chega a um caso a cada 500 mil vacinados, explicou Carla.<br \/>\nHoje, h\u00e1 3.529 munic\u00edpios com recomenda\u00e7\u00e3o de imunizar a popula\u00e7\u00e3o contra a febre amarela &#8211; nesses, j\u00e1 funciona o esquema de vacinar crian\u00e7as aos 9 meses e 4 anos. Outros 113 foram inclu\u00eddos como \u00e1reas de vacina\u00e7\u00e3o priorit\u00e1ria por causa da transmiss\u00e3o da doen\u00e7a. A estimativa do minist\u00e9rio \u00e9 que ainda tenham de ser vacinados 25,5 milh\u00f5es de pessoas com idades entre 15 e 59 anos.<\/p>\n<p style=\"text-align: justify;\">\n<p style=\"text-align: justify;\">A vacina<\/p>\n<p>3.529<br \/>\nN\u00famero de munic\u00edpios brasileiros em que a vacina contra a febre amarela \u00e9 obrigat\u00f3ria.<\/p>\n<p>17,5<br \/>\nmilh\u00f5es \u00e9 o n\u00famero de doses da vacina enviadas para os estados<\/p>\n<p>2<br \/>\ndoses s\u00e3o aplicadas para a imuniza\u00e7\u00e3o. A primeira, aos nove meses. A segunda, aos quatro anos<\/p>\n<p style=\"text-align: justify;\">\n<p style=\"text-align: justify;\">Fonte: Diario\u00a0de Pernambuco<\/p>\n","protected":false},"excerpt":{"rendered":"<p>O Minist\u00e9rio da Sa\u00fade estuda a inclus\u00e3o da vacina contra a febre amarela no calend\u00e1rio rotineiro de imuniza\u00e7\u00e3o das crian\u00e7as de todas as regi\u00f5es do Brasil, n\u00e3o s\u00f3 das \u00e1reas consideradas end\u00eamicas. A proposta \u00e9 que j\u00e1 comece a valer a partir do ano que vem. As crian\u00e7as receberiam duas doses &#8211; a primeira aos [&hellip;]<\/p>\n","protected":false},"author":1,"featured_media":0,"comment_status":"open","ping_status":"open","sticky":false,"template":"","format":"standard","meta":{"ocean_post_layout":"","ocean_both_sidebars_style":"","ocean_both_sidebars_content_width":0,"ocean_both_sidebars_sidebars_width":0,"ocean_sidebar":"","ocean_second_sidebar":"","ocean_disable_margins":"enable","ocean_add_body_class":"","ocean_shortcode_before_top_bar":"","ocean_shortcode_after_top_bar":"","ocean_shortcode_before_header":"","ocean_shortcode_after_header":"","ocean_has_shortcode":"","ocean_shortcode_after_title":"","ocean_shortcode_before_footer_widgets":"","ocean_shortcode_after_footer_widgets":"","ocean_shortcode_before_footer_bottom":"","ocean_shortcode_after_footer_bottom":"","ocean_display_top_bar":"default","ocean_display_header":"default","ocean_header_style":"","ocean_center_header_left_menu":"","ocean_custom_header_template":"","ocean_custom_logo":0,"ocean_custom_retina_logo":0,"ocean_custom_logo_max_width":0,"ocean_custom_logo_tablet_max_width":0,"ocean_custom_logo_mobile_max_width":0,"ocean_custom_logo_max_height":0,"ocean_custom_logo_tablet_max_height":0,"ocean_custom_logo_mobile_max_height":0,"ocean_header_custom_menu":"","ocean_menu_typo_font_family":"","ocean_menu_typo_font_subset":"","ocean_menu_typo_font_size":0,"ocean_menu_typo_font_size_tablet":0,"ocean_menu_typo_font_size_mobile":0,"ocean_menu_typo_font_size_unit":"px","ocean_menu_typo_font_weight":"","ocean_menu_typo_font_weight_tablet":"","ocean_menu_typo_font_weight_mobile":"","ocean_menu_typo_transform":"","ocean_menu_typo_transform_tablet":"","ocean_menu_typo_transform_mobile":"","ocean_menu_typo_line_height":0,"ocean_menu_typo_line_height_tablet":0,"ocean_menu_typo_line_height_mobile":0,"ocean_menu_typo_line_height_unit":"","ocean_menu_typo_spacing":0,"ocean_menu_typo_spacing_tablet":0,"ocean_menu_typo_spacing_mobile":0,"ocean_menu_typo_spacing_unit":"","ocean_menu_link_color":"","ocean_menu_link_color_hover":"","ocean_menu_link_color_active":"","ocean_menu_link_background":"","ocean_menu_link_hover_background":"","ocean_menu_link_active_background":"","ocean_menu_social_links_bg":"","ocean_menu_social_hover_links_bg":"","ocean_menu_social_links_color":"","ocean_menu_social_hover_links_color":"","ocean_disable_title":"default","ocean_disable_heading":"default","ocean_post_title":"","ocean_post_subheading":"","ocean_post_title_style":"","ocean_post_title_background_color":"","ocean_post_title_background":0,"ocean_post_title_bg_image_position":"","ocean_post_title_bg_image_attachment":"","ocean_post_title_bg_image_repeat":"","ocean_post_title_bg_image_size":"","ocean_post_title_height":0,"ocean_post_title_bg_overlay":0.5,"ocean_post_title_bg_overlay_color":"","ocean_disable_breadcrumbs":"default","ocean_breadcrumbs_color":"","ocean_breadcrumbs_separator_color":"","ocean_breadcrumbs_links_color":"","ocean_breadcrumbs_links_hover_color":"","ocean_display_footer_widgets":"default","ocean_display_footer_bottom":"default","ocean_custom_footer_template":"","ocean_post_oembed":"","ocean_post_self_hosted_media":"","ocean_post_video_embed":"","ocean_link_format":"","ocean_link_format_target":"self","ocean_quote_format":"","ocean_quote_format_link":"post","ocean_gallery_link_images":"on","ocean_gallery_id":[]},"categories":[9],"tags":[],"acf":[],"_links":{"self":[{"href":"https:\/\/www.simepe.com.br\/novo\/wp-json\/wp\/v2\/posts\/37810"}],"collection":[{"href":"https:\/\/www.simepe.com.br\/novo\/wp-json\/wp\/v2\/posts"}],"about":[{"href":"https:\/\/www.simepe.com.br\/novo\/wp-json\/wp\/v2\/types\/post"}],"author":[{"embeddable":true,"href":"https:\/\/www.simepe.com.br\/novo\/wp-json\/wp\/v2\/users\/1"}],"replies":[{"embeddable":true,"href":"https:\/\/www.simepe.com.br\/novo\/wp-json\/wp\/v2\/comments?post=37810"}],"version-history":[{"count":1,"href":"https:\/\/www.simepe.com.br\/novo\/wp-json\/wp\/v2\/posts\/37810\/revisions"}],"predecessor-version":[{"id":37811,"href":"https:\/\/www.simepe.com.br\/novo\/wp-json\/wp\/v2\/posts\/37810\/revisions\/37811"}],"wp:attachment":[{"href":"https:\/\/www.simepe.com.br\/novo\/wp-json\/wp\/v2\/media?parent=37810"}],"wp:term":[{"taxonomy":"category","embeddable":true,"href":"https:\/\/www.simepe.com.br\/novo\/wp-json\/wp\/v2\/categories?post=37810"},{"taxonomy":"post_tag","embeddable":true,"href":"https:\/\/www.simepe.com.br\/novo\/wp-json\/wp\/v2\/tags?post=37810"}],"curies":[{"name":"wp","href":"https:\/\/api.w.org\/{rel}","templated":true}]}}