{"id":37814,"date":"2017-03-24T07:49:04","date_gmt":"2017-03-24T10:49:04","guid":{"rendered":"http:\/\/www.simepe.com.br\/novo\/?p=37814"},"modified":"2017-03-24T07:49:04","modified_gmt":"2017-03-24T10:49:04","slug":"luta-pelo-fim-da-tuberculose","status":"publish","type":"post","link":"https:\/\/www.simepe.com.br\/novo\/luta-pelo-fim-da-tuberculose\/","title":{"rendered":"Luta pelo fim da tuberculose"},"content":{"rendered":"<p style=\"text-align: justify;\">Problema de sa\u00fade associado \u00e0 pobreza e a m\u00e1s condi\u00e7\u00f5es de vida, a tuberculose tem preocupado especialistas e autoridades de sa\u00fade. S\u00f3 nas Am\u00e9ricas, quase 270 mil pessoas contra\u00edram a enfermidade em 2015 (em Pernambuco, a m\u00e9dia \u00e9 de 4,6 mil novos casos por ano) e quase 50 mil n\u00e3o sabem que est\u00e3o doentes. \u00c9 necess\u00e1rio acelerar o passo para acabar com a doen\u00e7a em 2030 &#8211; nova meta relacionada \u00e0 sa\u00fade inclu\u00edda nos Objetivos de Desenvolvimento Sustent\u00e1vel (ODS). No Dia Mundial da Tuberculose, o pneumologista Blancard Torres faz um alerta: &#8220;A tuberculose sempre existiu, mas tem se agravado. A taxa de mortalidade, em Pernambuco, \u00e9 de 4% por 100 mil habitantes, em m\u00e9dia. \u00c9 quase o dobro da taxa nacional, de 2,2%&#8221;.<\/p>\n<p style=\"text-align: justify;\">Coordenador da campanha realizada hoje, pelo Real Hospital Portugu\u00eas, na Comunidade do Pilar (Bairro do Recife), das 8h \u00e0s 12h, o m\u00e9dico chama a aten\u00e7\u00e3o para a import\u00e2ncia de os pacientes serem orientados a n\u00e3o abandonarem o tratamento &#8211; que dura cerca de seis meses. &#8220;A taxa de cura n\u00e3o tem chegado a 85% (\u00edndice recomendado pela Organiza\u00e7\u00e3o Mundial de Sa\u00fade para se reverter a problem\u00e1tica da doen\u00e7a) porque os pacientes n\u00e3o chegam ao fim do tratamento. Nesse sentido, vem outro problema: o avan\u00e7o da tuberculose multirresistente. Para ela, as drogas para tratamento n\u00e3o t\u00eam sido suficientes&#8221;, destaca Blancard. Em Pernambuco, a taxa de cura foi de 70% em 2015 &#8211; um percentual 15% abaixo do recomendado.<\/p>\n<p style=\"text-align: justify;\">Para mudar essa realidade, a a Organiza\u00e7\u00e3o Mundial da Sa\u00fade tem convocado os pa\u00edses a promoverem o acesso a uma aten\u00e7\u00e3o \u00e0 sa\u00fade de qualidade &#8211; algo que mais de um ter\u00e7o das pessoas com tuberculose no mundo precisam, especialmente os grupos em maior risco de desenvolver a doen\u00e7a. Entre eles, est\u00e3o as pessoas que vivem com HIV, moradores de rua e bairros marginalizados, reeducandos do sistema penitenci\u00e1rio e pessoas com depend\u00eancia de subst\u00e2ncias.<\/p>\n<p style=\"text-align: justify;\">&#8220;\u00c9 preciso acolher bem os pacientes e fazer um tratamento dirigido diretamente \u00e0 aten\u00e7\u00e3o b\u00e1sica, o que significa observar com frequ\u00eancia as pessoas com a doen\u00e7a. H\u00e1 quem se sinta bem na metade do tratamento e acha que pode parar. Mas \u00e9 preciso concluir os seis meses. E no caso da tuberculose multirresistente, esse tempo aumenta para um ano e meio&#8221;, diz Blancard Torres. Ele acrescenta que, no Brasil, a taxa de abandono do tratamento \u00e9 de 11%. No Recife, fica entre 12% e 14%. &#8220;Outro problema \u00e9 que menos de 80% das pessoas com tuberculose s\u00e3o diagnosticadas. O ideal seriam 90%.&#8221;<\/p>\n<p style=\"text-align: justify;\">E sem saber que convivem com a doen\u00e7a, as pessoas n\u00e3o t\u00eam como seguir a terap\u00eautica, o que aumenta a transmiss\u00e3o. &#8220;Sem tratamento, cada paciente, por ano, infecta de 10 a 15 pessoas&#8221;, acrescenta o m\u00e9dico, que se preocupa com a incid\u00eancia da doen\u00e7a. &#8220;No Brasil, s\u00e3o 32,3 novos casos por ano para cada 100 mil habitantes. Em Pernambuco, essa taxa sobe para 40. O Estado \u00e9 o terceiro em incid\u00eancia, atr\u00e1s do Amazonas (1\u00ba) e do Rio de Janeiro (2\u00ba).<\/p>\n<p style=\"text-align: justify;\">ATIVIDADES<\/p>\n<p style=\"text-align: justify;\">Hoje, al\u00e9m da campanha na Comunidade do Pilar, s\u00e3o oferecidas outras a\u00e7\u00f5es \u00e0 popula\u00e7\u00e3o. \u00c0s 16h30, h\u00e1 distribui\u00e7\u00e3o de panfletos informativos (a\u00e7\u00e3o da Secretaria Estadual de Sa\u00fade em parceria com o Comit\u00ea Pernambucano de Combate \u00e0 Tuberculose). J\u00e1 a Secretaria de Sa\u00fade do Recife realiza, das 9h \u00e0s 16h, a coleta de escarro em pessoas que est\u00e3o com tosse h\u00e1 mais de duas semanas, febre e perda de peso. As atividades ocorrem na Policl\u00ednica Clementino Fraga, no Vasco da Gama, Zona Norte do Recife.<\/p>\n<p style=\"text-align: justify;\">\n<p style=\"text-align: justify;\">Fonte: Jornal do Commercio<\/p>\n","protected":false},"excerpt":{"rendered":"<p>Problema de sa\u00fade associado \u00e0 pobreza e a m\u00e1s condi\u00e7\u00f5es de vida, a tuberculose tem preocupado especialistas e autoridades de sa\u00fade. S\u00f3 nas Am\u00e9ricas, quase 270 mil pessoas contra\u00edram a enfermidade em 2015 (em Pernambuco, a m\u00e9dia \u00e9 de 4,6 mil novos casos por ano) e quase 50 mil n\u00e3o sabem que est\u00e3o doentes. \u00c9 [&hellip;]<\/p>\n","protected":false},"author":1,"featured_media":0,"comment_status":"open","ping_status":"open","sticky":false,"template":"","format":"standard","meta":{"ocean_post_layout":"","ocean_both_sidebars_style":"","ocean_both_sidebars_content_width":0,"ocean_both_sidebars_sidebars_width":0,"ocean_sidebar":"","ocean_second_sidebar":"","ocean_disable_margins":"enable","ocean_add_body_class":"","ocean_shortcode_before_top_bar":"","ocean_shortcode_after_top_bar":"","ocean_shortcode_before_header":"","ocean_shortcode_after_header":"","ocean_has_shortcode":"","ocean_shortcode_after_title":"","ocean_shortcode_before_footer_widgets":"","ocean_shortcode_after_footer_widgets":"","ocean_shortcode_before_footer_bottom":"","ocean_shortcode_after_footer_bottom":"","ocean_display_top_bar":"default","ocean_display_header":"default","ocean_header_style":"","ocean_center_header_left_menu":"","ocean_custom_header_template":"","ocean_custom_logo":0,"ocean_custom_retina_logo":0,"ocean_custom_logo_max_width":0,"ocean_custom_logo_tablet_max_width":0,"ocean_custom_logo_mobile_max_width":0,"ocean_custom_logo_max_height":0,"ocean_custom_logo_tablet_max_height":0,"ocean_custom_logo_mobile_max_height":0,"ocean_header_custom_menu":"","ocean_menu_typo_font_family":"","ocean_menu_typo_font_subset":"","ocean_menu_typo_font_size":0,"ocean_menu_typo_font_size_tablet":0,"ocean_menu_typo_font_size_mobile":0,"ocean_menu_typo_font_size_unit":"px","ocean_menu_typo_font_weight":"","ocean_menu_typo_font_weight_tablet":"","ocean_menu_typo_font_weight_mobile":"","ocean_menu_typo_transform":"","ocean_menu_typo_transform_tablet":"","ocean_menu_typo_transform_mobile":"","ocean_menu_typo_line_height":0,"ocean_menu_typo_line_height_tablet":0,"ocean_menu_typo_line_height_mobile":0,"ocean_menu_typo_line_height_unit":"","ocean_menu_typo_spacing":0,"ocean_menu_typo_spacing_tablet":0,"ocean_menu_typo_spacing_mobile":0,"ocean_menu_typo_spacing_unit":"","ocean_menu_link_color":"","ocean_menu_link_color_hover":"","ocean_menu_link_color_active":"","ocean_menu_link_background":"","ocean_menu_link_hover_background":"","ocean_menu_link_active_background":"","ocean_menu_social_links_bg":"","ocean_menu_social_hover_links_bg":"","ocean_menu_social_links_color":"","ocean_menu_social_hover_links_color":"","ocean_disable_title":"default","ocean_disable_heading":"default","ocean_post_title":"","ocean_post_subheading":"","ocean_post_title_style":"","ocean_post_title_background_color":"","ocean_post_title_background":0,"ocean_post_title_bg_image_position":"","ocean_post_title_bg_image_attachment":"","ocean_post_title_bg_image_repeat":"","ocean_post_title_bg_image_size":"","ocean_post_title_height":0,"ocean_post_title_bg_overlay":0.5,"ocean_post_title_bg_overlay_color":"","ocean_disable_breadcrumbs":"default","ocean_breadcrumbs_color":"","ocean_breadcrumbs_separator_color":"","ocean_breadcrumbs_links_color":"","ocean_breadcrumbs_links_hover_color":"","ocean_display_footer_widgets":"default","ocean_display_footer_bottom":"default","ocean_custom_footer_template":"","ocean_post_oembed":"","ocean_post_self_hosted_media":"","ocean_post_video_embed":"","ocean_link_format":"","ocean_link_format_target":"self","ocean_quote_format":"","ocean_quote_format_link":"post","ocean_gallery_link_images":"on","ocean_gallery_id":[]},"categories":[9],"tags":[],"acf":[],"_links":{"self":[{"href":"https:\/\/www.simepe.com.br\/novo\/wp-json\/wp\/v2\/posts\/37814"}],"collection":[{"href":"https:\/\/www.simepe.com.br\/novo\/wp-json\/wp\/v2\/posts"}],"about":[{"href":"https:\/\/www.simepe.com.br\/novo\/wp-json\/wp\/v2\/types\/post"}],"author":[{"embeddable":true,"href":"https:\/\/www.simepe.com.br\/novo\/wp-json\/wp\/v2\/users\/1"}],"replies":[{"embeddable":true,"href":"https:\/\/www.simepe.com.br\/novo\/wp-json\/wp\/v2\/comments?post=37814"}],"version-history":[{"count":1,"href":"https:\/\/www.simepe.com.br\/novo\/wp-json\/wp\/v2\/posts\/37814\/revisions"}],"predecessor-version":[{"id":37815,"href":"https:\/\/www.simepe.com.br\/novo\/wp-json\/wp\/v2\/posts\/37814\/revisions\/37815"}],"wp:attachment":[{"href":"https:\/\/www.simepe.com.br\/novo\/wp-json\/wp\/v2\/media?parent=37814"}],"wp:term":[{"taxonomy":"category","embeddable":true,"href":"https:\/\/www.simepe.com.br\/novo\/wp-json\/wp\/v2\/categories?post=37814"},{"taxonomy":"post_tag","embeddable":true,"href":"https:\/\/www.simepe.com.br\/novo\/wp-json\/wp\/v2\/tags?post=37814"}],"curies":[{"name":"wp","href":"https:\/\/api.w.org\/{rel}","templated":true}]}}