{"id":37851,"date":"2017-03-27T11:16:17","date_gmt":"2017-03-27T14:16:17","guid":{"rendered":"http:\/\/www.simepe.com.br\/novo\/?p=37851"},"modified":"2017-03-27T11:16:17","modified_gmt":"2017-03-27T14:16:17","slug":"por-que-os-pes-crescem-apos-a-gravidez-bem-estar-fala-sobre-crescimento-e-proporcao","status":"publish","type":"post","link":"https:\/\/www.simepe.com.br\/novo\/por-que-os-pes-crescem-apos-a-gravidez-bem-estar-fala-sobre-crescimento-e-proporcao\/","title":{"rendered":"Por que os p\u00e9s crescem ap\u00f3s a gravidez? Bem Estar fala sobre crescimento e propor\u00e7\u00e3o"},"content":{"rendered":"<div data-block-type=\"unstyled\" data-block-weight=\"42\">\n<p style=\"text-align: justify;\" data-track-category=\"Link no Texto\" data-track-links=\"\">Voc\u00ea j\u00e1 experimentou uma cal\u00e7a colocando no pesco\u00e7o? E sapato, medindo no antebra\u00e7o? Dizem que eles t\u00eam o mesmo tamanho! Ser\u00e1 que funciona mesmo? E o p\u00e9, at\u00e9 quando ele cresce? \u00c0s vezes, o aumento nas medidas pode ser um problema hormonal.<\/p>\n<\/div>\n<div style=\"text-align: justify;\" data-block-type=\"unstyled\" data-block-weight=\"34\">\n<p data-track-category=\"Link no Texto\" data-track-links=\"\">No Bem Estar desta segunda-feira (27), o endocrinologista Dr. Bruno Halpern fala sobre esse crescimento das extremidades. O ginecologista e consultor do programa, Dr. Jos\u00e9 Bento explica o crescimento do p\u00e9 durante a gravidez.<\/p>\n<\/div>\n<div style=\"text-align: justify;\" data-block-type=\"unstyled\" data-block-weight=\"3\">\n<p data-track-category=\"Link no Texto\" data-track-links=\"\">Crescimento e puberdade<\/p>\n<\/div>\n<div style=\"text-align: justify;\" data-block-type=\"unstyled\" data-block-weight=\"66\">\n<p data-track-category=\"Link no Texto\" data-track-links=\"\">Muitos horm\u00f4nios e fatores est\u00e3o associados ao crescimento do corpo humano. O que dita o crescimento \u00e9 a idade \u00f3ssea, enquanto a cartilagem do crescimento estiver aberta, n\u00f3s continuaremos crescendo. O estr\u00f3geno \u00e9 respons\u00e1vel por isso e quanto mais tempo ficamos com a cartilagem aberta, mais alto seremos. Quem tem a puberdade precoce \u00e9 mais baixo porque produz mais horm\u00f4nios e a cartilagem se fecha antes.<\/p>\n<\/div>\n<div style=\"text-align: justify;\" data-block-type=\"unstyled\" data-block-weight=\"72\">\n<p data-track-category=\"Link no Texto\" data-track-links=\"\">C\u00c1LCULO &#8211; Al\u00e9m, disso, a carga gen\u00e9tica \u00e9 um fator bastante importante para o crescimento, sendo poss\u00edvel fazer um c\u00e1lculo da altura da crian\u00e7a com base na dos pais. A conta \u00e9 a m\u00e9dia da soma da idade do pai com a idade da m\u00e3e. Se for menino soma 6.5 cm, se for menina, subtrai 6,5 cm. No caso dos homens, soma porque o tempo do estir\u00e3o na puberdade \u00e9 mais longo.<\/p>\n<\/div>\n<div style=\"text-align: justify;\" data-block-type=\"unstyled\" data-block-weight=\"10\">\n<p data-track-category=\"Link no Texto\" data-track-links=\"\">A rela\u00e7\u00e3o da altura com o infarto e o c\u00e2ncer<\/p>\n<\/div>\n<div style=\"text-align: justify;\" data-block-type=\"unstyled\" data-block-weight=\"23\">\n<p data-track-category=\"Link no Texto\" data-track-links=\"\">Dr. Bruno Halpern explica que h\u00e1 estudos que comprovam que pessoas baixas t\u00eam mais chance de ter problemas cardiovasculares enquanto as altas, c\u00e2ncer.<\/p>\n<\/div>\n<div style=\"text-align: justify;\" data-block-type=\"unstyled\" data-block-weight=\"42\">\n<p data-track-category=\"Link no Texto\" data-track-links=\"\">Os genes relacionados \u00e0 baixa estatura est\u00e3o relacionados \u00e0s doen\u00e7as cardiovasculares e tem ainda o fator da alimenta\u00e7\u00e3o: quem \u00e9 mais baixo come mais ou menos a mesma quantidade que algu\u00e9m alto, ent\u00e3o o ganho de peso \u00e9 outro fator de risco.<\/p>\n<\/div>\n<div style=\"text-align: justify;\" data-block-type=\"unstyled\" data-block-weight=\"53\">\n<p data-track-category=\"Link no Texto\" data-track-links=\"\">Nas pessoas altas, o problema \u00e9 a produ\u00e7\u00e3o em excesso do horm\u00f4nio do crescimento. Esse horm\u00f4nio continua sendo produzido ao longo da vida e as pessoas mais altas produzem em maior quantidade, o que \u00e9 um fator de risco para o c\u00e2ncer, j\u00e1 que o GH \u00e9 respons\u00e1vel pela estimula\u00e7\u00e3o da multiplica\u00e7\u00e3o celular.<\/p>\n<\/div>\n<div style=\"text-align: justify;\"><\/div>\n<div style=\"text-align: justify;\" data-block-type=\"unstyled\" data-block-weight=\"7\">\n<p data-track-category=\"Link no Texto\" data-track-links=\"\">O tamanho do p\u00e9 e a gesta\u00e7\u00e3o<\/p>\n<\/div>\n<div style=\"text-align: justify;\" data-block-type=\"unstyled\" data-block-weight=\"31\">\n<p data-track-category=\"Link no Texto\" data-track-links=\"\">Em algumas mulheres em que o p\u00e9 \u00e9 mais curvado, com o peso da gesta\u00e7\u00e3o e a atua\u00e7\u00e3o dos horm\u00f4nios que afrouxam os ligamentos, o p\u00e9 fica chato e, consequentemente, maior.<\/p>\n<\/div>\n<div style=\"text-align: justify;\" data-block-type=\"unstyled\" data-block-weight=\"32\">\n<p data-track-category=\"Link no Texto\" data-track-links=\"\">Dependendo do peso que a gestante ganhar, o p\u00e9 pode inchar e tamb\u00e9m aumentar o n\u00famero. O p\u00e9 n\u00e3o cresce propriamente dito, ele estica ou engorda, e n\u00e3o volta ap\u00f3s a gravidez.<\/p>\n<\/div>\n<div style=\"text-align: justify;\" data-block-type=\"unstyled\" data-block-weight=\"1\">\n<p data-track-category=\"Link no Texto\" data-track-links=\"\">Proporcionalidade<\/p>\n<\/div>\n<div style=\"text-align: justify;\" data-block-type=\"unstyled\" data-block-weight=\"18\">\n<p data-track-category=\"Link no Texto\" data-track-links=\"\">Cintura: um fator de risco para doen\u00e7as cardiovasculares \u00e9 ter a cintura maior que a metade da altura.<\/p>\n<\/div>\n<div style=\"text-align: justify;\" data-block-type=\"unstyled\" data-block-weight=\"46\">\n<p data-track-category=\"Link no Texto\" data-track-links=\"\">Seios: durante a lacta\u00e7\u00e3o, se a m\u00e3e der sempre o mesmo peito para o beb\u00ea mamar, esse seio vai ficar maior que o outro. Quanto mais estimulado o seio, maior ele dica. A dica \u00e9 marcar o tempo e ir trocando de peito durante a amamenta\u00e7\u00e3o.<\/p>\n<\/div>\n<div style=\"text-align: justify;\" data-block-type=\"unstyled\" data-block-weight=\"3\">\n<p data-track-category=\"Link no Texto\" data-track-links=\"\">Desejo de gr\u00e1vida<\/p>\n<\/div>\n<div data-block-type=\"unstyled\" data-block-weight=\"42\">\n<p style=\"text-align: justify;\" data-track-category=\"Link no Texto\" data-track-links=\"\">Durante a gravidez, a mudan\u00e7a na quantidade de sangue que irriga a papila gustativa modifica o paladar da mulher. Por isso, elas sentem desejos at\u00e9 estranhos, como comer lim\u00e3o. Se o desejo for comer tijolo, isso pode ser um sinal de anemia.<\/p>\n<\/div>\n<p style=\"text-align: justify;\" data-track-category=\"Link no Texto\" data-track-links=\"\">Fonte: G1<\/p>\n","protected":false},"excerpt":{"rendered":"<p>Voc\u00ea j\u00e1 experimentou uma cal\u00e7a colocando no pesco\u00e7o? E sapato, medindo no antebra\u00e7o? Dizem que eles t\u00eam o mesmo tamanho! Ser\u00e1 que funciona mesmo? E o p\u00e9, at\u00e9 quando ele cresce? \u00c0s vezes, o aumento nas medidas pode ser um problema hormonal. No Bem Estar desta segunda-feira (27), o endocrinologista Dr. Bruno Halpern fala sobre [&hellip;]<\/p>\n","protected":false},"author":1,"featured_media":0,"comment_status":"open","ping_status":"open","sticky":false,"template":"","format":"standard","meta":{"ocean_post_layout":"","ocean_both_sidebars_style":"","ocean_both_sidebars_content_width":0,"ocean_both_sidebars_sidebars_width":0,"ocean_sidebar":"","ocean_second_sidebar":"","ocean_disable_margins":"enable","ocean_add_body_class":"","ocean_shortcode_before_top_bar":"","ocean_shortcode_after_top_bar":"","ocean_shortcode_before_header":"","ocean_shortcode_after_header":"","ocean_has_shortcode":"","ocean_shortcode_after_title":"","ocean_shortcode_before_footer_widgets":"","ocean_shortcode_after_footer_widgets":"","ocean_shortcode_before_footer_bottom":"","ocean_shortcode_after_footer_bottom":"","ocean_display_top_bar":"default","ocean_display_header":"default","ocean_header_style":"","ocean_center_header_left_menu":"","ocean_custom_header_template":"","ocean_custom_logo":0,"ocean_custom_retina_logo":0,"ocean_custom_logo_max_width":0,"ocean_custom_logo_tablet_max_width":0,"ocean_custom_logo_mobile_max_width":0,"ocean_custom_logo_max_height":0,"ocean_custom_logo_tablet_max_height":0,"ocean_custom_logo_mobile_max_height":0,"ocean_header_custom_menu":"","ocean_menu_typo_font_family":"","ocean_menu_typo_font_subset":"","ocean_menu_typo_font_size":0,"ocean_menu_typo_font_size_tablet":0,"ocean_menu_typo_font_size_mobile":0,"ocean_menu_typo_font_size_unit":"px","ocean_menu_typo_font_weight":"","ocean_menu_typo_font_weight_tablet":"","ocean_menu_typo_font_weight_mobile":"","ocean_menu_typo_transform":"","ocean_menu_typo_transform_tablet":"","ocean_menu_typo_transform_mobile":"","ocean_menu_typo_line_height":0,"ocean_menu_typo_line_height_tablet":0,"ocean_menu_typo_line_height_mobile":0,"ocean_menu_typo_line_height_unit":"","ocean_menu_typo_spacing":0,"ocean_menu_typo_spacing_tablet":0,"ocean_menu_typo_spacing_mobile":0,"ocean_menu_typo_spacing_unit":"","ocean_menu_link_color":"","ocean_menu_link_color_hover":"","ocean_menu_link_color_active":"","ocean_menu_link_background":"","ocean_menu_link_hover_background":"","ocean_menu_link_active_background":"","ocean_menu_social_links_bg":"","ocean_menu_social_hover_links_bg":"","ocean_menu_social_links_color":"","ocean_menu_social_hover_links_color":"","ocean_disable_title":"default","ocean_disable_heading":"default","ocean_post_title":"","ocean_post_subheading":"","ocean_post_title_style":"","ocean_post_title_background_color":"","ocean_post_title_background":0,"ocean_post_title_bg_image_position":"","ocean_post_title_bg_image_attachment":"","ocean_post_title_bg_image_repeat":"","ocean_post_title_bg_image_size":"","ocean_post_title_height":0,"ocean_post_title_bg_overlay":0.5,"ocean_post_title_bg_overlay_color":"","ocean_disable_breadcrumbs":"default","ocean_breadcrumbs_color":"","ocean_breadcrumbs_separator_color":"","ocean_breadcrumbs_links_color":"","ocean_breadcrumbs_links_hover_color":"","ocean_display_footer_widgets":"default","ocean_display_footer_bottom":"default","ocean_custom_footer_template":"","ocean_post_oembed":"","ocean_post_self_hosted_media":"","ocean_post_video_embed":"","ocean_link_format":"","ocean_link_format_target":"self","ocean_quote_format":"","ocean_quote_format_link":"post","ocean_gallery_link_images":"on","ocean_gallery_id":[]},"categories":[9],"tags":[],"acf":[],"_links":{"self":[{"href":"https:\/\/www.simepe.com.br\/novo\/wp-json\/wp\/v2\/posts\/37851"}],"collection":[{"href":"https:\/\/www.simepe.com.br\/novo\/wp-json\/wp\/v2\/posts"}],"about":[{"href":"https:\/\/www.simepe.com.br\/novo\/wp-json\/wp\/v2\/types\/post"}],"author":[{"embeddable":true,"href":"https:\/\/www.simepe.com.br\/novo\/wp-json\/wp\/v2\/users\/1"}],"replies":[{"embeddable":true,"href":"https:\/\/www.simepe.com.br\/novo\/wp-json\/wp\/v2\/comments?post=37851"}],"version-history":[{"count":1,"href":"https:\/\/www.simepe.com.br\/novo\/wp-json\/wp\/v2\/posts\/37851\/revisions"}],"predecessor-version":[{"id":37852,"href":"https:\/\/www.simepe.com.br\/novo\/wp-json\/wp\/v2\/posts\/37851\/revisions\/37852"}],"wp:attachment":[{"href":"https:\/\/www.simepe.com.br\/novo\/wp-json\/wp\/v2\/media?parent=37851"}],"wp:term":[{"taxonomy":"category","embeddable":true,"href":"https:\/\/www.simepe.com.br\/novo\/wp-json\/wp\/v2\/categories?post=37851"},{"taxonomy":"post_tag","embeddable":true,"href":"https:\/\/www.simepe.com.br\/novo\/wp-json\/wp\/v2\/tags?post=37851"}],"curies":[{"name":"wp","href":"https:\/\/api.w.org\/{rel}","templated":true}]}}