{"id":37861,"date":"2017-03-28T10:03:38","date_gmt":"2017-03-28T13:03:38","guid":{"rendered":"http:\/\/www.simepe.com.br\/novo\/?p=37861"},"modified":"2017-03-28T10:03:38","modified_gmt":"2017-03-28T13:03:38","slug":"remedio-fica-mais-caro-nesta-sexta","status":"publish","type":"post","link":"https:\/\/www.simepe.com.br\/novo\/remedio-fica-mais-caro-nesta-sexta\/","title":{"rendered":"Rem\u00e9dio fica mais caro nesta sexta"},"content":{"rendered":"<p style=\"text-align: justify;\">Enquanto o pre\u00e7o do combust\u00edvel dispara nas bombas dos postos de gasolina do Recife (ver mat\u00e9ria abaixo), o consumidor se prepara, ainda, para o aumento de valores nos medicamentos. De acordo com o Minist\u00e9rio da Sa\u00fade, todos os rem\u00e9dios ser\u00e3o reajustados a partir desta pr\u00f3xima sexta-feira (31).<\/p>\n<p style=\"text-align: justify;\">O percentual ainda n\u00e3o foi divulgado, mas muitas farm\u00e1cias j\u00e1 alertam o consumidor na tentativa de estimular as compras e garantir a venda com valores mais em conta. De acordo com estimativas da Ind\u00fastria Farmac\u00eautica de Pesquisa (Interfarma), os produtos devem ficar, em m\u00e9dia, 3,4% mais caros.<\/p>\n<p style=\"text-align: justify;\">Na opini\u00e3o do diretor de acesso da Interfarma, Pedro Bernardo, como o setor de farm\u00e1cias apresenta alta competitividade, o pre\u00e7o final n\u00e3o deve sofrer muito impacto.<\/p>\n<p style=\"text-align: justify;\">&#8220;Rem\u00e9dios mais comuns, produzidos por v\u00e1rias ind\u00fastrias, com muitas op\u00e7\u00f5es de gen\u00e9ricos, tem uma margem de reajuste menor por causa da concorr\u00eancia. Os produtos mais impactados s\u00e3o rem\u00e9dios mais novos. Nesses casos, o aumento chega a at\u00e9 5%&#8221;, explica o diretor de acesso da Interfarma, Pedro Bernardo.<\/p>\n<p style=\"text-align: justify;\">Com o an\u00fancio de pre\u00e7os mais elevados, \u00e9 comum o consumidor se antecipar e comprar medicamentos em maior quantidade para economizar. A pr\u00e1tica, entretanto, merece aten\u00e7\u00e3o, conforme destaca o diretor do Conselho Geral de Farm\u00e1cias de Pernambuco.<\/p>\n<p style=\"text-align: justify;\">&#8220;Se estamos falando de medicamentos para doen\u00e7as cr\u00f4nicas, como hipertens\u00e3o e diabetes, pode valer a pena. No caso dos rem\u00e9dios de uso pontual, como dipirona, se torna arriscado, porque n\u00e3o h\u00e1 data certa para uso e o produto fica exposto a crian\u00e7as e animais&#8221;, ensina.<\/p>\n<p style=\"text-align: justify;\">Comprar com anteced\u00eancia n\u00e3o \u00e9 a \u00fanica forma de economizar. Al\u00e9m de pesquisar pre\u00e7os e tentar pechinchar, o consumidor pode recorrer a programas de fidelidade. &#8220;Tamb\u00e9m \u00e9 poss\u00edvel, no caso de medicamentos de uso cr\u00f4nico, o paciente pesquisar se os rem\u00e9dios fazem parte de programas de subs\u00eddio do governo federal ou s\u00e3o oferecidos de forma gratuita&#8221;, orienta o educador financeiro Jos\u00e9 Vignolli, do Servi\u00e7o de Prote\u00e7\u00e3o ao Cr\u00e9dito (SPC Brasil).<\/p>\n<p style=\"text-align: justify;\">Na internet, muitos medicamentos s\u00e3o vendidos com pre\u00e7os mais baixos em lojas autorizadas e confi\u00e1veis. &#8220;Eles v\u00eam diretamente da sede da empresa, e acabam custando menos&#8221;, aponta Vignolli. Apostar nos gen\u00e9ricos tamb\u00e9m continua sendo uma das maiores sa\u00eddas para economizar.<\/p>\n<p style=\"text-align: justify;\">SETOR<\/p>\n<p style=\"text-align: justify;\">Mesmo frente a um cen\u00e1rio de recess\u00e3o econ\u00f4mica, o mercado farmac\u00eautico brasileiro continua a crescer. No ano passado, faturou R$ 83,3 bilh\u00f5es segundo dados da CloseUp International, um crescimento de mais de 12% na compara\u00e7\u00e3o com 2015.<\/p>\n<p style=\"text-align: justify;\">Em rela\u00e7\u00e3o ao n\u00famero de unidades de medicamentos vendidos, a alta foi de 7,2% na compara\u00e7\u00e3o anual. Os dados s\u00e3o do IMS Health, reproduzidos pela Associa\u00e7\u00e3o Brasileira de Distribui\u00e7\u00e3o e Log\u00edstica de Produtos Farmac\u00eauticos (Abradilan).<\/p>\n<p style=\"text-align: justify;\">\n<p style=\"text-align: justify;\">Fonte: Jornal do Commercio<\/p>\n","protected":false},"excerpt":{"rendered":"<p>Enquanto o pre\u00e7o do combust\u00edvel dispara nas bombas dos postos de gasolina do Recife (ver mat\u00e9ria abaixo), o consumidor se prepara, ainda, para o aumento de valores nos medicamentos. De acordo com o Minist\u00e9rio da Sa\u00fade, todos os rem\u00e9dios ser\u00e3o reajustados a partir desta pr\u00f3xima sexta-feira (31). O percentual ainda n\u00e3o foi divulgado, mas muitas [&hellip;]<\/p>\n","protected":false},"author":1,"featured_media":0,"comment_status":"open","ping_status":"open","sticky":false,"template":"","format":"standard","meta":{"ocean_post_layout":"","ocean_both_sidebars_style":"","ocean_both_sidebars_content_width":0,"ocean_both_sidebars_sidebars_width":0,"ocean_sidebar":"","ocean_second_sidebar":"","ocean_disable_margins":"enable","ocean_add_body_class":"","ocean_shortcode_before_top_bar":"","ocean_shortcode_after_top_bar":"","ocean_shortcode_before_header":"","ocean_shortcode_after_header":"","ocean_has_shortcode":"","ocean_shortcode_after_title":"","ocean_shortcode_before_footer_widgets":"","ocean_shortcode_after_footer_widgets":"","ocean_shortcode_before_footer_bottom":"","ocean_shortcode_after_footer_bottom":"","ocean_display_top_bar":"default","ocean_display_header":"default","ocean_header_style":"","ocean_center_header_left_menu":"","ocean_custom_header_template":"","ocean_custom_logo":0,"ocean_custom_retina_logo":0,"ocean_custom_logo_max_width":0,"ocean_custom_logo_tablet_max_width":0,"ocean_custom_logo_mobile_max_width":0,"ocean_custom_logo_max_height":0,"ocean_custom_logo_tablet_max_height":0,"ocean_custom_logo_mobile_max_height":0,"ocean_header_custom_menu":"","ocean_menu_typo_font_family":"","ocean_menu_typo_font_subset":"","ocean_menu_typo_font_size":0,"ocean_menu_typo_font_size_tablet":0,"ocean_menu_typo_font_size_mobile":0,"ocean_menu_typo_font_size_unit":"px","ocean_menu_typo_font_weight":"","ocean_menu_typo_font_weight_tablet":"","ocean_menu_typo_font_weight_mobile":"","ocean_menu_typo_transform":"","ocean_menu_typo_transform_tablet":"","ocean_menu_typo_transform_mobile":"","ocean_menu_typo_line_height":0,"ocean_menu_typo_line_height_tablet":0,"ocean_menu_typo_line_height_mobile":0,"ocean_menu_typo_line_height_unit":"","ocean_menu_typo_spacing":0,"ocean_menu_typo_spacing_tablet":0,"ocean_menu_typo_spacing_mobile":0,"ocean_menu_typo_spacing_unit":"","ocean_menu_link_color":"","ocean_menu_link_color_hover":"","ocean_menu_link_color_active":"","ocean_menu_link_background":"","ocean_menu_link_hover_background":"","ocean_menu_link_active_background":"","ocean_menu_social_links_bg":"","ocean_menu_social_hover_links_bg":"","ocean_menu_social_links_color":"","ocean_menu_social_hover_links_color":"","ocean_disable_title":"default","ocean_disable_heading":"default","ocean_post_title":"","ocean_post_subheading":"","ocean_post_title_style":"","ocean_post_title_background_color":"","ocean_post_title_background":0,"ocean_post_title_bg_image_position":"","ocean_post_title_bg_image_attachment":"","ocean_post_title_bg_image_repeat":"","ocean_post_title_bg_image_size":"","ocean_post_title_height":0,"ocean_post_title_bg_overlay":0.5,"ocean_post_title_bg_overlay_color":"","ocean_disable_breadcrumbs":"default","ocean_breadcrumbs_color":"","ocean_breadcrumbs_separator_color":"","ocean_breadcrumbs_links_color":"","ocean_breadcrumbs_links_hover_color":"","ocean_display_footer_widgets":"default","ocean_display_footer_bottom":"default","ocean_custom_footer_template":"","ocean_post_oembed":"","ocean_post_self_hosted_media":"","ocean_post_video_embed":"","ocean_link_format":"","ocean_link_format_target":"self","ocean_quote_format":"","ocean_quote_format_link":"post","ocean_gallery_link_images":"on","ocean_gallery_id":[]},"categories":[9],"tags":[],"acf":[],"_links":{"self":[{"href":"https:\/\/www.simepe.com.br\/novo\/wp-json\/wp\/v2\/posts\/37861"}],"collection":[{"href":"https:\/\/www.simepe.com.br\/novo\/wp-json\/wp\/v2\/posts"}],"about":[{"href":"https:\/\/www.simepe.com.br\/novo\/wp-json\/wp\/v2\/types\/post"}],"author":[{"embeddable":true,"href":"https:\/\/www.simepe.com.br\/novo\/wp-json\/wp\/v2\/users\/1"}],"replies":[{"embeddable":true,"href":"https:\/\/www.simepe.com.br\/novo\/wp-json\/wp\/v2\/comments?post=37861"}],"version-history":[{"count":1,"href":"https:\/\/www.simepe.com.br\/novo\/wp-json\/wp\/v2\/posts\/37861\/revisions"}],"predecessor-version":[{"id":37862,"href":"https:\/\/www.simepe.com.br\/novo\/wp-json\/wp\/v2\/posts\/37861\/revisions\/37862"}],"wp:attachment":[{"href":"https:\/\/www.simepe.com.br\/novo\/wp-json\/wp\/v2\/media?parent=37861"}],"wp:term":[{"taxonomy":"category","embeddable":true,"href":"https:\/\/www.simepe.com.br\/novo\/wp-json\/wp\/v2\/categories?post=37861"},{"taxonomy":"post_tag","embeddable":true,"href":"https:\/\/www.simepe.com.br\/novo\/wp-json\/wp\/v2\/tags?post=37861"}],"curies":[{"name":"wp","href":"https:\/\/api.w.org\/{rel}","templated":true}]}}