{"id":37894,"date":"2017-03-29T07:36:45","date_gmt":"2017-03-29T10:36:45","guid":{"rendered":"http:\/\/www.simepe.com.br\/novo\/?p=37894"},"modified":"2017-03-29T07:36:45","modified_gmt":"2017-03-29T10:36:45","slug":"tetraplegico-recupera-uso-do-braco-em-caso-inedito-na-medicina","status":"publish","type":"post","link":"https:\/\/www.simepe.com.br\/novo\/tetraplegico-recupera-uso-do-braco-em-caso-inedito-na-medicina\/","title":{"rendered":"Tetrapl\u00e9gico recupera uso do bra\u00e7o em caso in\u00e9dito na medicina"},"content":{"rendered":"<p style=\"text-align: justify;\">Uma d\u00e9cada depois de que um acidente de bicicleta o deixou tetrapl\u00e9gico, um americano conseguiu voltar a se alimentar sozinho, em um caso in\u00e9dito na medicina, pesquisadores relataram na quarta-feira (22).<\/p>\n<p>O avan\u00e7o depende de uma pr\u00f3tese que contorna sua les\u00e3o medular, usando fios, eletrodos e um software para restabelecer a liga\u00e7\u00e3o entre o c\u00e9rebro e os m\u00fasculos, de acordo com um estudo publicado na revista m\u00e9dica The Lancet.<\/p>\n<p>&#8220;Que saibamos, este \u00e9 o primeiro caso no mundo de uma pessoa com paralisia grave e cr\u00f4nica usando diretamente sua pr\u00f3pria atividade cerebral para mover seu pr\u00f3prio bra\u00e7o e m\u00e3o para realizar movimentos funcionais&#8221;, disse \u00e0 AFP o autor principal do estudo, Bolu Ajiboye, da Universidade Case Western Reserve, nos Estados Unidos.<\/p>\n<p>O \u00fanico paciente do estudo, Bill Kochevar, de 56 anos, tem dois conjuntos de pequenos eletrodos implantados cirurgicamente em sua cabe\u00e7a para ler seus sinais cerebrais, que s\u00e3o interpretados por um computador. Este ent\u00e3o envia instru\u00e7\u00f5es para os m\u00fasculos, atrav\u00e9s de eletrodos colocados no bra\u00e7o.<\/p>\n<p>Ap\u00f3s cerca de dez anos de paralisia, Kochevar p\u00f4de beber caf\u00e9, co\u00e7ar o nariz e comer pur\u00ea de batata em testes laboratoriais. Para superar a gravidade que o impedia de levantar o membro, Kochevar usa um suporte m\u00f3vel, que tamb\u00e9m est\u00e1 sob o controle do seu c\u00e9rebro.<\/p>\n<p>A pr\u00f3tese ainda \u00e9 experimental, mas os pesquisadores esperam que seu trabalho um dia ajude as pessoas com paralisia a fazerem tarefas di\u00e1rias por conta pr\u00f3pria.<\/p>\n<p>&#8211; &#8216;Revolucion\u00e1rio, mas&#8217; &#8211;<br \/>\nEnquanto os cientistas n\u00e3o encontram uma maneira de reparar as les\u00f5es da medula espinhal que provocam paralisia, eles est\u00e3o desenvolvendo maneiras de reconectar o c\u00e9rebro aos m\u00fasculos do corpo.<\/p>\n<p>Tentativas anteriores tamb\u00e9m usaram pr\u00f3teses. Uma delas, revelada no ano passado, envolvia o uso de eletrodos na pele que ajudaram um americano, Ian Burkhart, com uma paralisia menos grave a abrir e fechar a m\u00e3o, disseram os autores. Outros m\u00e9todos permitem que os participantes controlem um bra\u00e7o rob\u00f3tico usando seus pensamentos.<\/p>\n<p>Kochevar come\u00e7ou a aprender a usar a pr\u00f3tese praticando com uma simula\u00e7\u00e3o de um bra\u00e7o que aparecia em uma tela. De l\u00e1, ele rapidamente progrediu para usar sua mente para dirigir os movimentos do seu bra\u00e7o.<\/p>\n<p>Mas a tecnologia tem limita\u00e7\u00f5es. Entre elas, Kochevar precisa olhar para seu bra\u00e7o o tempo todo para control\u00e1-lo, visto que, devido \u00e0 paralisia, ele perdeu o senso intuitivo dos movimentos e da localiza\u00e7\u00e3o do membro.<\/p>\n<p>Ainda h\u00e1 muito trabalho a ser feito antes de que esta pr\u00f3tese possa ser amplamente utilizada. &#8220;Este estudo \u00e9 revolucion\u00e1rio&#8221;, escreveu Steve Perlmutter, da Universidade de Washington, em um coment\u00e1rio sobre o caso. &#8220;No entanto, o tratamento est\u00e1 longe de estar pronto para ser usado fora do laborat\u00f3rio&#8221;.<\/p>\n<p>Para isso, o sistema precisaria de melhorias, como torn\u00e1-lo sem fio e aumentar a longevidade e a efic\u00e1cia dos implantes cerebrais, disse Ajiboye. Enquanto isso, esta tecnologia poderia vir a &#8220;se tornar o padr\u00e3o de cuidados cl\u00ednicos para pessoas com paralisia cr\u00f4nica e completa&#8221;, ressaltou.<\/p>\n<p style=\"text-align: justify;\">\n<p style=\"text-align: justify;\">Fonte: Folha de Pernambuco<\/p>\n","protected":false},"excerpt":{"rendered":"<p>Uma d\u00e9cada depois de que um acidente de bicicleta o deixou tetrapl\u00e9gico, um americano conseguiu voltar a se alimentar sozinho, em um caso in\u00e9dito na medicina, pesquisadores relataram na quarta-feira (22). O avan\u00e7o depende de uma pr\u00f3tese que contorna sua les\u00e3o medular, usando fios, eletrodos e um software para restabelecer a liga\u00e7\u00e3o entre o c\u00e9rebro [&hellip;]<\/p>\n","protected":false},"author":1,"featured_media":0,"comment_status":"open","ping_status":"open","sticky":false,"template":"","format":"standard","meta":{"ocean_post_layout":"","ocean_both_sidebars_style":"","ocean_both_sidebars_content_width":0,"ocean_both_sidebars_sidebars_width":0,"ocean_sidebar":"","ocean_second_sidebar":"","ocean_disable_margins":"enable","ocean_add_body_class":"","ocean_shortcode_before_top_bar":"","ocean_shortcode_after_top_bar":"","ocean_shortcode_before_header":"","ocean_shortcode_after_header":"","ocean_has_shortcode":"","ocean_shortcode_after_title":"","ocean_shortcode_before_footer_widgets":"","ocean_shortcode_after_footer_widgets":"","ocean_shortcode_before_footer_bottom":"","ocean_shortcode_after_footer_bottom":"","ocean_display_top_bar":"default","ocean_display_header":"default","ocean_header_style":"","ocean_center_header_left_menu":"","ocean_custom_header_template":"","ocean_custom_logo":0,"ocean_custom_retina_logo":0,"ocean_custom_logo_max_width":0,"ocean_custom_logo_tablet_max_width":0,"ocean_custom_logo_mobile_max_width":0,"ocean_custom_logo_max_height":0,"ocean_custom_logo_tablet_max_height":0,"ocean_custom_logo_mobile_max_height":0,"ocean_header_custom_menu":"","ocean_menu_typo_font_family":"","ocean_menu_typo_font_subset":"","ocean_menu_typo_font_size":0,"ocean_menu_typo_font_size_tablet":0,"ocean_menu_typo_font_size_mobile":0,"ocean_menu_typo_font_size_unit":"px","ocean_menu_typo_font_weight":"","ocean_menu_typo_font_weight_tablet":"","ocean_menu_typo_font_weight_mobile":"","ocean_menu_typo_transform":"","ocean_menu_typo_transform_tablet":"","ocean_menu_typo_transform_mobile":"","ocean_menu_typo_line_height":0,"ocean_menu_typo_line_height_tablet":0,"ocean_menu_typo_line_height_mobile":0,"ocean_menu_typo_line_height_unit":"","ocean_menu_typo_spacing":0,"ocean_menu_typo_spacing_tablet":0,"ocean_menu_typo_spacing_mobile":0,"ocean_menu_typo_spacing_unit":"","ocean_menu_link_color":"","ocean_menu_link_color_hover":"","ocean_menu_link_color_active":"","ocean_menu_link_background":"","ocean_menu_link_hover_background":"","ocean_menu_link_active_background":"","ocean_menu_social_links_bg":"","ocean_menu_social_hover_links_bg":"","ocean_menu_social_links_color":"","ocean_menu_social_hover_links_color":"","ocean_disable_title":"default","ocean_disable_heading":"default","ocean_post_title":"","ocean_post_subheading":"","ocean_post_title_style":"","ocean_post_title_background_color":"","ocean_post_title_background":0,"ocean_post_title_bg_image_position":"","ocean_post_title_bg_image_attachment":"","ocean_post_title_bg_image_repeat":"","ocean_post_title_bg_image_size":"","ocean_post_title_height":0,"ocean_post_title_bg_overlay":0.5,"ocean_post_title_bg_overlay_color":"","ocean_disable_breadcrumbs":"default","ocean_breadcrumbs_color":"","ocean_breadcrumbs_separator_color":"","ocean_breadcrumbs_links_color":"","ocean_breadcrumbs_links_hover_color":"","ocean_display_footer_widgets":"default","ocean_display_footer_bottom":"default","ocean_custom_footer_template":"","ocean_post_oembed":"","ocean_post_self_hosted_media":"","ocean_post_video_embed":"","ocean_link_format":"","ocean_link_format_target":"self","ocean_quote_format":"","ocean_quote_format_link":"post","ocean_gallery_link_images":"on","ocean_gallery_id":[]},"categories":[9],"tags":[],"acf":[],"_links":{"self":[{"href":"https:\/\/www.simepe.com.br\/novo\/wp-json\/wp\/v2\/posts\/37894"}],"collection":[{"href":"https:\/\/www.simepe.com.br\/novo\/wp-json\/wp\/v2\/posts"}],"about":[{"href":"https:\/\/www.simepe.com.br\/novo\/wp-json\/wp\/v2\/types\/post"}],"author":[{"embeddable":true,"href":"https:\/\/www.simepe.com.br\/novo\/wp-json\/wp\/v2\/users\/1"}],"replies":[{"embeddable":true,"href":"https:\/\/www.simepe.com.br\/novo\/wp-json\/wp\/v2\/comments?post=37894"}],"version-history":[{"count":1,"href":"https:\/\/www.simepe.com.br\/novo\/wp-json\/wp\/v2\/posts\/37894\/revisions"}],"predecessor-version":[{"id":37895,"href":"https:\/\/www.simepe.com.br\/novo\/wp-json\/wp\/v2\/posts\/37894\/revisions\/37895"}],"wp:attachment":[{"href":"https:\/\/www.simepe.com.br\/novo\/wp-json\/wp\/v2\/media?parent=37894"}],"wp:term":[{"taxonomy":"category","embeddable":true,"href":"https:\/\/www.simepe.com.br\/novo\/wp-json\/wp\/v2\/categories?post=37894"},{"taxonomy":"post_tag","embeddable":true,"href":"https:\/\/www.simepe.com.br\/novo\/wp-json\/wp\/v2\/tags?post=37894"}],"curies":[{"name":"wp","href":"https:\/\/api.w.org\/{rel}","templated":true}]}}