{"id":37969,"date":"2017-03-31T07:24:54","date_gmt":"2017-03-31T10:24:54","guid":{"rendered":"http:\/\/www.simepe.com.br\/novo\/?p=37969"},"modified":"2017-03-31T07:24:54","modified_gmt":"2017-03-31T10:24:54","slug":"ricardo-barros-nega-conduta-inadequada-em-participacao-em-campanha-em-2016","status":"publish","type":"post","link":"https:\/\/www.simepe.com.br\/novo\/ricardo-barros-nega-conduta-inadequada-em-participacao-em-campanha-em-2016\/","title":{"rendered":"Ricardo Barros nega \u201cconduta inadequada\u201d em participa\u00e7\u00e3o em campanha em 2016"},"content":{"rendered":"<p style=\"text-align: justify;\">Ap\u00f3s ser advertido pela Comiss\u00e3o de \u00c9tica P\u00fablica da Presid\u00eancia da Rep\u00fablica por participar de eventos eleitorais em duas cidades paranaenses na elei\u00e7\u00e3o municipal de 2016, o ministro da Sa\u00fade, Ricardo Baros, negou nesta quinta-feira (30) que tenha praticado \u201cqualquer conduta inadequada\u201d na campanha.<\/p>\n<p>Barros n\u00e3o registrou em sua agenda oficial viagens a Curitiba e Apucarana, onde participou de campanha eleitoral. De acordo com a advert\u00eancia feita pela Comiss\u00e3o de \u00c9tica, nos eventos, o ministro fez \u201cpromessas indevidas\u201d, valendo-se do cargo, e criou expectativas na popula\u00e7\u00e3o de que haveria a realiza\u00e7\u00e3o de obras e transfer\u00eancia de verbas do Minist\u00e9rio da Sa\u00fade caso determinado candidato fosse eleito.<\/p>\n<p>\u201cN\u00e3o fui notificado ainda. Soube do julgamento e fiz minha defesa na Comiss\u00e3o de \u00c9tica. N\u00e3o vejo que tenha havido qualquer conduta inadequada.\u201d Sobre a aus\u00eancia de registro das viagens em sua agenda oficial, Barros disse que, daqui para a frente, passar\u00e1 a fazer tais anota\u00e7\u00f5es.<\/p>\n<p>A participa\u00e7\u00e3o de autoridades em campanhas eleitorais n\u00e3o \u00e9 proibida, mas \u00e9 preciso que compromisso seja registrado na agenda e deve haver separa\u00e7\u00e3o entre trabalho e atividades de campanha. Al\u00e9m disso, a autoridade n\u00e3o pode usar o cargo para fazer promessas de vantagens em troca da elei\u00e7\u00e3o de determinado candidato.<\/p>\n<p style=\"text-align: justify;\">\n<p style=\"text-align: justify;\">Fonte: Folha de Pernambuco<\/p>\n","protected":false},"excerpt":{"rendered":"<p>Ap\u00f3s ser advertido pela Comiss\u00e3o de \u00c9tica P\u00fablica da Presid\u00eancia da Rep\u00fablica por participar de eventos eleitorais em duas cidades paranaenses na elei\u00e7\u00e3o municipal de 2016, o ministro da Sa\u00fade, Ricardo Baros, negou nesta quinta-feira (30) que tenha praticado \u201cqualquer conduta inadequada\u201d na campanha. Barros n\u00e3o registrou em sua agenda oficial viagens a Curitiba e [&hellip;]<\/p>\n","protected":false},"author":1,"featured_media":0,"comment_status":"open","ping_status":"open","sticky":false,"template":"","format":"standard","meta":{"ocean_post_layout":"","ocean_both_sidebars_style":"","ocean_both_sidebars_content_width":0,"ocean_both_sidebars_sidebars_width":0,"ocean_sidebar":"","ocean_second_sidebar":"","ocean_disable_margins":"enable","ocean_add_body_class":"","ocean_shortcode_before_top_bar":"","ocean_shortcode_after_top_bar":"","ocean_shortcode_before_header":"","ocean_shortcode_after_header":"","ocean_has_shortcode":"","ocean_shortcode_after_title":"","ocean_shortcode_before_footer_widgets":"","ocean_shortcode_after_footer_widgets":"","ocean_shortcode_before_footer_bottom":"","ocean_shortcode_after_footer_bottom":"","ocean_display_top_bar":"default","ocean_display_header":"default","ocean_header_style":"","ocean_center_header_left_menu":"","ocean_custom_header_template":"","ocean_custom_logo":0,"ocean_custom_retina_logo":0,"ocean_custom_logo_max_width":0,"ocean_custom_logo_tablet_max_width":0,"ocean_custom_logo_mobile_max_width":0,"ocean_custom_logo_max_height":0,"ocean_custom_logo_tablet_max_height":0,"ocean_custom_logo_mobile_max_height":0,"ocean_header_custom_menu":"","ocean_menu_typo_font_family":"","ocean_menu_typo_font_subset":"","ocean_menu_typo_font_size":0,"ocean_menu_typo_font_size_tablet":0,"ocean_menu_typo_font_size_mobile":0,"ocean_menu_typo_font_size_unit":"px","ocean_menu_typo_font_weight":"","ocean_menu_typo_font_weight_tablet":"","ocean_menu_typo_font_weight_mobile":"","ocean_menu_typo_transform":"","ocean_menu_typo_transform_tablet":"","ocean_menu_typo_transform_mobile":"","ocean_menu_typo_line_height":0,"ocean_menu_typo_line_height_tablet":0,"ocean_menu_typo_line_height_mobile":0,"ocean_menu_typo_line_height_unit":"","ocean_menu_typo_spacing":0,"ocean_menu_typo_spacing_tablet":0,"ocean_menu_typo_spacing_mobile":0,"ocean_menu_typo_spacing_unit":"","ocean_menu_link_color":"","ocean_menu_link_color_hover":"","ocean_menu_link_color_active":"","ocean_menu_link_background":"","ocean_menu_link_hover_background":"","ocean_menu_link_active_background":"","ocean_menu_social_links_bg":"","ocean_menu_social_hover_links_bg":"","ocean_menu_social_links_color":"","ocean_menu_social_hover_links_color":"","ocean_disable_title":"default","ocean_disable_heading":"default","ocean_post_title":"","ocean_post_subheading":"","ocean_post_title_style":"","ocean_post_title_background_color":"","ocean_post_title_background":0,"ocean_post_title_bg_image_position":"","ocean_post_title_bg_image_attachment":"","ocean_post_title_bg_image_repeat":"","ocean_post_title_bg_image_size":"","ocean_post_title_height":0,"ocean_post_title_bg_overlay":0.5,"ocean_post_title_bg_overlay_color":"","ocean_disable_breadcrumbs":"default","ocean_breadcrumbs_color":"","ocean_breadcrumbs_separator_color":"","ocean_breadcrumbs_links_color":"","ocean_breadcrumbs_links_hover_color":"","ocean_display_footer_widgets":"default","ocean_display_footer_bottom":"default","ocean_custom_footer_template":"","ocean_post_oembed":"","ocean_post_self_hosted_media":"","ocean_post_video_embed":"","ocean_link_format":"","ocean_link_format_target":"self","ocean_quote_format":"","ocean_quote_format_link":"post","ocean_gallery_link_images":"on","ocean_gallery_id":[]},"categories":[9],"tags":[],"acf":[],"_links":{"self":[{"href":"https:\/\/www.simepe.com.br\/novo\/wp-json\/wp\/v2\/posts\/37969"}],"collection":[{"href":"https:\/\/www.simepe.com.br\/novo\/wp-json\/wp\/v2\/posts"}],"about":[{"href":"https:\/\/www.simepe.com.br\/novo\/wp-json\/wp\/v2\/types\/post"}],"author":[{"embeddable":true,"href":"https:\/\/www.simepe.com.br\/novo\/wp-json\/wp\/v2\/users\/1"}],"replies":[{"embeddable":true,"href":"https:\/\/www.simepe.com.br\/novo\/wp-json\/wp\/v2\/comments?post=37969"}],"version-history":[{"count":1,"href":"https:\/\/www.simepe.com.br\/novo\/wp-json\/wp\/v2\/posts\/37969\/revisions"}],"predecessor-version":[{"id":37970,"href":"https:\/\/www.simepe.com.br\/novo\/wp-json\/wp\/v2\/posts\/37969\/revisions\/37970"}],"wp:attachment":[{"href":"https:\/\/www.simepe.com.br\/novo\/wp-json\/wp\/v2\/media?parent=37969"}],"wp:term":[{"taxonomy":"category","embeddable":true,"href":"https:\/\/www.simepe.com.br\/novo\/wp-json\/wp\/v2\/categories?post=37969"},{"taxonomy":"post_tag","embeddable":true,"href":"https:\/\/www.simepe.com.br\/novo\/wp-json\/wp\/v2\/tags?post=37969"}],"curies":[{"name":"wp","href":"https:\/\/api.w.org\/{rel}","templated":true}]}}