{"id":37974,"date":"2017-03-31T07:27:13","date_gmt":"2017-03-31T10:27:13","guid":{"rendered":"http:\/\/www.simepe.com.br\/novo\/?p=37974"},"modified":"2017-03-31T07:27:13","modified_gmt":"2017-03-31T10:27:13","slug":"oms-casos-de-depressao-aumentam-quase-20-em-10-anos","status":"publish","type":"post","link":"https:\/\/www.simepe.com.br\/novo\/oms-casos-de-depressao-aumentam-quase-20-em-10-anos\/","title":{"rendered":"OMS: casos de depress\u00e3o aumentam quase 20% em 10 anos"},"content":{"rendered":"<p style=\"text-align: justify;\">Os casos de depress\u00e3o aumentaram quase 20% na \u00faltima d\u00e9cada, transformando-se na maior causa de incapacidade no mundo, alertou a Organiza\u00e7\u00e3o Mundial da Sa\u00fade (OMS) nesta quinta-feira.<\/p>\n<p>O n\u00famero de pessoas com depress\u00e3o chegou em 2015 a 322 milh\u00f5es, 18,4% a mais que em 2005, indica a organiza\u00e7\u00e3o.<\/p>\n<p>&#8220;Estes novos n\u00fameros s\u00e3o um sinal de alerta para que todos os pa\u00edses repensem sua vis\u00e3o da sa\u00fade mental e a tratem com a urg\u00eancia que ela merece&#8221;, disse a diretora geral da OMS, Margaret Chan, em um comunicado.<\/p>\n<p>Segundo a defini\u00e7\u00e3o da OMS, a depress\u00e3o \u00e9 muito mais que um acesso de melancolia.<\/p>\n<p>Trata-se de um transtorno mental no qual o afetado mostra &#8220;uma tristeza permanente e uma perda de interesse pelas atividades que as pessoas costumam desfrutar, acompanhadas da incapacidade de realizar tarefas di\u00e1rias, durante duas semanas ou mais&#8221;.<\/p>\n<p>A depress\u00e3o tamb\u00e9m pode provocar sentimentos de culpa ou falta de autoestima, transtornos do sono ou de apetite, sensa\u00e7\u00e3o de cansa\u00e7o e falta de concentra\u00e7\u00e3o. Nos casos mais graves, pode levar ao suic\u00eddio.<\/p>\n<p>A queda da produtividade e doen\u00e7as vinculadas \u00e0 depress\u00e3o t\u00eam um alto custo global, que a OMS calcula em um trilh\u00e3o de d\u00f3lares por ano.<\/p>\n<p>SheJar Saxena, diretor do departamento de sa\u00fade mental e abuso de subst\u00e2ncias, lembrou que tanto os tratamentos psicossociais como os m\u00e9dicos podem ser muito eficazes, e insistiu na import\u00e2ncia de atender mais pessoas que precisam de ajuda.<\/p>\n<p>Nos pa\u00edses mais desenvolvidos, quase metade dos depressivos n\u00e3o foram diagnosticados nem recebem, portanto, nenhum tratamento.<\/p>\n<p>Esse n\u00famero chega a entre 80% e 90% dos casos nas na\u00e7\u00f5es menos desenvolvidas, segundo a organiza\u00e7\u00e3o da ONU dedicada \u00e0 sa\u00fade.<\/p>\n<p>O tratamento pode ser de dif\u00edcil acesso, e o temor a ser estigmatizado impede com frequ\u00eancia que os afetados procurem ajuda.<\/p>\n<p>Segundo a OMS, cada d\u00f3lar investido em ampliar os tratamentos produz quatro d\u00f3lares de lucro, devido \u00e0 melhora da sa\u00fade e da produtividade dos trabalhadores.<\/p>\n<p>A redu\u00e7\u00e3o dos casos de depress\u00e3o tamb\u00e9m tem um grande impacto no n\u00famero de suic\u00eddios. &#8220;Uma identifica\u00e7\u00e3o e um tratamento precoces da depress\u00e3o s\u00e3o uma maneira muito eficaz de reduzir o n\u00famero de mortes por suic\u00eddio&#8221;, disse Saxena.<\/p>\n<p>Quase 800.000 pessoas se suicidam por ano no mundo, o que equivale a um suic\u00eddio a cada quatro segundos. E a rela\u00e7\u00e3o com a depress\u00e3o \u00e9 clara.<\/p>\n<p>Saxena mencionou estudos que apontam que entre 70% e 80% das pessoas que acabam com a pr\u00f3pria vida nos pa\u00edses ricos e cerca de metade das que se suicidam no Estados pobres sofrem com transtornos mentais, principalmente depress\u00e3o.<\/p>\n<p style=\"text-align: justify;\">\n<p style=\"text-align: justify;\">Fonte: Folha de Pernambuco<\/p>\n","protected":false},"excerpt":{"rendered":"<p>Os casos de depress\u00e3o aumentaram quase 20% na \u00faltima d\u00e9cada, transformando-se na maior causa de incapacidade no mundo, alertou a Organiza\u00e7\u00e3o Mundial da Sa\u00fade (OMS) nesta quinta-feira. O n\u00famero de pessoas com depress\u00e3o chegou em 2015 a 322 milh\u00f5es, 18,4% a mais que em 2005, indica a organiza\u00e7\u00e3o. &#8220;Estes novos n\u00fameros s\u00e3o um sinal de [&hellip;]<\/p>\n","protected":false},"author":1,"featured_media":0,"comment_status":"open","ping_status":"open","sticky":false,"template":"","format":"standard","meta":{"ocean_post_layout":"","ocean_both_sidebars_style":"","ocean_both_sidebars_content_width":0,"ocean_both_sidebars_sidebars_width":0,"ocean_sidebar":"","ocean_second_sidebar":"","ocean_disable_margins":"enable","ocean_add_body_class":"","ocean_shortcode_before_top_bar":"","ocean_shortcode_after_top_bar":"","ocean_shortcode_before_header":"","ocean_shortcode_after_header":"","ocean_has_shortcode":"","ocean_shortcode_after_title":"","ocean_shortcode_before_footer_widgets":"","ocean_shortcode_after_footer_widgets":"","ocean_shortcode_before_footer_bottom":"","ocean_shortcode_after_footer_bottom":"","ocean_display_top_bar":"default","ocean_display_header":"default","ocean_header_style":"","ocean_center_header_left_menu":"","ocean_custom_header_template":"","ocean_custom_logo":0,"ocean_custom_retina_logo":0,"ocean_custom_logo_max_width":0,"ocean_custom_logo_tablet_max_width":0,"ocean_custom_logo_mobile_max_width":0,"ocean_custom_logo_max_height":0,"ocean_custom_logo_tablet_max_height":0,"ocean_custom_logo_mobile_max_height":0,"ocean_header_custom_menu":"","ocean_menu_typo_font_family":"","ocean_menu_typo_font_subset":"","ocean_menu_typo_font_size":0,"ocean_menu_typo_font_size_tablet":0,"ocean_menu_typo_font_size_mobile":0,"ocean_menu_typo_font_size_unit":"px","ocean_menu_typo_font_weight":"","ocean_menu_typo_font_weight_tablet":"","ocean_menu_typo_font_weight_mobile":"","ocean_menu_typo_transform":"","ocean_menu_typo_transform_tablet":"","ocean_menu_typo_transform_mobile":"","ocean_menu_typo_line_height":0,"ocean_menu_typo_line_height_tablet":0,"ocean_menu_typo_line_height_mobile":0,"ocean_menu_typo_line_height_unit":"","ocean_menu_typo_spacing":0,"ocean_menu_typo_spacing_tablet":0,"ocean_menu_typo_spacing_mobile":0,"ocean_menu_typo_spacing_unit":"","ocean_menu_link_color":"","ocean_menu_link_color_hover":"","ocean_menu_link_color_active":"","ocean_menu_link_background":"","ocean_menu_link_hover_background":"","ocean_menu_link_active_background":"","ocean_menu_social_links_bg":"","ocean_menu_social_hover_links_bg":"","ocean_menu_social_links_color":"","ocean_menu_social_hover_links_color":"","ocean_disable_title":"default","ocean_disable_heading":"default","ocean_post_title":"","ocean_post_subheading":"","ocean_post_title_style":"","ocean_post_title_background_color":"","ocean_post_title_background":0,"ocean_post_title_bg_image_position":"","ocean_post_title_bg_image_attachment":"","ocean_post_title_bg_image_repeat":"","ocean_post_title_bg_image_size":"","ocean_post_title_height":0,"ocean_post_title_bg_overlay":0.5,"ocean_post_title_bg_overlay_color":"","ocean_disable_breadcrumbs":"default","ocean_breadcrumbs_color":"","ocean_breadcrumbs_separator_color":"","ocean_breadcrumbs_links_color":"","ocean_breadcrumbs_links_hover_color":"","ocean_display_footer_widgets":"default","ocean_display_footer_bottom":"default","ocean_custom_footer_template":"","ocean_post_oembed":"","ocean_post_self_hosted_media":"","ocean_post_video_embed":"","ocean_link_format":"","ocean_link_format_target":"self","ocean_quote_format":"","ocean_quote_format_link":"post","ocean_gallery_link_images":"on","ocean_gallery_id":[]},"categories":[9],"tags":[],"acf":[],"_links":{"self":[{"href":"https:\/\/www.simepe.com.br\/novo\/wp-json\/wp\/v2\/posts\/37974"}],"collection":[{"href":"https:\/\/www.simepe.com.br\/novo\/wp-json\/wp\/v2\/posts"}],"about":[{"href":"https:\/\/www.simepe.com.br\/novo\/wp-json\/wp\/v2\/types\/post"}],"author":[{"embeddable":true,"href":"https:\/\/www.simepe.com.br\/novo\/wp-json\/wp\/v2\/users\/1"}],"replies":[{"embeddable":true,"href":"https:\/\/www.simepe.com.br\/novo\/wp-json\/wp\/v2\/comments?post=37974"}],"version-history":[{"count":1,"href":"https:\/\/www.simepe.com.br\/novo\/wp-json\/wp\/v2\/posts\/37974\/revisions"}],"predecessor-version":[{"id":37975,"href":"https:\/\/www.simepe.com.br\/novo\/wp-json\/wp\/v2\/posts\/37974\/revisions\/37975"}],"wp:attachment":[{"href":"https:\/\/www.simepe.com.br\/novo\/wp-json\/wp\/v2\/media?parent=37974"}],"wp:term":[{"taxonomy":"category","embeddable":true,"href":"https:\/\/www.simepe.com.br\/novo\/wp-json\/wp\/v2\/categories?post=37974"},{"taxonomy":"post_tag","embeddable":true,"href":"https:\/\/www.simepe.com.br\/novo\/wp-json\/wp\/v2\/tags?post=37974"}],"curies":[{"name":"wp","href":"https:\/\/api.w.org\/{rel}","templated":true}]}}