{"id":37982,"date":"2017-03-31T07:38:12","date_gmt":"2017-03-31T10:38:12","guid":{"rendered":"http:\/\/www.simepe.com.br\/novo\/?p=37982"},"modified":"2017-03-31T07:38:56","modified_gmt":"2017-03-31T10:38:56","slug":"dia-mundial-do-autismo-com-programacao-e-novos-metodos-de-convivencia","status":"publish","type":"post","link":"https:\/\/www.simepe.com.br\/novo\/dia-mundial-do-autismo-com-programacao-e-novos-metodos-de-convivencia\/","title":{"rendered":"Dia Mundial do Autismo com programa\u00e7\u00e3o e novos m\u00e9todos de conviv\u00eancia"},"content":{"rendered":"<p style=\"text-align: justify;\">A Organiza\u00e7\u00e3o das Na\u00e7\u00f5es Unidas (ONU) instituiu, desde 2007, o 2 de abril como o Dia Mundial de Conscientiza\u00e7\u00e3o do Autismo. A doen\u00e7a, que \u00e9 uma condi\u00e7\u00e3o neurol\u00f3gica permanente, atinge cerca de 1% da popula\u00e7\u00e3o mundial, de acordo com a Organiza\u00e7\u00e3o Mundial da Sa\u00fade (OMS).<\/p>\n<p>No pr\u00f3ximo domingo (2), haver\u00e1 uma longa programa\u00e7\u00e3o para marcar a data. Em Paulista, na Regi\u00e3o Metropolitana do Recife (RMR), haver\u00e1 uma caminhada na avenida Beira Mar, no bairro do Janga, com concentra\u00e7\u00e3o \u00e0s 9h. A programa\u00e7\u00e3o inclui tamb\u00e9m a primeira exposi\u00e7\u00e3o fotogr\u00e1fica sobre autismo, com o tema &#8220;Venha conhecer meu mundo azul&#8221;, organizada pela ONG M\u00e3es Guerreiras do Paulista. Come\u00e7a \u00e0s 14h, no Paulista North Way Shopping.<\/p>\n<p style=\"text-align: justify;\">No Recife, um encontro realizado no restaurante Greenmix, em Boa Viagem, na Zona Sul, vai discutir a alimenta\u00e7\u00e3o saud\u00e1vel para autistas. Os interessados devem se inscrever no site.<\/p>\n<p>Para os moradores do Agreste, a Secretaria de Educa\u00e7\u00e3o de Garanhuns sedia desde o dia 27 a Semana do Autista. Nesta sexta-feira (31), uma caminhada sair\u00e1 \u00e0s 9h do Parque Euclides Dourado em dire\u00e7\u00e3o ao Centro da Cidade. No s\u00e1bado (1), haver\u00e1 panfletagem nas ruas da cidade; no domingo (2), recrea\u00e7\u00e3o no espa\u00e7o Educativa.<\/p>\n<p>Autistas<\/p>\n<p>Com algumas limita\u00e7\u00f5es para desenvolver aprendizados como fala e escrita, crian\u00e7as com o espectro autista t\u00eam encontrado uma metodologia que agiliza o aprendizado em Jaboat\u00e3o dos Guararapes, na RMR. Fernanda Cristian \u00e9 uma psicopedagoga que h\u00e1 10 anos trata crian\u00e7as com dificuldades de desenvolvimento e h\u00e1 tr\u00eas anos tem atra\u00eddo pais de crian\u00e7as com autismo.<\/p>\n<p>Com grande utiliza\u00e7\u00e3o de m\u00e9todos l\u00fadicos, como imagens, m\u00fasicas e tecnologias, Fernanda recebe em uma cl\u00ednica as crian\u00e7as e seus pais. \u201cCada atendimento \u00e9 feito individualmente e adaptado para cada crian\u00e7a. Algumas tem um pouco mais de limita\u00e7\u00f5es, mas conseguimos com o tempo fazer com que essas crian\u00e7as possam ter um desenvolvimento bom para que possam acompanhar outras crian\u00e7as que n\u00e3o t\u00eam autismo\u201d, garante.<\/p>\n<p>Segundo a psicopedagoga, estas crian\u00e7as precisam de est\u00edmulos diferentes. \u201cEles n\u00e3o gostam muito de longos discursos. Ent\u00e3o temos de ser l\u00fadicos. Usamos at\u00e9 viol\u00e3o para crian\u00e7as que n\u00e3o t\u00eam sensibilidade auditiva\u201d, afirmou. Ela usa imagens e m\u00fasicas para estimular as crian\u00e7as a falar e escrever. As sess\u00f5es podem durar entre 30 e 50 minutos e podem acontecer at\u00e9 tr\u00eas vezes por semana. Ela garante ainda que o tratamento deve ser multidisciplinar e contar com fonoaudi\u00f3logos, psic\u00f3logos e terapeutas ocupacionais.<\/p>\n<p>Para o empres\u00e1rio Eduardo Jackson, 34, o tratamento ajudou muito o filho Lucas, de cinco anos. \u201cPercebemos que ele n\u00e3o estava se desenvolvendo como o esperado e o autismo foi diagnosticado. Come\u00e7amos um tratamento com a fonoaudi\u00f3loga, mas ele n\u00e3o era alfabetizado, ent\u00e3o percebemos que os resultados n\u00e3o eram suficientes. Ficamos sabendo do tratamento de Fernanda e come\u00e7amos quando ele ainda tinha dois anos\u201d, afirmou.<\/p>\n<p>\u201cHoje, ele j\u00e1 fala e escreve e isso nos d\u00e1 uma calma porque sabemos que no futuro ele vai precisar para entrar na faculdade ou trabalhar\u201d, lembra. \u201cMas sei que o tratamento n\u00e3o \u00e9 barato e j\u00e1 vi muitas crian\u00e7as que n\u00e3o conseguiram o mesmo desenvolvimento que o Lucas\u201d, afirmou.<\/p>\n<p style=\"text-align: justify;\">Fonte: Folha de Pernambuco<\/p>\n","protected":false},"excerpt":{"rendered":"<p>A Organiza\u00e7\u00e3o das Na\u00e7\u00f5es Unidas (ONU) instituiu, desde 2007, o 2 de abril como o Dia Mundial de Conscientiza\u00e7\u00e3o do Autismo. A doen\u00e7a, que \u00e9 uma condi\u00e7\u00e3o neurol\u00f3gica permanente, atinge cerca de 1% da popula\u00e7\u00e3o mundial, de acordo com a Organiza\u00e7\u00e3o Mundial da Sa\u00fade (OMS). No pr\u00f3ximo domingo (2), haver\u00e1 uma longa programa\u00e7\u00e3o para marcar [&hellip;]<\/p>\n","protected":false},"author":1,"featured_media":0,"comment_status":"open","ping_status":"open","sticky":false,"template":"","format":"standard","meta":{"ocean_post_layout":"","ocean_both_sidebars_style":"","ocean_both_sidebars_content_width":0,"ocean_both_sidebars_sidebars_width":0,"ocean_sidebar":"","ocean_second_sidebar":"","ocean_disable_margins":"enable","ocean_add_body_class":"","ocean_shortcode_before_top_bar":"","ocean_shortcode_after_top_bar":"","ocean_shortcode_before_header":"","ocean_shortcode_after_header":"","ocean_has_shortcode":"","ocean_shortcode_after_title":"","ocean_shortcode_before_footer_widgets":"","ocean_shortcode_after_footer_widgets":"","ocean_shortcode_before_footer_bottom":"","ocean_shortcode_after_footer_bottom":"","ocean_display_top_bar":"default","ocean_display_header":"default","ocean_header_style":"","ocean_center_header_left_menu":"","ocean_custom_header_template":"","ocean_custom_logo":0,"ocean_custom_retina_logo":0,"ocean_custom_logo_max_width":0,"ocean_custom_logo_tablet_max_width":0,"ocean_custom_logo_mobile_max_width":0,"ocean_custom_logo_max_height":0,"ocean_custom_logo_tablet_max_height":0,"ocean_custom_logo_mobile_max_height":0,"ocean_header_custom_menu":"","ocean_menu_typo_font_family":"","ocean_menu_typo_font_subset":"","ocean_menu_typo_font_size":0,"ocean_menu_typo_font_size_tablet":0,"ocean_menu_typo_font_size_mobile":0,"ocean_menu_typo_font_size_unit":"px","ocean_menu_typo_font_weight":"","ocean_menu_typo_font_weight_tablet":"","ocean_menu_typo_font_weight_mobile":"","ocean_menu_typo_transform":"","ocean_menu_typo_transform_tablet":"","ocean_menu_typo_transform_mobile":"","ocean_menu_typo_line_height":0,"ocean_menu_typo_line_height_tablet":0,"ocean_menu_typo_line_height_mobile":0,"ocean_menu_typo_line_height_unit":"","ocean_menu_typo_spacing":0,"ocean_menu_typo_spacing_tablet":0,"ocean_menu_typo_spacing_mobile":0,"ocean_menu_typo_spacing_unit":"","ocean_menu_link_color":"","ocean_menu_link_color_hover":"","ocean_menu_link_color_active":"","ocean_menu_link_background":"","ocean_menu_link_hover_background":"","ocean_menu_link_active_background":"","ocean_menu_social_links_bg":"","ocean_menu_social_hover_links_bg":"","ocean_menu_social_links_color":"","ocean_menu_social_hover_links_color":"","ocean_disable_title":"default","ocean_disable_heading":"default","ocean_post_title":"","ocean_post_subheading":"","ocean_post_title_style":"","ocean_post_title_background_color":"","ocean_post_title_background":0,"ocean_post_title_bg_image_position":"","ocean_post_title_bg_image_attachment":"","ocean_post_title_bg_image_repeat":"","ocean_post_title_bg_image_size":"","ocean_post_title_height":0,"ocean_post_title_bg_overlay":0.5,"ocean_post_title_bg_overlay_color":"","ocean_disable_breadcrumbs":"default","ocean_breadcrumbs_color":"","ocean_breadcrumbs_separator_color":"","ocean_breadcrumbs_links_color":"","ocean_breadcrumbs_links_hover_color":"","ocean_display_footer_widgets":"default","ocean_display_footer_bottom":"default","ocean_custom_footer_template":"","ocean_post_oembed":"","ocean_post_self_hosted_media":"","ocean_post_video_embed":"","ocean_link_format":"","ocean_link_format_target":"self","ocean_quote_format":"","ocean_quote_format_link":"post","ocean_gallery_link_images":"on","ocean_gallery_id":[]},"categories":[9],"tags":[],"acf":[],"_links":{"self":[{"href":"https:\/\/www.simepe.com.br\/novo\/wp-json\/wp\/v2\/posts\/37982"}],"collection":[{"href":"https:\/\/www.simepe.com.br\/novo\/wp-json\/wp\/v2\/posts"}],"about":[{"href":"https:\/\/www.simepe.com.br\/novo\/wp-json\/wp\/v2\/types\/post"}],"author":[{"embeddable":true,"href":"https:\/\/www.simepe.com.br\/novo\/wp-json\/wp\/v2\/users\/1"}],"replies":[{"embeddable":true,"href":"https:\/\/www.simepe.com.br\/novo\/wp-json\/wp\/v2\/comments?post=37982"}],"version-history":[{"count":2,"href":"https:\/\/www.simepe.com.br\/novo\/wp-json\/wp\/v2\/posts\/37982\/revisions"}],"predecessor-version":[{"id":37984,"href":"https:\/\/www.simepe.com.br\/novo\/wp-json\/wp\/v2\/posts\/37982\/revisions\/37984"}],"wp:attachment":[{"href":"https:\/\/www.simepe.com.br\/novo\/wp-json\/wp\/v2\/media?parent=37982"}],"wp:term":[{"taxonomy":"category","embeddable":true,"href":"https:\/\/www.simepe.com.br\/novo\/wp-json\/wp\/v2\/categories?post=37982"},{"taxonomy":"post_tag","embeddable":true,"href":"https:\/\/www.simepe.com.br\/novo\/wp-json\/wp\/v2\/tags?post=37982"}],"curies":[{"name":"wp","href":"https:\/\/api.w.org\/{rel}","templated":true}]}}