{"id":37991,"date":"2017-03-31T08:00:17","date_gmt":"2017-03-31T11:00:17","guid":{"rendered":"http:\/\/www.simepe.com.br\/novo\/?p=37991"},"modified":"2017-03-31T08:00:17","modified_gmt":"2017-03-31T11:00:17","slug":"denuncia-aponta-insalubridade-e-falta-de-ar-condicionado-na-uti-do-otavio-de-freitas","status":"publish","type":"post","link":"https:\/\/www.simepe.com.br\/novo\/denuncia-aponta-insalubridade-e-falta-de-ar-condicionado-na-uti-do-otavio-de-freitas\/","title":{"rendered":"Den\u00fancia aponta insalubridade e falta de ar-condicionado na UTI do Ot\u00e1vio de Freitas"},"content":{"rendered":"<p style=\"text-align: justify;\">Funcion\u00e1rios que trabalham e pacientes que est\u00e3o internados na UTI do Hospital Ot\u00e1vio de Freitas, no bairro de Tejipi\u00f3, Zona Oeste do Recife, v\u00eam passando por dificuldades. H\u00e1 cerca de duas semanas o ar-condicionado da unidade n\u00e3o funciona, de acordo com den\u00fancias repassadas ao\u00a0JC.<\/p>\n<p style=\"text-align: justify;\">Um funcion\u00e1rio que n\u00e3o quis ser identificado revelou as condi\u00e7\u00f5es na UTI. &#8220;Tem 19\u00a0leitos e 8\u00a0deles estavam vagos, porque os m\u00e9dicos decidiram n\u00e3o admitir os pacientes porque a unidade estava insalubre.\u00a0J\u00e1 \u00e9 assim com ar-condicionado e sem \u00e9 pior&#8221;, afirmou.<\/p>\n<p style=\"text-align: justify;\">O funcion\u00e1rio acrescentou ainda que o problema j\u00e1 se estende h\u00e1 pelo menos duas semanas. &#8220;Na quinta-feira passada j\u00e1 estava h\u00e1 uma semana sem ar&#8221;, declarou.<\/p>\n<p style=\"text-align: justify;\">Resposta<\/p>\n<p style=\"text-align: justify;\">A reportagem do\u00a0JC\u00a0entrou em contato com a assessoria da Secretaria Estadual de Sa\u00fade, que respondeu o comunicado atrav\u00e9s de uma nota. Confira a \u00edntegra:<\/p>\n<p style=\"text-align: justify;\">A dire\u00e7\u00e3o do Hospital Ot\u00e1vio de Freitas informa que o ar-condicionado da unidade teve um problema t\u00e9cnico neste s\u00e1bado. A equipe de manuten\u00e7\u00e3o do equipamento j\u00e1 est\u00e1 trabalhando no mesmo desde o in\u00edcio desta semana e a previs\u00e3o \u00e9 que os trabalhos sejam conclu\u00eddos at\u00e9 este s\u00e1bado.<\/p>\n<p style=\"text-align: justify;\">\n<p style=\"text-align: justify;\">Fonte: Jornal do Commercio<\/p>\n","protected":false},"excerpt":{"rendered":"<p>Funcion\u00e1rios que trabalham e pacientes que est\u00e3o internados na UTI do Hospital Ot\u00e1vio de Freitas, no bairro de Tejipi\u00f3, Zona Oeste do Recife, v\u00eam passando por dificuldades. H\u00e1 cerca de duas semanas o ar-condicionado da unidade n\u00e3o funciona, de acordo com den\u00fancias repassadas ao\u00a0JC. Um funcion\u00e1rio que n\u00e3o quis ser identificado revelou as condi\u00e7\u00f5es na [&hellip;]<\/p>\n","protected":false},"author":1,"featured_media":0,"comment_status":"open","ping_status":"open","sticky":false,"template":"","format":"standard","meta":{"ocean_post_layout":"","ocean_both_sidebars_style":"","ocean_both_sidebars_content_width":0,"ocean_both_sidebars_sidebars_width":0,"ocean_sidebar":"","ocean_second_sidebar":"","ocean_disable_margins":"enable","ocean_add_body_class":"","ocean_shortcode_before_top_bar":"","ocean_shortcode_after_top_bar":"","ocean_shortcode_before_header":"","ocean_shortcode_after_header":"","ocean_has_shortcode":"","ocean_shortcode_after_title":"","ocean_shortcode_before_footer_widgets":"","ocean_shortcode_after_footer_widgets":"","ocean_shortcode_before_footer_bottom":"","ocean_shortcode_after_footer_bottom":"","ocean_display_top_bar":"default","ocean_display_header":"default","ocean_header_style":"","ocean_center_header_left_menu":"","ocean_custom_header_template":"","ocean_custom_logo":0,"ocean_custom_retina_logo":0,"ocean_custom_logo_max_width":0,"ocean_custom_logo_tablet_max_width":0,"ocean_custom_logo_mobile_max_width":0,"ocean_custom_logo_max_height":0,"ocean_custom_logo_tablet_max_height":0,"ocean_custom_logo_mobile_max_height":0,"ocean_header_custom_menu":"","ocean_menu_typo_font_family":"","ocean_menu_typo_font_subset":"","ocean_menu_typo_font_size":0,"ocean_menu_typo_font_size_tablet":0,"ocean_menu_typo_font_size_mobile":0,"ocean_menu_typo_font_size_unit":"px","ocean_menu_typo_font_weight":"","ocean_menu_typo_font_weight_tablet":"","ocean_menu_typo_font_weight_mobile":"","ocean_menu_typo_transform":"","ocean_menu_typo_transform_tablet":"","ocean_menu_typo_transform_mobile":"","ocean_menu_typo_line_height":0,"ocean_menu_typo_line_height_tablet":0,"ocean_menu_typo_line_height_mobile":0,"ocean_menu_typo_line_height_unit":"","ocean_menu_typo_spacing":0,"ocean_menu_typo_spacing_tablet":0,"ocean_menu_typo_spacing_mobile":0,"ocean_menu_typo_spacing_unit":"","ocean_menu_link_color":"","ocean_menu_link_color_hover":"","ocean_menu_link_color_active":"","ocean_menu_link_background":"","ocean_menu_link_hover_background":"","ocean_menu_link_active_background":"","ocean_menu_social_links_bg":"","ocean_menu_social_hover_links_bg":"","ocean_menu_social_links_color":"","ocean_menu_social_hover_links_color":"","ocean_disable_title":"default","ocean_disable_heading":"default","ocean_post_title":"","ocean_post_subheading":"","ocean_post_title_style":"","ocean_post_title_background_color":"","ocean_post_title_background":0,"ocean_post_title_bg_image_position":"","ocean_post_title_bg_image_attachment":"","ocean_post_title_bg_image_repeat":"","ocean_post_title_bg_image_size":"","ocean_post_title_height":0,"ocean_post_title_bg_overlay":0.5,"ocean_post_title_bg_overlay_color":"","ocean_disable_breadcrumbs":"default","ocean_breadcrumbs_color":"","ocean_breadcrumbs_separator_color":"","ocean_breadcrumbs_links_color":"","ocean_breadcrumbs_links_hover_color":"","ocean_display_footer_widgets":"default","ocean_display_footer_bottom":"default","ocean_custom_footer_template":"","ocean_post_oembed":"","ocean_post_self_hosted_media":"","ocean_post_video_embed":"","ocean_link_format":"","ocean_link_format_target":"self","ocean_quote_format":"","ocean_quote_format_link":"post","ocean_gallery_link_images":"on","ocean_gallery_id":[]},"categories":[9],"tags":[],"acf":[],"_links":{"self":[{"href":"https:\/\/www.simepe.com.br\/novo\/wp-json\/wp\/v2\/posts\/37991"}],"collection":[{"href":"https:\/\/www.simepe.com.br\/novo\/wp-json\/wp\/v2\/posts"}],"about":[{"href":"https:\/\/www.simepe.com.br\/novo\/wp-json\/wp\/v2\/types\/post"}],"author":[{"embeddable":true,"href":"https:\/\/www.simepe.com.br\/novo\/wp-json\/wp\/v2\/users\/1"}],"replies":[{"embeddable":true,"href":"https:\/\/www.simepe.com.br\/novo\/wp-json\/wp\/v2\/comments?post=37991"}],"version-history":[{"count":1,"href":"https:\/\/www.simepe.com.br\/novo\/wp-json\/wp\/v2\/posts\/37991\/revisions"}],"predecessor-version":[{"id":37992,"href":"https:\/\/www.simepe.com.br\/novo\/wp-json\/wp\/v2\/posts\/37991\/revisions\/37992"}],"wp:attachment":[{"href":"https:\/\/www.simepe.com.br\/novo\/wp-json\/wp\/v2\/media?parent=37991"}],"wp:term":[{"taxonomy":"category","embeddable":true,"href":"https:\/\/www.simepe.com.br\/novo\/wp-json\/wp\/v2\/categories?post=37991"},{"taxonomy":"post_tag","embeddable":true,"href":"https:\/\/www.simepe.com.br\/novo\/wp-json\/wp\/v2\/tags?post=37991"}],"curies":[{"name":"wp","href":"https:\/\/api.w.org\/{rel}","templated":true}]}}