{"id":38033,"date":"2017-04-03T07:46:31","date_gmt":"2017-04-03T10:46:31","guid":{"rendered":"http:\/\/www.simepe.com.br\/novo\/?p=38033"},"modified":"2017-04-03T07:46:31","modified_gmt":"2017-04-03T10:46:31","slug":"governo-deixara-de-custear-quase-400-unidades-do-farmacia-popular","status":"publish","type":"post","link":"https:\/\/www.simepe.com.br\/novo\/governo-deixara-de-custear-quase-400-unidades-do-farmacia-popular\/","title":{"rendered":"Governo deixar\u00e1 de custear quase 400 unidades do Farm\u00e1cia Popular"},"content":{"rendered":"<p style=\"text-align: justify;\">O Minist\u00e9rio da Sa\u00fade ir\u00e1 fechar as unidades pr\u00f3prias do programa Farm\u00e1cia Popular, que distribui medicamentos gratuitos ou com at\u00e9 90% de desconto no pa\u00eds.<br \/>\nA decis\u00e3o, que j\u00e1 estava em estudo nos \u00faltimos meses, foi tomada nesta sexta-feira (31), ap\u00f3s reuni\u00e3o com representantes do minist\u00e9rio e de secret\u00e1rios estaduais e municipais de sa\u00fade.<\/p>\n<p>Ao todo, 393 unidades do programa, que eram custeadas pela Uni\u00e3o, deixar\u00e3o de receber verbas federais a partir de maio e podem ser fechadas.<br \/>\nPrefeituras, no entanto, podem optar por manter as unidades, desde que com recursos pr\u00f3prios. &#8220;O governo n\u00e3o financiar\u00e1 mais&#8221;, afirma o ministro da Sa\u00fade, Ricardo Barros.<\/p>\n<p>O Farm\u00e1cia Popular foi criado em 2004, na gest\u00e3o do ent\u00e3o presidente Lu\u00eds In\u00e1cio Lula da Silva. Dois anos depois, foi criado o Aqui tem Farm\u00e1cia Popular, bra\u00e7o do programa em farm\u00e1cias privadas -hoje s\u00e3o 34.583 farm\u00e1cias credenciadas, distribu\u00eddas em 4.487 munic\u00edpios.<\/p>\n<p>A medida, assim, encerra o funcionamento apenas das unidades pr\u00f3prias do programa -a oferta de descontos e medicamentos gratuitos nas farm\u00e1cias do Aqui Tem Farm\u00e1cia Popular continua mantido.<\/p>\n<p>Segundo o Minist\u00e9rio da Sa\u00fade, com o fim do repasse para custeio das unidades pr\u00f3prias, a verba do Farm\u00e1cia Popular, equivalente a cerca de R$ 100 milh\u00f5es, passar\u00e1 a ser destinada aos munic\u00edpios para compra de medicamentos.<br \/>\n&#8220;Esse dinheiro era 80% usado para custeio [das unidades] e 20% para os rem\u00e9dios. N\u00e3o tinha sentido manter uma situa\u00e7\u00e3o dessas. Por isso a decis\u00e3o foi tomada&#8221;, afirma Barros.<\/p>\n<p>O presidente do Conasems (conselho de secret\u00e1rios municipais de sa\u00fade), Mauro Junqueira, diz que a medida n\u00e3o deve afetar a distribui\u00e7\u00e3o de medicamentos. &#8220;S\u00e3o medicamentos que est\u00e3o na farm\u00e1cia b\u00e1sica dos munic\u00edpios&#8221;, afirma.<br \/>\nSegundo ele, muitas dessas unidades j\u00e1 estavam sendo fechadas pelos munic\u00edpios nos \u00faltimos meses -para compara\u00e7\u00e3o, o n\u00famero de unidades pr\u00f3prias habilitadas passou de 558, em 2012, para 393 neste ano.<\/p>\n<p>Para Junqueira, os dados j\u00e1 indicavam &#8220;um programa em fal\u00eancia&#8221;. &#8220;A Farm\u00e1cia Popular tinha copagamento, e isso n\u00e3o \u00e9 SUS. O que revertia em medicamentos tamb\u00e9m era apenas cerca de R$ 13 milh\u00f5es [R$18 milh\u00f5es, segundo o minist\u00e9rio]. O resto era custo, que agora reverte em medicamento&#8221;, diz.<\/p>\n<p>PREOCUPA\u00c7\u00c3O<\/p>\n<p>O fechamento das unidades, por\u00e9m, tamb\u00e9m desperta receio de eventuais impactos \u00e0 popula\u00e7\u00e3o. A quest\u00e3o deve ser analisada na pr\u00f3xima semana pelo Conselho Nacional de Sa\u00fade, que re\u00fane representantes de movimentos populares e de profissionais de sa\u00fade.<\/p>\n<p>&#8220;A preocupa\u00e7\u00e3o \u00e9 que isso resulte em diminui\u00e7\u00e3o de acesso [aos medicamentos]. Queremos saber como isso ser\u00e1 suprido e quais ser\u00e3o os desdobramentos&#8221;, afirma o presidente do conselho, Ronald Santos.<\/p>\n<p>Um dos pontos em an\u00e1lise \u00e9 a quantidade de medicamentos ofertados. Enquanto o Farm\u00e1cia Popular abrangia 112 medicamentos, gratuitos ou com desconto, o Aqui Tem Farm\u00e1cia Popular oferta 25 produtos -com alcance de 9,8 milh\u00f5es de pessoas por m\u00eas.<\/p>\n<p>Em nota, o Minist\u00e9rio da Sa\u00fade afirma que cerca de 90% dos usu\u00e1rios do programa Farm\u00e1cia Popular buscam medicamentos para hipertens\u00e3o, diabetes e asma, que s\u00e3o gratuitos. &#8220;Eles continuar\u00e3o tendo acesso aos f\u00e1rmacos, de forma gratuita, nas unidades particulares cadastradas&#8221;, informa.<\/p>\n<p>Segundo a pasta, com o remanejamento dos repasses que antes eram destinados ao programa, o valor destinado para a aten\u00e7\u00e3o b\u00e1sica passar\u00e1 de R$ 5,10 por habitante para R$ 5,58.<\/p>\n<p style=\"text-align: justify;\">\n<p style=\"text-align: justify;\">Fonte: Folha de Pernambuco<\/p>\n","protected":false},"excerpt":{"rendered":"<p>O Minist\u00e9rio da Sa\u00fade ir\u00e1 fechar as unidades pr\u00f3prias do programa Farm\u00e1cia Popular, que distribui medicamentos gratuitos ou com at\u00e9 90% de desconto no pa\u00eds. A decis\u00e3o, que j\u00e1 estava em estudo nos \u00faltimos meses, foi tomada nesta sexta-feira (31), ap\u00f3s reuni\u00e3o com representantes do minist\u00e9rio e de secret\u00e1rios estaduais e municipais de sa\u00fade. Ao [&hellip;]<\/p>\n","protected":false},"author":1,"featured_media":0,"comment_status":"open","ping_status":"open","sticky":false,"template":"","format":"standard","meta":{"ocean_post_layout":"","ocean_both_sidebars_style":"","ocean_both_sidebars_content_width":0,"ocean_both_sidebars_sidebars_width":0,"ocean_sidebar":"","ocean_second_sidebar":"","ocean_disable_margins":"enable","ocean_add_body_class":"","ocean_shortcode_before_top_bar":"","ocean_shortcode_after_top_bar":"","ocean_shortcode_before_header":"","ocean_shortcode_after_header":"","ocean_has_shortcode":"","ocean_shortcode_after_title":"","ocean_shortcode_before_footer_widgets":"","ocean_shortcode_after_footer_widgets":"","ocean_shortcode_before_footer_bottom":"","ocean_shortcode_after_footer_bottom":"","ocean_display_top_bar":"default","ocean_display_header":"default","ocean_header_style":"","ocean_center_header_left_menu":"","ocean_custom_header_template":"","ocean_custom_logo":0,"ocean_custom_retina_logo":0,"ocean_custom_logo_max_width":0,"ocean_custom_logo_tablet_max_width":0,"ocean_custom_logo_mobile_max_width":0,"ocean_custom_logo_max_height":0,"ocean_custom_logo_tablet_max_height":0,"ocean_custom_logo_mobile_max_height":0,"ocean_header_custom_menu":"","ocean_menu_typo_font_family":"","ocean_menu_typo_font_subset":"","ocean_menu_typo_font_size":0,"ocean_menu_typo_font_size_tablet":0,"ocean_menu_typo_font_size_mobile":0,"ocean_menu_typo_font_size_unit":"px","ocean_menu_typo_font_weight":"","ocean_menu_typo_font_weight_tablet":"","ocean_menu_typo_font_weight_mobile":"","ocean_menu_typo_transform":"","ocean_menu_typo_transform_tablet":"","ocean_menu_typo_transform_mobile":"","ocean_menu_typo_line_height":0,"ocean_menu_typo_line_height_tablet":0,"ocean_menu_typo_line_height_mobile":0,"ocean_menu_typo_line_height_unit":"","ocean_menu_typo_spacing":0,"ocean_menu_typo_spacing_tablet":0,"ocean_menu_typo_spacing_mobile":0,"ocean_menu_typo_spacing_unit":"","ocean_menu_link_color":"","ocean_menu_link_color_hover":"","ocean_menu_link_color_active":"","ocean_menu_link_background":"","ocean_menu_link_hover_background":"","ocean_menu_link_active_background":"","ocean_menu_social_links_bg":"","ocean_menu_social_hover_links_bg":"","ocean_menu_social_links_color":"","ocean_menu_social_hover_links_color":"","ocean_disable_title":"default","ocean_disable_heading":"default","ocean_post_title":"","ocean_post_subheading":"","ocean_post_title_style":"","ocean_post_title_background_color":"","ocean_post_title_background":0,"ocean_post_title_bg_image_position":"","ocean_post_title_bg_image_attachment":"","ocean_post_title_bg_image_repeat":"","ocean_post_title_bg_image_size":"","ocean_post_title_height":0,"ocean_post_title_bg_overlay":0.5,"ocean_post_title_bg_overlay_color":"","ocean_disable_breadcrumbs":"default","ocean_breadcrumbs_color":"","ocean_breadcrumbs_separator_color":"","ocean_breadcrumbs_links_color":"","ocean_breadcrumbs_links_hover_color":"","ocean_display_footer_widgets":"default","ocean_display_footer_bottom":"default","ocean_custom_footer_template":"","ocean_post_oembed":"","ocean_post_self_hosted_media":"","ocean_post_video_embed":"","ocean_link_format":"","ocean_link_format_target":"self","ocean_quote_format":"","ocean_quote_format_link":"post","ocean_gallery_link_images":"on","ocean_gallery_id":[]},"categories":[9],"tags":[],"acf":[],"_links":{"self":[{"href":"https:\/\/www.simepe.com.br\/novo\/wp-json\/wp\/v2\/posts\/38033"}],"collection":[{"href":"https:\/\/www.simepe.com.br\/novo\/wp-json\/wp\/v2\/posts"}],"about":[{"href":"https:\/\/www.simepe.com.br\/novo\/wp-json\/wp\/v2\/types\/post"}],"author":[{"embeddable":true,"href":"https:\/\/www.simepe.com.br\/novo\/wp-json\/wp\/v2\/users\/1"}],"replies":[{"embeddable":true,"href":"https:\/\/www.simepe.com.br\/novo\/wp-json\/wp\/v2\/comments?post=38033"}],"version-history":[{"count":1,"href":"https:\/\/www.simepe.com.br\/novo\/wp-json\/wp\/v2\/posts\/38033\/revisions"}],"predecessor-version":[{"id":38034,"href":"https:\/\/www.simepe.com.br\/novo\/wp-json\/wp\/v2\/posts\/38033\/revisions\/38034"}],"wp:attachment":[{"href":"https:\/\/www.simepe.com.br\/novo\/wp-json\/wp\/v2\/media?parent=38033"}],"wp:term":[{"taxonomy":"category","embeddable":true,"href":"https:\/\/www.simepe.com.br\/novo\/wp-json\/wp\/v2\/categories?post=38033"},{"taxonomy":"post_tag","embeddable":true,"href":"https:\/\/www.simepe.com.br\/novo\/wp-json\/wp\/v2\/tags?post=38033"}],"curies":[{"name":"wp","href":"https:\/\/api.w.org\/{rel}","templated":true}]}}