{"id":38043,"date":"2017-04-03T08:05:19","date_gmt":"2017-04-03T11:05:19","guid":{"rendered":"http:\/\/www.simepe.com.br\/novo\/?p=38043"},"modified":"2017-04-03T08:05:19","modified_gmt":"2017-04-03T11:05:19","slug":"aplicativo-para-ajudar-autistas","status":"publish","type":"post","link":"https:\/\/www.simepe.com.br\/novo\/aplicativo-para-ajudar-autistas\/","title":{"rendered":"Aplicativo para ajudar autistas"},"content":{"rendered":"<p style=\"text-align: justify;\">A Associa\u00e7\u00e3o de Fam\u00edlias para o Bem-Estar e Tratamento da Pessoa com Autismo (Afeto), composta por pais e parentes de pessoas com diagn\u00f3stico de Autismo, realizou ontem um evento para marcar o dia mundial de conscientiza\u00e7\u00e3o do transtorno, no Parque da Jaqueira, Zona Norte do Recife. O encontro, a partir das 15h, buscou sensibilizar sobre a inclus\u00e3o e contou com Pedro Melo e banda, criada por ele e familiares, o Coral da Afeto e Almir Rouche.<br \/>\nNa ocasi\u00e3o, foi o lan\u00e7amento do aplicativo Assistir, criado pelo professor do Centro de Inform\u00e1tica (Cin) da Univerdade Federal de Pernambuco (UFPE) Robson Fidalgo, que ajuda na comunica\u00e7\u00e3o de pessoas com dificuldades na fala. A ferramenta pode ser baixada gratuitamente no Google Play ou atrav\u00e9s do site www.cin.ufpe.br\/~assistive\/.<br \/>\n\u201cEsse evento foi mais um dia para sensibilizar as pessoas e as autoridades sobre o atendimento aos autista e a inclus\u00e3o. Queremos ajudar a divulgar informa\u00e7\u00f5es\u201d, diz \u00c2ngela Lira, uma das organizadoras. Segundo a Uni\u00e3o das Na\u00e7\u00f5es Unidas (ONU), cerca de 1% da popula\u00e7\u00e3o mundial apresenta algum transtorno do espectro do Autismo.<br \/>\nHoje, a data ser\u00e1 lembrada da Universidade Cat\u00f3lica de Pernambuco (Unicap). Das 9h30 \u00e0s 13h, uma a\u00e7\u00e3o com crian\u00e7as e adolescentes autistas, parente e familiares ser\u00e1 realizada em painel localizado no hall do bloco G. Eles far\u00e3o desenhos no espa\u00e7o para marcar a visibilidade em torno do transtorno. A ideia \u00e9 que todos vistam azul.<\/p>\n<p style=\"text-align: justify;\">\n<p style=\"text-align: justify;\">Fonte: Diario de Pernambuco<\/p>\n","protected":false},"excerpt":{"rendered":"<p>A Associa\u00e7\u00e3o de Fam\u00edlias para o Bem-Estar e Tratamento da Pessoa com Autismo (Afeto), composta por pais e parentes de pessoas com diagn\u00f3stico de Autismo, realizou ontem um evento para marcar o dia mundial de conscientiza\u00e7\u00e3o do transtorno, no Parque da Jaqueira, Zona Norte do Recife. O encontro, a partir das 15h, buscou sensibilizar sobre [&hellip;]<\/p>\n","protected":false},"author":1,"featured_media":0,"comment_status":"open","ping_status":"open","sticky":false,"template":"","format":"standard","meta":{"ocean_post_layout":"","ocean_both_sidebars_style":"","ocean_both_sidebars_content_width":0,"ocean_both_sidebars_sidebars_width":0,"ocean_sidebar":"","ocean_second_sidebar":"","ocean_disable_margins":"enable","ocean_add_body_class":"","ocean_shortcode_before_top_bar":"","ocean_shortcode_after_top_bar":"","ocean_shortcode_before_header":"","ocean_shortcode_after_header":"","ocean_has_shortcode":"","ocean_shortcode_after_title":"","ocean_shortcode_before_footer_widgets":"","ocean_shortcode_after_footer_widgets":"","ocean_shortcode_before_footer_bottom":"","ocean_shortcode_after_footer_bottom":"","ocean_display_top_bar":"default","ocean_display_header":"default","ocean_header_style":"","ocean_center_header_left_menu":"","ocean_custom_header_template":"","ocean_custom_logo":0,"ocean_custom_retina_logo":0,"ocean_custom_logo_max_width":0,"ocean_custom_logo_tablet_max_width":0,"ocean_custom_logo_mobile_max_width":0,"ocean_custom_logo_max_height":0,"ocean_custom_logo_tablet_max_height":0,"ocean_custom_logo_mobile_max_height":0,"ocean_header_custom_menu":"","ocean_menu_typo_font_family":"","ocean_menu_typo_font_subset":"","ocean_menu_typo_font_size":0,"ocean_menu_typo_font_size_tablet":0,"ocean_menu_typo_font_size_mobile":0,"ocean_menu_typo_font_size_unit":"px","ocean_menu_typo_font_weight":"","ocean_menu_typo_font_weight_tablet":"","ocean_menu_typo_font_weight_mobile":"","ocean_menu_typo_transform":"","ocean_menu_typo_transform_tablet":"","ocean_menu_typo_transform_mobile":"","ocean_menu_typo_line_height":0,"ocean_menu_typo_line_height_tablet":0,"ocean_menu_typo_line_height_mobile":0,"ocean_menu_typo_line_height_unit":"","ocean_menu_typo_spacing":0,"ocean_menu_typo_spacing_tablet":0,"ocean_menu_typo_spacing_mobile":0,"ocean_menu_typo_spacing_unit":"","ocean_menu_link_color":"","ocean_menu_link_color_hover":"","ocean_menu_link_color_active":"","ocean_menu_link_background":"","ocean_menu_link_hover_background":"","ocean_menu_link_active_background":"","ocean_menu_social_links_bg":"","ocean_menu_social_hover_links_bg":"","ocean_menu_social_links_color":"","ocean_menu_social_hover_links_color":"","ocean_disable_title":"default","ocean_disable_heading":"default","ocean_post_title":"","ocean_post_subheading":"","ocean_post_title_style":"","ocean_post_title_background_color":"","ocean_post_title_background":0,"ocean_post_title_bg_image_position":"","ocean_post_title_bg_image_attachment":"","ocean_post_title_bg_image_repeat":"","ocean_post_title_bg_image_size":"","ocean_post_title_height":0,"ocean_post_title_bg_overlay":0.5,"ocean_post_title_bg_overlay_color":"","ocean_disable_breadcrumbs":"default","ocean_breadcrumbs_color":"","ocean_breadcrumbs_separator_color":"","ocean_breadcrumbs_links_color":"","ocean_breadcrumbs_links_hover_color":"","ocean_display_footer_widgets":"default","ocean_display_footer_bottom":"default","ocean_custom_footer_template":"","ocean_post_oembed":"","ocean_post_self_hosted_media":"","ocean_post_video_embed":"","ocean_link_format":"","ocean_link_format_target":"self","ocean_quote_format":"","ocean_quote_format_link":"post","ocean_gallery_link_images":"on","ocean_gallery_id":[]},"categories":[9],"tags":[],"acf":[],"_links":{"self":[{"href":"https:\/\/www.simepe.com.br\/novo\/wp-json\/wp\/v2\/posts\/38043"}],"collection":[{"href":"https:\/\/www.simepe.com.br\/novo\/wp-json\/wp\/v2\/posts"}],"about":[{"href":"https:\/\/www.simepe.com.br\/novo\/wp-json\/wp\/v2\/types\/post"}],"author":[{"embeddable":true,"href":"https:\/\/www.simepe.com.br\/novo\/wp-json\/wp\/v2\/users\/1"}],"replies":[{"embeddable":true,"href":"https:\/\/www.simepe.com.br\/novo\/wp-json\/wp\/v2\/comments?post=38043"}],"version-history":[{"count":1,"href":"https:\/\/www.simepe.com.br\/novo\/wp-json\/wp\/v2\/posts\/38043\/revisions"}],"predecessor-version":[{"id":38044,"href":"https:\/\/www.simepe.com.br\/novo\/wp-json\/wp\/v2\/posts\/38043\/revisions\/38044"}],"wp:attachment":[{"href":"https:\/\/www.simepe.com.br\/novo\/wp-json\/wp\/v2\/media?parent=38043"}],"wp:term":[{"taxonomy":"category","embeddable":true,"href":"https:\/\/www.simepe.com.br\/novo\/wp-json\/wp\/v2\/categories?post=38043"},{"taxonomy":"post_tag","embeddable":true,"href":"https:\/\/www.simepe.com.br\/novo\/wp-json\/wp\/v2\/tags?post=38043"}],"curies":[{"name":"wp","href":"https:\/\/api.w.org\/{rel}","templated":true}]}}