{"id":38133,"date":"2017-03-17T08:08:08","date_gmt":"2017-03-17T11:08:08","guid":{"rendered":"http:\/\/www.simepe.com.br\/novo\/?p=38133"},"modified":"2017-04-05T08:09:35","modified_gmt":"2017-04-05T11:09:35","slug":"alepe-agenda-nova-audiencia-publica-sobre-as-oss","status":"publish","type":"post","link":"https:\/\/www.simepe.com.br\/novo\/alepe-agenda-nova-audiencia-publica-sobre-as-oss\/","title":{"rendered":"Alepe agenda nova audi\u00eancia p\u00fablica sobre as OSS"},"content":{"rendered":"<p style=\"text-align: justify;\">Ap\u00f3s a oposi\u00e7\u00e3o do governo Paulo C\u00e2mara (PSB) criticar a demora do\u00a0Estado em responder \u00e0s solicita\u00e7\u00f5es da Assembleia Legislativa de Pernambuco (Alepe), a Comiss\u00e3o de Cidadania realizar\u00e1 uma nova audi\u00eancia p\u00fablica, no pr\u00f3ximo dia 27, para discutir a gest\u00e3o das Organiza\u00e7\u00f5es Sociais de Sa\u00fade (OSS) em Pernambuco. Desta vez, a audi\u00eancia ter\u00e1 a participa\u00e7\u00e3o do secret\u00e1rio estadual de Sa\u00fade, Iran Costa, que prestar\u00e1 esclarecimentos sobre pontos levantados na \u00faltima audi\u00eancia de segunda-feira (13).<\/p>\n<p style=\"text-align: justify;\">A data foi sugerida pelo l\u00edder do Governo, Isaltino Nascimento (PSB), onde ser\u00e1 apresentado o Relat\u00f3rio de Gest\u00e3o em Sa\u00fade referente ao \u00faltimo quadrimestre. \u201cGostar\u00edamos de discutir esse tema o mais rapidamente poss\u00edvel. J\u00e1 que n\u00e3o foi consensual a proposta de tratarmos das OSS no mesmo dia da apresenta\u00e7\u00e3o do relat\u00f3rio, para a qual a presen\u00e7a do secret\u00e1rio j\u00e1 estava confirmada, acredito que podemos inverter a pauta e deixar o balan\u00e7o para outro dia\u201d, afirmou.<\/p>\n<p style=\"text-align: justify;\">Segundo o presidente da Comiss\u00e3o de Cidadania, deputado Edilson Silva (PSOL), \u201ca audi\u00eancia da \u00faltima segunda-feira serviu como explana\u00e7\u00e3o do assunto, j\u00e1 que n\u00e3o houve representantes da Secretaria Estadual de Sa\u00fade\u201d. O psolista tamb\u00e9m adiantou que, com foco nas declara\u00e7\u00f5es do Sindicato dos M\u00e9dicos de Pernambuco (Simepe) e do Conselho Regional de Medicina (Cremepe), tr\u00eas aspectos ser\u00e3o tratados: a precariedade das rela\u00e7\u00f5es trabalhistas, a transpar\u00eancia contratual e a qualidade do atendimento \u00e0 popula\u00e7\u00e3o.<\/p>\n<p style=\"text-align: justify;\">Na audi\u00eancia p\u00fablica de segunda-feira (13), gerou pol\u00eamica quando o deputado Isaltino classificou a sess\u00e3o de \u201cileg\u00edtima\u201d, por considerar que a quest\u00e3o n\u00e3o seria da al\u00e7ada da Comiss\u00e3o de Cidadania, tendo havido, portanto, desconsidera\u00e7\u00e3o ao Regimento Interno da Casa, j\u00e1 que a Alepe tem uma comiss\u00e3o de Sa\u00fade. Parlamentares da base governista tamb\u00e9m afirmaram que n\u00e3o foram convidados para a convoca\u00e7\u00e3o.<\/p>\n<p style=\"text-align: justify;\">Ap\u00f3s as cr\u00edticas, Edilson\u00a0rebateu as acusa\u00e7\u00f5es afirmando que os governistas estavam realizando \u201cmanobras burocr\u00e1ticas para tentar barrar o debate democr\u00e1tico de temas envolvendo o amplo interesse da sociedade na Casa\u201d.\u00a0O deputado tamb\u00e9m afirmou que todos os parlamentares foram comunicados sobre a audi\u00eancia. \u201cTodos os deputados foram cientificados da audi\u00eancia, no dia 13, antes da sess\u00e3o, pelo meu assessor da comiss\u00e3o\u201d, detalhou.<\/p>\n<p style=\"text-align: justify;\">O caso sobre as OSS tamb\u00e9m criou desconforto entre a conselheira do Tribunal de Contas do Estado (TCE) Teresa Duere e o secret\u00e1rio de Planejamento e Gest\u00e3o do Estado, M\u00e1rcio Stefanni.\u00a0Na \u00faltima sexta-feira (10), em entrevista ao Resenha Pol\u00edtica, a conselheira falou sobre a fiscaliza\u00e7\u00e3o das contas p\u00fablicas. Teresa apontou, inclusive, irregularidades na administra\u00e7\u00e3o das unidades de sa\u00fade pernambucanas por organiza\u00e7\u00f5es sociais.<\/p>\n<p style=\"text-align: justify;\">Ao ser entrevistado tamb\u00e9m no Resenha Pol\u00edtica nessa quarta-feira (15), o secret\u00e1rio saiu em defesa do modelo e disse que \u201ch\u00e1 uma tentativa de criar um desgaste para a gest\u00e3o socialista\u201d. Stefanni explicou que nessas acusa\u00e7\u00f5es h\u00e1 a suposi\u00e7\u00e3o de que a fam\u00edlia do secret\u00e1rio Ant\u00f4nio Figueira (Casa Civil), ligada ao Imip, uma das organiza\u00e7\u00f5es sociais, seria beneficiada. \u201cO secret\u00e1rio n\u00e3o se intromete nos assuntos de sa\u00fade. A sa\u00fade \u00e9 tratada pelo dr. Iran (Iran Costa, secret\u00e1rio de Sa\u00fade)\u201d, afirmou. \u201cH\u00e1 um claro direcionamento ao se falar no Imip. Por que n\u00e3o se fala na Santa Casa?\u201d, questionou.<\/p>\n<p style=\"text-align: justify;\">O secret\u00e1rio M\u00e1rcio Stefanni ainda classificou o modelo de organiza\u00e7\u00f5es sociais como \u201cexitoso\u201d. \u201cPernambuco \u00e9 o \u00fanico estado que licita as OSS. S\u00e3o Paulo, que \u00e9 tido como exemplo, aponta as OSS, \u00e9 no dedo\u201d, disse. Ele ainda aproveitou para criticar a conselheira do TCE por falar sobre irregularidades. \u201cMuito me estranha, no direito, que algu\u00e9m que julga alguma coisa se pronuncie fora dos autos\u201d, finalizou.<\/p>\n<p style=\"text-align: justify;\">\n<p style=\"text-align: justify;\">Fonte: Jornal do Commercio<\/p>\n","protected":false},"excerpt":{"rendered":"<p>Ap\u00f3s a oposi\u00e7\u00e3o do governo Paulo C\u00e2mara (PSB) criticar a demora do\u00a0Estado em responder \u00e0s solicita\u00e7\u00f5es da Assembleia Legislativa de Pernambuco (Alepe), a Comiss\u00e3o de Cidadania realizar\u00e1 uma nova audi\u00eancia p\u00fablica, no pr\u00f3ximo dia 27, para discutir a gest\u00e3o das Organiza\u00e7\u00f5es Sociais de Sa\u00fade (OSS) em Pernambuco. Desta vez, a audi\u00eancia ter\u00e1 a participa\u00e7\u00e3o do [&hellip;]<\/p>\n","protected":false},"author":1,"featured_media":0,"comment_status":"open","ping_status":"open","sticky":false,"template":"","format":"standard","meta":{"ocean_post_layout":"","ocean_both_sidebars_style":"","ocean_both_sidebars_content_width":0,"ocean_both_sidebars_sidebars_width":0,"ocean_sidebar":"","ocean_second_sidebar":"","ocean_disable_margins":"enable","ocean_add_body_class":"","ocean_shortcode_before_top_bar":"","ocean_shortcode_after_top_bar":"","ocean_shortcode_before_header":"","ocean_shortcode_after_header":"","ocean_has_shortcode":"","ocean_shortcode_after_title":"","ocean_shortcode_before_footer_widgets":"","ocean_shortcode_after_footer_widgets":"","ocean_shortcode_before_footer_bottom":"","ocean_shortcode_after_footer_bottom":"","ocean_display_top_bar":"default","ocean_display_header":"default","ocean_header_style":"","ocean_center_header_left_menu":"","ocean_custom_header_template":"","ocean_custom_logo":0,"ocean_custom_retina_logo":0,"ocean_custom_logo_max_width":0,"ocean_custom_logo_tablet_max_width":0,"ocean_custom_logo_mobile_max_width":0,"ocean_custom_logo_max_height":0,"ocean_custom_logo_tablet_max_height":0,"ocean_custom_logo_mobile_max_height":0,"ocean_header_custom_menu":"","ocean_menu_typo_font_family":"","ocean_menu_typo_font_subset":"","ocean_menu_typo_font_size":0,"ocean_menu_typo_font_size_tablet":0,"ocean_menu_typo_font_size_mobile":0,"ocean_menu_typo_font_size_unit":"px","ocean_menu_typo_font_weight":"","ocean_menu_typo_font_weight_tablet":"","ocean_menu_typo_font_weight_mobile":"","ocean_menu_typo_transform":"","ocean_menu_typo_transform_tablet":"","ocean_menu_typo_transform_mobile":"","ocean_menu_typo_line_height":0,"ocean_menu_typo_line_height_tablet":0,"ocean_menu_typo_line_height_mobile":0,"ocean_menu_typo_line_height_unit":"","ocean_menu_typo_spacing":0,"ocean_menu_typo_spacing_tablet":0,"ocean_menu_typo_spacing_mobile":0,"ocean_menu_typo_spacing_unit":"","ocean_menu_link_color":"","ocean_menu_link_color_hover":"","ocean_menu_link_color_active":"","ocean_menu_link_background":"","ocean_menu_link_hover_background":"","ocean_menu_link_active_background":"","ocean_menu_social_links_bg":"","ocean_menu_social_hover_links_bg":"","ocean_menu_social_links_color":"","ocean_menu_social_hover_links_color":"","ocean_disable_title":"default","ocean_disable_heading":"default","ocean_post_title":"","ocean_post_subheading":"","ocean_post_title_style":"","ocean_post_title_background_color":"","ocean_post_title_background":0,"ocean_post_title_bg_image_position":"","ocean_post_title_bg_image_attachment":"","ocean_post_title_bg_image_repeat":"","ocean_post_title_bg_image_size":"","ocean_post_title_height":0,"ocean_post_title_bg_overlay":0.5,"ocean_post_title_bg_overlay_color":"","ocean_disable_breadcrumbs":"default","ocean_breadcrumbs_color":"","ocean_breadcrumbs_separator_color":"","ocean_breadcrumbs_links_color":"","ocean_breadcrumbs_links_hover_color":"","ocean_display_footer_widgets":"default","ocean_display_footer_bottom":"default","ocean_custom_footer_template":"","ocean_post_oembed":"","ocean_post_self_hosted_media":"","ocean_post_video_embed":"","ocean_link_format":"","ocean_link_format_target":"self","ocean_quote_format":"","ocean_quote_format_link":"post","ocean_gallery_link_images":"on","ocean_gallery_id":[]},"categories":[1],"tags":[],"acf":[],"_links":{"self":[{"href":"https:\/\/www.simepe.com.br\/novo\/wp-json\/wp\/v2\/posts\/38133"}],"collection":[{"href":"https:\/\/www.simepe.com.br\/novo\/wp-json\/wp\/v2\/posts"}],"about":[{"href":"https:\/\/www.simepe.com.br\/novo\/wp-json\/wp\/v2\/types\/post"}],"author":[{"embeddable":true,"href":"https:\/\/www.simepe.com.br\/novo\/wp-json\/wp\/v2\/users\/1"}],"replies":[{"embeddable":true,"href":"https:\/\/www.simepe.com.br\/novo\/wp-json\/wp\/v2\/comments?post=38133"}],"version-history":[{"count":1,"href":"https:\/\/www.simepe.com.br\/novo\/wp-json\/wp\/v2\/posts\/38133\/revisions"}],"predecessor-version":[{"id":38134,"href":"https:\/\/www.simepe.com.br\/novo\/wp-json\/wp\/v2\/posts\/38133\/revisions\/38134"}],"wp:attachment":[{"href":"https:\/\/www.simepe.com.br\/novo\/wp-json\/wp\/v2\/media?parent=38133"}],"wp:term":[{"taxonomy":"category","embeddable":true,"href":"https:\/\/www.simepe.com.br\/novo\/wp-json\/wp\/v2\/categories?post=38133"},{"taxonomy":"post_tag","embeddable":true,"href":"https:\/\/www.simepe.com.br\/novo\/wp-json\/wp\/v2\/tags?post=38133"}],"curies":[{"name":"wp","href":"https:\/\/api.w.org\/{rel}","templated":true}]}}