{"id":38361,"date":"2017-04-13T08:26:35","date_gmt":"2017-04-13T11:26:35","guid":{"rendered":"http:\/\/www.simepe.com.br\/novo\/?p=38361"},"modified":"2017-04-13T08:26:35","modified_gmt":"2017-04-13T11:26:35","slug":"chikungunya-pode-ter-feito-mais-vitimas","status":"publish","type":"post","link":"https:\/\/www.simepe.com.br\/novo\/chikungunya-pode-ter-feito-mais-vitimas\/","title":{"rendered":"Chikungunya pode ter feito mais v\u00edtimas"},"content":{"rendered":"<div id=\"pastingspan1\" style=\"text-align: justify;\">Uma pesquisa divulgada neste m\u00eas sugere que as mortes causadas por Chickungunya no ano passado podem ter sido subnotificadas em Pernambuco. O estudo, publicado na revista Mem\u00f3rias, do Instituto Oswaldo Cruz, mostra um aumento no n\u00famero absoluto de mortes nos per\u00edodos de epidemia da arbovirose em 2016 e, sup\u00f5e, levou pessoas \u00e0 \u00f3bito ao agravar doen\u00e7as j\u00e1 existentes. Pacientes com problemas card\u00edacos ou respirat\u00f3rios, por exemplo. O Estado, por sua vez, considera conclus\u00e3o precipitada e contesta a pesquisa.<\/div>\n<div id=\"pastingspan1\" style=\"text-align: justify;\">De acordo com o cl\u00ednico geral Carlos Brito, membro do Comit\u00ea T\u00e9cnico de Arboviroses do Minist\u00e9rio da Sa\u00fade e um dos autores do estudo, o trabalho foi motivado por uma percep\u00e7\u00e3o subjetiva da subnotifica\u00e7\u00e3o. \u201cNa viv\u00eancia pr\u00e1tica, principalmente nas visitas aos hospitais, sent\u00edamos que os casos ocorriam mais que os dados oficiais mostravam.<\/p>\n<p>Principalmente quando os m\u00e9dicos n\u00e3o estavam familiarizados com os sintomas por se tratar de uma doen\u00e7a nova para eles. Ent\u00e3o, se a o quadro de infec\u00e7\u00e3o da Chikungunya agravava o caso de uma pessoa com problema cardiovascular e ela morria, s\u00f3 a causa final do \u00f3bito era registrada. Nesse caso, por exemplo, um infarto\u201d, relatou o m\u00e9dico.<\/p><\/div>\n<div id=\"pastingspan1\" style=\"text-align: justify;\">Por falta de dados oficiais do Estado (os n\u00fameros de 2016 ser\u00e3o consolidados e divulgados neste ano) e desatualiza\u00e7\u00e3o dos n\u00fameros do Minist\u00e9rio da Sa\u00fade, Brito escolheu utilizar dados do Sistema de Interna\u00e7\u00e3o Hospitalar (SIH) para o estudo. Eles mostravam que, no ano passado, cerca de 4,2 mil pessoas morreram a mais que a m\u00e9dia dos quatro anos anteriores.<\/p>\n<p>A pesquisa faz quest\u00e3o de explicar que n\u00e3o prop\u00f5e que todas essas pessoas morreram por chikungunya, mas sugere subnotifica\u00e7\u00e3o. \u201cN\u00e3o \u00e9 uma coincid\u00eancia. Porque tamb\u00e9m fizemos uma an\u00e1lise do contexto e n\u00e3o h\u00e1 nenhuma situa\u00e7\u00e3o anormal que aumentasse muito as mortes, como uma guerra que aumentaria as mortes violentas. Em estados com epidemia houve aumento. Os outros, n\u00e3o\u201d, afirmou Brito.<\/p><\/div>\n<div id=\"pastingspan1\" style=\"text-align: justify;\">Para o diretor de Controle de Doen\u00e7as e Agravos da Secretaria Estadual de Sa\u00fade (Ses), George Dimech, a pesquisa foi precipitada. \u201cO SIH n\u00e3o \u00e9 o banco de dados ideal para fazer essa compara\u00e7\u00e3o. Ele \u00e9 utilizado para fins de pagamento de interna\u00e7\u00f5es e pode n\u00e3o ter as causas mortis registradas com toda a precis\u00e3o. \u00c9 preciso aguardar os n\u00fameros oficiais do Sistema de Informa\u00e7\u00f5es de Mortalidade (Sim)\u201d, avaliou. Dimech ainda afirmou n\u00e3o achar dados citados pelo estudo no SIH. Segundo ele, as interna\u00e7\u00f5es por doen\u00e7as infecciosas e parasit\u00e1rias chegaram a diminuir em 2016.<\/div>\n<div id=\"pastingspan1\" style=\"text-align: justify;\">A diretora do Sistema de Verifica\u00e7\u00e3o de \u00d3bitos (SVO) do Estado, Patr\u00edcia Ismael, defendeu que seria arbitr\u00e1rio registrar mortes como causadas pela arbovirose sem antes fazer um estudo de toda a hist\u00f3ria cl\u00ednica do paciente. \u201cTemos uma equipe multidisciplinar que vai na casa do paciente. H\u00e1 uma longa investiga\u00e7\u00e3o.\u201d<\/div>\n<div style=\"text-align: justify;\"><\/div>\n<p style=\"text-align: justify;\">\n<p style=\"text-align: justify;\">\n<p style=\"text-align: justify;\">Fonte: Folha de Pernambuco<\/p>\n","protected":false},"excerpt":{"rendered":"<p>Uma pesquisa divulgada neste m\u00eas sugere que as mortes causadas por Chickungunya no ano passado podem ter sido subnotificadas em Pernambuco. O estudo, publicado na revista Mem\u00f3rias, do Instituto Oswaldo Cruz, mostra um aumento no n\u00famero absoluto de mortes nos per\u00edodos de epidemia da arbovirose em 2016 e, sup\u00f5e, levou pessoas \u00e0 \u00f3bito ao agravar [&hellip;]<\/p>\n","protected":false},"author":1,"featured_media":0,"comment_status":"open","ping_status":"open","sticky":false,"template":"","format":"standard","meta":{"ocean_post_layout":"","ocean_both_sidebars_style":"","ocean_both_sidebars_content_width":0,"ocean_both_sidebars_sidebars_width":0,"ocean_sidebar":"","ocean_second_sidebar":"","ocean_disable_margins":"enable","ocean_add_body_class":"","ocean_shortcode_before_top_bar":"","ocean_shortcode_after_top_bar":"","ocean_shortcode_before_header":"","ocean_shortcode_after_header":"","ocean_has_shortcode":"","ocean_shortcode_after_title":"","ocean_shortcode_before_footer_widgets":"","ocean_shortcode_after_footer_widgets":"","ocean_shortcode_before_footer_bottom":"","ocean_shortcode_after_footer_bottom":"","ocean_display_top_bar":"default","ocean_display_header":"default","ocean_header_style":"","ocean_center_header_left_menu":"","ocean_custom_header_template":"","ocean_custom_logo":0,"ocean_custom_retina_logo":0,"ocean_custom_logo_max_width":0,"ocean_custom_logo_tablet_max_width":0,"ocean_custom_logo_mobile_max_width":0,"ocean_custom_logo_max_height":0,"ocean_custom_logo_tablet_max_height":0,"ocean_custom_logo_mobile_max_height":0,"ocean_header_custom_menu":"","ocean_menu_typo_font_family":"","ocean_menu_typo_font_subset":"","ocean_menu_typo_font_size":0,"ocean_menu_typo_font_size_tablet":0,"ocean_menu_typo_font_size_mobile":0,"ocean_menu_typo_font_size_unit":"px","ocean_menu_typo_font_weight":"","ocean_menu_typo_font_weight_tablet":"","ocean_menu_typo_font_weight_mobile":"","ocean_menu_typo_transform":"","ocean_menu_typo_transform_tablet":"","ocean_menu_typo_transform_mobile":"","ocean_menu_typo_line_height":0,"ocean_menu_typo_line_height_tablet":0,"ocean_menu_typo_line_height_mobile":0,"ocean_menu_typo_line_height_unit":"","ocean_menu_typo_spacing":0,"ocean_menu_typo_spacing_tablet":0,"ocean_menu_typo_spacing_mobile":0,"ocean_menu_typo_spacing_unit":"","ocean_menu_link_color":"","ocean_menu_link_color_hover":"","ocean_menu_link_color_active":"","ocean_menu_link_background":"","ocean_menu_link_hover_background":"","ocean_menu_link_active_background":"","ocean_menu_social_links_bg":"","ocean_menu_social_hover_links_bg":"","ocean_menu_social_links_color":"","ocean_menu_social_hover_links_color":"","ocean_disable_title":"default","ocean_disable_heading":"default","ocean_post_title":"","ocean_post_subheading":"","ocean_post_title_style":"","ocean_post_title_background_color":"","ocean_post_title_background":0,"ocean_post_title_bg_image_position":"","ocean_post_title_bg_image_attachment":"","ocean_post_title_bg_image_repeat":"","ocean_post_title_bg_image_size":"","ocean_post_title_height":0,"ocean_post_title_bg_overlay":0.5,"ocean_post_title_bg_overlay_color":"","ocean_disable_breadcrumbs":"default","ocean_breadcrumbs_color":"","ocean_breadcrumbs_separator_color":"","ocean_breadcrumbs_links_color":"","ocean_breadcrumbs_links_hover_color":"","ocean_display_footer_widgets":"default","ocean_display_footer_bottom":"default","ocean_custom_footer_template":"","ocean_post_oembed":"","ocean_post_self_hosted_media":"","ocean_post_video_embed":"","ocean_link_format":"","ocean_link_format_target":"self","ocean_quote_format":"","ocean_quote_format_link":"post","ocean_gallery_link_images":"on","ocean_gallery_id":[]},"categories":[9],"tags":[],"acf":[],"_links":{"self":[{"href":"https:\/\/www.simepe.com.br\/novo\/wp-json\/wp\/v2\/posts\/38361"}],"collection":[{"href":"https:\/\/www.simepe.com.br\/novo\/wp-json\/wp\/v2\/posts"}],"about":[{"href":"https:\/\/www.simepe.com.br\/novo\/wp-json\/wp\/v2\/types\/post"}],"author":[{"embeddable":true,"href":"https:\/\/www.simepe.com.br\/novo\/wp-json\/wp\/v2\/users\/1"}],"replies":[{"embeddable":true,"href":"https:\/\/www.simepe.com.br\/novo\/wp-json\/wp\/v2\/comments?post=38361"}],"version-history":[{"count":1,"href":"https:\/\/www.simepe.com.br\/novo\/wp-json\/wp\/v2\/posts\/38361\/revisions"}],"predecessor-version":[{"id":38362,"href":"https:\/\/www.simepe.com.br\/novo\/wp-json\/wp\/v2\/posts\/38361\/revisions\/38362"}],"wp:attachment":[{"href":"https:\/\/www.simepe.com.br\/novo\/wp-json\/wp\/v2\/media?parent=38361"}],"wp:term":[{"taxonomy":"category","embeddable":true,"href":"https:\/\/www.simepe.com.br\/novo\/wp-json\/wp\/v2\/categories?post=38361"},{"taxonomy":"post_tag","embeddable":true,"href":"https:\/\/www.simepe.com.br\/novo\/wp-json\/wp\/v2\/tags?post=38361"}],"curies":[{"name":"wp","href":"https:\/\/api.w.org\/{rel}","templated":true}]}}