{"id":40474,"date":"2017-08-30T10:34:36","date_gmt":"2017-08-30T13:34:36","guid":{"rendered":"http:\/\/www.simepe.com.br\/novo\/?p=40474"},"modified":"2017-08-30T10:34:36","modified_gmt":"2017-08-30T13:34:36","slug":"numero-de-fumantes-passivos-no-brasil-diminui-42-em-oito-anos","status":"publish","type":"post","link":"https:\/\/www.simepe.com.br\/novo\/numero-de-fumantes-passivos-no-brasil-diminui-42-em-oito-anos\/","title":{"rendered":"N\u00famero de fumantes passivos no Brasil diminui 42% em oito anos"},"content":{"rendered":"<p style=\"text-align: justify;\">Nos \u00faltimos oito anos, o n\u00famero de fumantes passivos diminuiu quase pela metade. De acordo com pesquisa do Minist\u00e9rio da Sa\u00fade feita nas 26 capitais e no Distrito Federal, a propor\u00e7\u00e3o de pessoas que n\u00e3o fumam mas s\u00e3o expostas \u00e0 fuma\u00e7a de cigarro caiu de 12,7% em 2009 para 7,3% no ano passado, o que representa uma queda de 42,5%.<\/p>\n<p style=\"text-align: justify;\">Os dados foram apresentados nesta ter\u00e7a-feira (29) por conta do Dia Nacional de Combate ao Fumo. De acordo com a Organiza\u00e7\u00e3o Mundial da Sa\u00fade (OMS), o tabagismo passivo foi a 3\u00aa maior causa de morte evit\u00e1vel no mundo, ficando atr\u00e1s apenas do tabagismo ativo e do consumo excessivo de \u00e1lcool.<\/p>\n<p style=\"text-align: justify;\">Durante o evento para an\u00fancio dos dados, o ministro da Sa\u00fade, Ricardo Barros, disse ser favor\u00e1vel ao aumento no pre\u00e7o de cigarros, seguindo recomenda\u00e7\u00f5es mundiais de desest\u00edmulo ao uso do tabaco.<\/p>\n<p style=\"text-align: justify;\">Caso o pre\u00e7o subisse em 50%, alega a pasta, poderiam ser evitadas nos pr\u00f3ximos dez anos mais de 130 mil mortes, mais de 500 mil infartos e eventos card\u00edacos, al\u00e9m de 100 mil acidentes vasculares cerebrais. Segundo Barros, essa a\u00e7\u00e3o tem que ser tomada simultaneamente com o combate ao contrabando, pois, se o pre\u00e7o aumentar, \u201cinevitavelmente\u201d, o com\u00e9rcio il\u00edcito tamb\u00e9m subir\u00e1. Ele disse, por\u00e9m, que a medida ainda precisa ser discutida entre outros \u00f3rg\u00e3os do governo, como os minist\u00e9rios da Fazenda e da Ind\u00fastria, Com\u00e9rcio Exterior e Servi\u00e7os.<\/p>\n<h2 style=\"text-align: justify;\">Queda de fumantes<\/h2>\n<p style=\"text-align: justify;\">De acordo com a pesquisa, a incid\u00eancia de fumantes tamb\u00e9m vem caindo: de 15,7% em 2006 para 10,2% em 2016, uma diminui\u00e7\u00e3o de 35% no per\u00edodo. As redu\u00e7\u00f5es se devem, em parte, pelas medidas adotadas pelo governo brasileiro nos \u00faltimos anos atendendo a recomenda\u00e7\u00f5es da OMS, como a proibi\u00e7\u00e3o da propaganda comercial de cigarros, o estabelecimento de pre\u00e7os m\u00ednimos e o aumento da taxa\u00e7\u00e3o dos produtos. Al\u00e9m disso, o fumo em ambientes de uso coletivo foi proibido em 2014, acabando com as \u00e1reas para fumantes e os chamados fum\u00f3dromos.<\/p>\n<p style=\"text-align: justify;\">\n<p style=\"text-align: justify;\">Segundo o minist\u00e9rio, 428 pessoas morrem por dia em decorr\u00eancia de doen\u00e7as cuja causa \u00e9 atribu\u00edvel ao tabagismo, n\u00famero que representa 12,6% de todas as mortes que ocorrem no Brasil. Somente no ano de 2015, mais de 155 mil mortes foram atribu\u00eddas a doen\u00e7as cardiovasculares e pulmonares, al\u00e9m de diferentes tipos de c\u00e2ncer. Feita por telefone nas 26 capitais e no Distrito Federal, a consulta fez 53.210 entrevistas.<\/p>\n<h2 style=\"text-align: justify;\">Aditivos em cigarros<\/h2>\n<p style=\"text-align: justify;\">O Minist\u00e9rio da Sa\u00fade e o Instituto Nacional do C\u00e2ncer (Inca) tamb\u00e9m voltaram a defender a proibi\u00e7\u00e3o do uso de aditivos que d\u00e3o aromas e sabores adocicados aos cigarros. A Ag\u00eancia Nacional de Vigil\u00e2ncia Sanit\u00e1ria (Anvisa) editou uma resolu\u00e7\u00e3o em 2012 que restringe o uso das subst\u00e2ncias, mas desde 2013 o Supremo Tribunal Federal concedeu uma decis\u00e3o liminar permitindo os aditivos at\u00e9 que o caso fosse julgado em definitivo, o que at\u00e9 hoje n\u00e3o ocorreu.<\/p>\n<p style=\"text-align: justify;\">A proibi\u00e7\u00e3o \u00e9 defendida pelas autoridades de sa\u00fade, j\u00e1 que a experimenta\u00e7\u00e3o e consumo de cigarro entre adolescentes tem reduzido mas continua alto, de acordo com especialistas ligados ao tema: em 2015, 19% dos estudantes do 9\u00ba ano das capitais brasileiras j\u00e1 haviam experimentado cigarro. Em sua fala, o ministro da Sa\u00fade pediu que os deputados federais e representantes de \u00f3rg\u00e3os ligados \u00e0 sa\u00fade presentes que visitem a ministra Rosa Weber, do STF, com o objetivo de convenc\u00ea-la a liberar o assunto para julgamento.<\/p>\n<p style=\"text-align: justify;\">\u201cContinuaremos investindo nessa \u00e1rea, aumentaremos as campanhas, como um acordo de Sa\u00fade na Escola [em parceria] com o Minist\u00e9rio da Educa\u00e7\u00e3o, para poder tamb\u00e9m orientar as crian\u00e7as para criar uma maior resist\u00eancia ao in\u00edcio de fumar, que justamente acontece na adolesc\u00eancia na maioria dos casos\u201d<\/p>\n<p style=\"text-align: justify;\">O representante da Organiza\u00e7\u00e3o Pan-americana da Sa\u00fade (Opas) e da OMS no Brasil, Joaquim Molina, elogiou o desempenho das institui\u00e7\u00f5es brasileiras no combate ao tabagismo. \u201cO uso de tabaco \u00e9 uma das principais causas evit\u00e1veis de morte em todo o mundo, matando mais de 7 milh\u00f5es por ano. Seus custos econ\u00f4micos tamb\u00e9m s\u00e3o enormes, gastando mais de US$ 1,4 trilh\u00e3o em postos de sa\u00fade. Parabenizamos o governo do Brasil, o Minist\u00e9rio da Sa\u00fade, organiza\u00e7\u00f5es da sociedade civil que lutam contra o fumo, reafirmando que a OPAS e a OMS est\u00e3o do lado de voc\u00eas nesta luta pela sa\u00fade\u201d, disse.<\/p>\n<p style=\"text-align: justify;\">\n<p style=\"text-align: justify;\">Fonte: Jornal do Commercio<\/p>\n","protected":false},"excerpt":{"rendered":"<p>Nos \u00faltimos oito anos, o n\u00famero de fumantes passivos diminuiu quase pela metade. De acordo com pesquisa do Minist\u00e9rio da Sa\u00fade feita nas 26 capitais e no Distrito Federal, a propor\u00e7\u00e3o de pessoas que n\u00e3o fumam mas s\u00e3o expostas \u00e0 fuma\u00e7a de cigarro caiu de 12,7% em 2009 para 7,3% no ano passado, o que [&hellip;]<\/p>\n","protected":false},"author":1,"featured_media":0,"comment_status":"open","ping_status":"open","sticky":false,"template":"","format":"standard","meta":{"ocean_post_layout":"","ocean_both_sidebars_style":"","ocean_both_sidebars_content_width":0,"ocean_both_sidebars_sidebars_width":0,"ocean_sidebar":"","ocean_second_sidebar":"","ocean_disable_margins":"enable","ocean_add_body_class":"","ocean_shortcode_before_top_bar":"","ocean_shortcode_after_top_bar":"","ocean_shortcode_before_header":"","ocean_shortcode_after_header":"","ocean_has_shortcode":"","ocean_shortcode_after_title":"","ocean_shortcode_before_footer_widgets":"","ocean_shortcode_after_footer_widgets":"","ocean_shortcode_before_footer_bottom":"","ocean_shortcode_after_footer_bottom":"","ocean_display_top_bar":"default","ocean_display_header":"default","ocean_header_style":"","ocean_center_header_left_menu":"","ocean_custom_header_template":"","ocean_custom_logo":0,"ocean_custom_retina_logo":0,"ocean_custom_logo_max_width":0,"ocean_custom_logo_tablet_max_width":0,"ocean_custom_logo_mobile_max_width":0,"ocean_custom_logo_max_height":0,"ocean_custom_logo_tablet_max_height":0,"ocean_custom_logo_mobile_max_height":0,"ocean_header_custom_menu":"","ocean_menu_typo_font_family":"","ocean_menu_typo_font_subset":"","ocean_menu_typo_font_size":0,"ocean_menu_typo_font_size_tablet":0,"ocean_menu_typo_font_size_mobile":0,"ocean_menu_typo_font_size_unit":"px","ocean_menu_typo_font_weight":"","ocean_menu_typo_font_weight_tablet":"","ocean_menu_typo_font_weight_mobile":"","ocean_menu_typo_transform":"","ocean_menu_typo_transform_tablet":"","ocean_menu_typo_transform_mobile":"","ocean_menu_typo_line_height":0,"ocean_menu_typo_line_height_tablet":0,"ocean_menu_typo_line_height_mobile":0,"ocean_menu_typo_line_height_unit":"","ocean_menu_typo_spacing":0,"ocean_menu_typo_spacing_tablet":0,"ocean_menu_typo_spacing_mobile":0,"ocean_menu_typo_spacing_unit":"","ocean_menu_link_color":"","ocean_menu_link_color_hover":"","ocean_menu_link_color_active":"","ocean_menu_link_background":"","ocean_menu_link_hover_background":"","ocean_menu_link_active_background":"","ocean_menu_social_links_bg":"","ocean_menu_social_hover_links_bg":"","ocean_menu_social_links_color":"","ocean_menu_social_hover_links_color":"","ocean_disable_title":"default","ocean_disable_heading":"default","ocean_post_title":"","ocean_post_subheading":"","ocean_post_title_style":"","ocean_post_title_background_color":"","ocean_post_title_background":0,"ocean_post_title_bg_image_position":"","ocean_post_title_bg_image_attachment":"","ocean_post_title_bg_image_repeat":"","ocean_post_title_bg_image_size":"","ocean_post_title_height":0,"ocean_post_title_bg_overlay":0.5,"ocean_post_title_bg_overlay_color":"","ocean_disable_breadcrumbs":"default","ocean_breadcrumbs_color":"","ocean_breadcrumbs_separator_color":"","ocean_breadcrumbs_links_color":"","ocean_breadcrumbs_links_hover_color":"","ocean_display_footer_widgets":"default","ocean_display_footer_bottom":"default","ocean_custom_footer_template":"","ocean_post_oembed":"","ocean_post_self_hosted_media":"","ocean_post_video_embed":"","ocean_link_format":"","ocean_link_format_target":"self","ocean_quote_format":"","ocean_quote_format_link":"post","ocean_gallery_link_images":"on","ocean_gallery_id":[]},"categories":[9],"tags":[],"acf":[],"_links":{"self":[{"href":"https:\/\/www.simepe.com.br\/novo\/wp-json\/wp\/v2\/posts\/40474"}],"collection":[{"href":"https:\/\/www.simepe.com.br\/novo\/wp-json\/wp\/v2\/posts"}],"about":[{"href":"https:\/\/www.simepe.com.br\/novo\/wp-json\/wp\/v2\/types\/post"}],"author":[{"embeddable":true,"href":"https:\/\/www.simepe.com.br\/novo\/wp-json\/wp\/v2\/users\/1"}],"replies":[{"embeddable":true,"href":"https:\/\/www.simepe.com.br\/novo\/wp-json\/wp\/v2\/comments?post=40474"}],"version-history":[{"count":1,"href":"https:\/\/www.simepe.com.br\/novo\/wp-json\/wp\/v2\/posts\/40474\/revisions"}],"predecessor-version":[{"id":40477,"href":"https:\/\/www.simepe.com.br\/novo\/wp-json\/wp\/v2\/posts\/40474\/revisions\/40477"}],"wp:attachment":[{"href":"https:\/\/www.simepe.com.br\/novo\/wp-json\/wp\/v2\/media?parent=40474"}],"wp:term":[{"taxonomy":"category","embeddable":true,"href":"https:\/\/www.simepe.com.br\/novo\/wp-json\/wp\/v2\/categories?post=40474"},{"taxonomy":"post_tag","embeddable":true,"href":"https:\/\/www.simepe.com.br\/novo\/wp-json\/wp\/v2\/tags?post=40474"}],"curies":[{"name":"wp","href":"https:\/\/api.w.org\/{rel}","templated":true}]}}