{"id":40478,"date":"2017-08-30T10:36:31","date_gmt":"2017-08-30T13:36:31","guid":{"rendered":"http:\/\/www.simepe.com.br\/novo\/?p=40478"},"modified":"2017-08-30T10:36:31","modified_gmt":"2017-08-30T13:36:31","slug":"evento-sobre-zika-congenita-aborda-temas-medicos-e-juridicos","status":"publish","type":"post","link":"https:\/\/www.simepe.com.br\/novo\/evento-sobre-zika-congenita-aborda-temas-medicos-e-juridicos\/","title":{"rendered":"Evento sobre zika cong\u00eanita aborda temas m\u00e9dicos e jur\u00eddicos"},"content":{"rendered":"<p style=\"text-align: justify;\">O Tribunal de Justi\u00e7a de Pernambuco (TJPE) realiza, nesta quarta-feira (30), das 8h \u00e0s 17h30, o f\u00f3rum\u00a0A s\u00edndrome cong\u00eanita do zika v\u00edrus e o novo olhar sobre o direito de inclus\u00e3o. O p\u00fablico, composto pela popula\u00e7\u00e3o em geral, al\u00e9m de servidores e magistrados da institui\u00e7\u00e3o, participa de debates promovidos por profissionais das \u00e1reas m\u00e9dica e jur\u00eddica. Ser\u00e3o discutidos temas como zika v\u00edrus no pr\u00e9-natal, lei brasileira de inclus\u00e3o e pol\u00edticas de aten\u00e7\u00e3o para pessoas com defici\u00eancia.<\/p>\n<p style=\"text-align: justify;\">As palestras acontecem no audit\u00f3rio do F\u00f3rum Rodolfo Aureliano, Ilha Joana Bezerra, \u00e1rea central do Recife. Durante o evento, haver\u00e1 arrecada\u00e7\u00e3o de leite em p\u00f3, que ser\u00e1 destinado para institui\u00e7\u00f5es de apoio \u00e0s crian\u00e7as com s\u00edndrome cong\u00eanita do zika v\u00edrus. O evento \u00e9 promovido pelo TJPE, atrav\u00e9s de parceria com a Escola Judicial (Esmape\/TJPE) e a Associa\u00e7\u00e3o dos C\u00f4njuges dos Magistrados do Estado de Pernambuco (Acmepe).<\/p>\n<p style=\"text-align: justify;\">\n<p style=\"text-align: justify;\">Desde 2015, Pernambuco j\u00e1 notificou\u00a02.375 casos de zika cong\u00eanita. Entre eles,\u00a0420 foram confirmados. Outro 341 est\u00e3o em investiga\u00e7\u00e3o.<\/p>\n<h2 style=\"text-align: justify;\">Programa\u00e7\u00e3o<\/h2>\n<p style=\"text-align: justify;\">8h \u2013 Credenciamento<br \/>\n8h30 \u2013 Abertura do evento e in\u00edcio das palestras<br \/>\n9h \u2013 Zika v\u00edrus e repercuss\u00f5es fetais e neonatais, com o m\u00e9dico Pedro Pires<br \/>\n9h30 \u2013 Zika v\u00edrus no pr\u00e9-natal, com a m\u00e9dica Luiza Menezes<br \/>\n10h \u2013 S\u00edndrome cong\u00eanita do zika v\u00edrus e pol\u00edticas de aten\u00e7\u00e3o para pessoas com defici\u00eancia, com a m\u00e9dica Simone Santana<br \/>\n10h30 \u2013 Intervalo para lanche<br \/>\n11h \u2013 Um exerc\u00edcio de empatia: sociedade civil organizada, com a consultora Daniela Rorato<br \/>\nDas 12h \u00e0s 13h40 \u2013 Intervalo para almo\u00e7o<br \/>\n13h40 \u2013 Lei brasileira de inclus\u00e3o: entre lutas, conquistas e desafios, com advogado Mateus Pereira<br \/>\n15h10 \u2013 Direito \u00e0 sa\u00fade, com a procuradora Virg\u00ednia Pimentel<br \/>\n15h50 \u2013 Intervalo para lanche<br \/>\n16h10 \u2013 Direito \u00e0 educa\u00e7\u00e3o, ao trabalho e \u00e0 previd\u00eancia social para a pessoa com defici\u00eancia, com o advogado Paulo Perazzo<br \/>\n17h \u2013 Debate<br \/>\n17h30 \u2013 Entrega de certificados<\/p>\n<p style=\"text-align: justify;\">\n<p style=\"text-align: justify;\">Fonte: Jornal do Commercio<\/p>\n","protected":false},"excerpt":{"rendered":"<p>O Tribunal de Justi\u00e7a de Pernambuco (TJPE) realiza, nesta quarta-feira (30), das 8h \u00e0s 17h30, o f\u00f3rum\u00a0A s\u00edndrome cong\u00eanita do zika v\u00edrus e o novo olhar sobre o direito de inclus\u00e3o. O p\u00fablico, composto pela popula\u00e7\u00e3o em geral, al\u00e9m de servidores e magistrados da institui\u00e7\u00e3o, participa de debates promovidos por profissionais das \u00e1reas m\u00e9dica e [&hellip;]<\/p>\n","protected":false},"author":1,"featured_media":0,"comment_status":"open","ping_status":"open","sticky":false,"template":"","format":"standard","meta":{"ocean_post_layout":"","ocean_both_sidebars_style":"","ocean_both_sidebars_content_width":0,"ocean_both_sidebars_sidebars_width":0,"ocean_sidebar":"","ocean_second_sidebar":"","ocean_disable_margins":"enable","ocean_add_body_class":"","ocean_shortcode_before_top_bar":"","ocean_shortcode_after_top_bar":"","ocean_shortcode_before_header":"","ocean_shortcode_after_header":"","ocean_has_shortcode":"","ocean_shortcode_after_title":"","ocean_shortcode_before_footer_widgets":"","ocean_shortcode_after_footer_widgets":"","ocean_shortcode_before_footer_bottom":"","ocean_shortcode_after_footer_bottom":"","ocean_display_top_bar":"default","ocean_display_header":"default","ocean_header_style":"","ocean_center_header_left_menu":"","ocean_custom_header_template":"","ocean_custom_logo":0,"ocean_custom_retina_logo":0,"ocean_custom_logo_max_width":0,"ocean_custom_logo_tablet_max_width":0,"ocean_custom_logo_mobile_max_width":0,"ocean_custom_logo_max_height":0,"ocean_custom_logo_tablet_max_height":0,"ocean_custom_logo_mobile_max_height":0,"ocean_header_custom_menu":"","ocean_menu_typo_font_family":"","ocean_menu_typo_font_subset":"","ocean_menu_typo_font_size":0,"ocean_menu_typo_font_size_tablet":0,"ocean_menu_typo_font_size_mobile":0,"ocean_menu_typo_font_size_unit":"px","ocean_menu_typo_font_weight":"","ocean_menu_typo_font_weight_tablet":"","ocean_menu_typo_font_weight_mobile":"","ocean_menu_typo_transform":"","ocean_menu_typo_transform_tablet":"","ocean_menu_typo_transform_mobile":"","ocean_menu_typo_line_height":0,"ocean_menu_typo_line_height_tablet":0,"ocean_menu_typo_line_height_mobile":0,"ocean_menu_typo_line_height_unit":"","ocean_menu_typo_spacing":0,"ocean_menu_typo_spacing_tablet":0,"ocean_menu_typo_spacing_mobile":0,"ocean_menu_typo_spacing_unit":"","ocean_menu_link_color":"","ocean_menu_link_color_hover":"","ocean_menu_link_color_active":"","ocean_menu_link_background":"","ocean_menu_link_hover_background":"","ocean_menu_link_active_background":"","ocean_menu_social_links_bg":"","ocean_menu_social_hover_links_bg":"","ocean_menu_social_links_color":"","ocean_menu_social_hover_links_color":"","ocean_disable_title":"default","ocean_disable_heading":"default","ocean_post_title":"","ocean_post_subheading":"","ocean_post_title_style":"","ocean_post_title_background_color":"","ocean_post_title_background":0,"ocean_post_title_bg_image_position":"","ocean_post_title_bg_image_attachment":"","ocean_post_title_bg_image_repeat":"","ocean_post_title_bg_image_size":"","ocean_post_title_height":0,"ocean_post_title_bg_overlay":0.5,"ocean_post_title_bg_overlay_color":"","ocean_disable_breadcrumbs":"default","ocean_breadcrumbs_color":"","ocean_breadcrumbs_separator_color":"","ocean_breadcrumbs_links_color":"","ocean_breadcrumbs_links_hover_color":"","ocean_display_footer_widgets":"default","ocean_display_footer_bottom":"default","ocean_custom_footer_template":"","ocean_post_oembed":"","ocean_post_self_hosted_media":"","ocean_post_video_embed":"","ocean_link_format":"","ocean_link_format_target":"self","ocean_quote_format":"","ocean_quote_format_link":"post","ocean_gallery_link_images":"on","ocean_gallery_id":[]},"categories":[9],"tags":[],"acf":[],"_links":{"self":[{"href":"https:\/\/www.simepe.com.br\/novo\/wp-json\/wp\/v2\/posts\/40478"}],"collection":[{"href":"https:\/\/www.simepe.com.br\/novo\/wp-json\/wp\/v2\/posts"}],"about":[{"href":"https:\/\/www.simepe.com.br\/novo\/wp-json\/wp\/v2\/types\/post"}],"author":[{"embeddable":true,"href":"https:\/\/www.simepe.com.br\/novo\/wp-json\/wp\/v2\/users\/1"}],"replies":[{"embeddable":true,"href":"https:\/\/www.simepe.com.br\/novo\/wp-json\/wp\/v2\/comments?post=40478"}],"version-history":[{"count":1,"href":"https:\/\/www.simepe.com.br\/novo\/wp-json\/wp\/v2\/posts\/40478\/revisions"}],"predecessor-version":[{"id":40479,"href":"https:\/\/www.simepe.com.br\/novo\/wp-json\/wp\/v2\/posts\/40478\/revisions\/40479"}],"wp:attachment":[{"href":"https:\/\/www.simepe.com.br\/novo\/wp-json\/wp\/v2\/media?parent=40478"}],"wp:term":[{"taxonomy":"category","embeddable":true,"href":"https:\/\/www.simepe.com.br\/novo\/wp-json\/wp\/v2\/categories?post=40478"},{"taxonomy":"post_tag","embeddable":true,"href":"https:\/\/www.simepe.com.br\/novo\/wp-json\/wp\/v2\/tags?post=40478"}],"curies":[{"name":"wp","href":"https:\/\/api.w.org\/{rel}","templated":true}]}}