{"id":40595,"date":"2017-09-04T09:35:55","date_gmt":"2017-09-04T12:35:55","guid":{"rendered":"http:\/\/www.simepe.com.br\/novo\/?p=40595"},"modified":"2017-09-04T09:35:55","modified_gmt":"2017-09-04T12:35:55","slug":"taxa-de-doadores-de-orgaos-sobe-no-primeiro-semestre-diz-abto","status":"publish","type":"post","link":"https:\/\/www.simepe.com.br\/novo\/taxa-de-doadores-de-orgaos-sobe-no-primeiro-semestre-diz-abto\/","title":{"rendered":"Taxa de doadores de \u00f3rg\u00e3os sobe no primeiro semestre, diz ABTO"},"content":{"rendered":"<p style=\"text-align: justify;\">A taxa de doadores de \u00f3rg\u00e3os no Brasil subiu de 14,6 pessoas por milh\u00e3o de habitantes para 16,2 no primeiro semestre deste ano, de acordo com pesquisa da Associa\u00e7\u00e3o Brasileira de Transplantes de \u00d3rg\u00e3os (ABTO). A expans\u00e3o atingiu 11,8%, o que leva o pa\u00eds a ficar bem pr\u00f3ximo da meta prevista para este ano de 16,5 doadores efetivos por milh\u00e3o de habitantes.<\/p>\n<p>\u201cA taxa mostra que o n\u00famero de doadores efetivos voltou a crescer de forma significativa, o que n\u00e3o estava acontecendo nos \u00faltimos semestres\u201d, disse \u00e0 Ag\u00eancia Brasil o cirurgi\u00e3o cardiovascular Jos\u00e9 Lima Oliveira J\u00fanior, integrante da Comiss\u00e3o de Remo\u00e7\u00e3o de \u00d3rg\u00e3os da ABTO.<\/p>\n<p>O m\u00e9dico afirmou que o principal entrave ao aumento do n\u00famero de doadores no pa\u00eds \u00e9 a recusa das fam\u00edlias quando abordadas ap\u00f3s a constata\u00e7\u00e3o da morte encef\u00e1lica de algum parente. Atualmente, no Brasil, de cada 100 fam\u00edlias, 43 recusam fazer a doa\u00e7\u00e3o. \u201cEsse \u00e9 o principal entrave hoje\u201d. Essa taxa de recusa familiar varia de estado para estado. Na Regi\u00e3o Norte, em alguns estados, a recusa alcan\u00e7a 90%. \u201cDe cada dez fam\u00edlias abordadas, nove recusam a doa\u00e7\u00e3o\u201d.<\/p>\n<p>A situa\u00e7\u00e3o \u00e9 melhor na Regi\u00e3o Sul, onde os estados do Paran\u00e1 e de Santa Catarina apresentam taxas de recusa entre 22% e 23%, pr\u00f3ximas da m\u00e9dia de pa\u00edses desenvolvidos como os Estados Unidos, a Austr\u00e1lia, Espanha e o Canad\u00e1, cuja taxa oscila em torno de 20%.<\/p>\n<p>O estudo mostra baixo aproveitamento de \u00f3rg\u00e3os dos potenciais doadores notificados. No acumulado janeiro-junho de 2017, 31% dos 5.309 potenciais doadores notificados foram aproveitados. O \u00edndice \u00e9 bastante inferior ao de pa\u00edses desenvolvidos, que varia entre 60% e 70%, segundo a entidade.<\/p>\n<p>Por outro lado, a pesquisa da ABTO indica que a taxa de notifica\u00e7\u00e3o de potenciais doadores aumentou 4,5% no primeiro semestre deste ano, enquanto a taxa de efetiva\u00e7\u00e3o da doa\u00e7\u00e3o de \u00f3rg\u00e3os cresceu 7,2%. Foi registrado no per\u00edodo crescimento no n\u00famero de transplantes de rim (5,8%), f\u00edgado (7,4%) e c\u00f3rneas (7,6%). Em contrapartida, ocorreu redu\u00e7\u00e3o nos transplantes de cora\u00e7\u00e3o (-3,6%), pulm\u00e3o (-6,5%) e p\u00e2ncreas (-6%). Oliveira J\u00fanior esclareceu que pulm\u00e3o e cora\u00e7\u00e3o s\u00e3o \u00f3rg\u00e3os mais dif\u00edceis de serem transplantados porque h\u00e1 recusa t\u00e9cnica, devido \u00e0 viabilidade do \u00f3rg\u00e3o. \u201cS\u00e3o \u00f3rg\u00e3os mais sens\u00edveis\u201d.<\/p>\n<p>De acordo com o cirurgi\u00e3o, quase 35 mil brasileiros est\u00e3o na fila \u00e0 espera de um \u00f3rg\u00e3o. \u201cA fila s\u00f3 aumenta ou diminui em fun\u00e7\u00e3o das pessoas que entram na fila e morrem, aguardando por um \u00f3rg\u00e3o, ou das pessoas que s\u00e3o transplantadas e n\u00e3o continuam na fila\u201d. A maioria das pessoas na fila aguarda doa\u00e7\u00e3o de rim (20.523 pacientes).<\/p>\n<p><strong>Campanha<\/strong><\/p>\n<p>Este m\u00eas de setembro, a ABTO promove em todo o pa\u00eds a campanha Setembro Verde. Criado em 2012 por Jos\u00e9 Lima Oliveira J\u00fanior, o projeto visa estimular a doa\u00e7\u00e3o de \u00f3rg\u00e3os, al\u00e9m da busca de direitos para os pacientes em fila de espera e para os transplantados.<\/p>\n<p>\u201cEsses pacientes n\u00e3o conseguem trabalhar no dia a dia, t\u00eam uma expectativa de vida extremamente reduzida, muitas vezes eles t\u00eam que migrar do seu estado natal e ir para fila de espera em outro estado, j\u00e1 que as filas no Sul e Sudeste acabam andando mais r\u00e1pido porque se fazem mais transplantes. \u00c9 uma realidade que a gente procura amenizar\u201d, disse Oliveira J\u00fanior.<\/p>\n<p>V\u00e1rios monumentos e pontos tur\u00edsticos no pa\u00eds estar\u00e3o iluminados de verde durante todo o m\u00eas de setembro, com o objetivo de chamar a aten\u00e7\u00e3o da popula\u00e7\u00e3o sobre a import\u00e2ncia da doa\u00e7\u00e3o de \u00f3rg\u00e3os. Um deles \u00e9 o Cristo Redentor, no Rio de Janeiro. A campanha tem como lema \u201cDoe \u00f3rg\u00e3os, a vida continua!\u201d e destacar\u00e1 tamb\u00e9m o Dia Nacional da Doa\u00e7\u00e3o de \u00d3rg\u00e3os, no dia 27 deste m\u00eas.<\/p>\n<p>A campanha, que est\u00e1 na quarta edi\u00e7\u00e3o, contar\u00e1 com diversas a\u00e7\u00f5es de conscientiza\u00e7\u00e3o em 22 estados que j\u00e1 aprovaram o projeto de lei que institui o Setembro Verde. Distribui\u00e7\u00e3o de folhetos, coloca\u00e7\u00e3o de totens eletr\u00f4nicos, al\u00e9m de eventos em agradecimento aos doadores est\u00e3o agendados, entre outras iniciativas.<\/p>\n<p>Na cidade de S\u00e3o Paulo, abrigos de \u00f4nibus e alguns pontos tur\u00edsticos tamb\u00e9m ficar\u00e3o coloridos de verde. No dia 30, haver\u00e1 celebra\u00e7\u00e3o ecum\u00eanica na Catedral da S\u00e9, al\u00e9m de distribui\u00e7\u00e3o de material explicativo sobre a doa\u00e7\u00e3o de \u00f3rg\u00e3os.<\/p>\n<p>Para Oliveira J\u00fanior, a campanha mostra balan\u00e7o positivo. Quando criou o projeto, ele n\u00e3o imaginava que fosse crescer de forma t\u00e3o r\u00e1pida, comentou. \u201cN\u00f3s temos hoje v\u00e1rios estados que t\u00eam a campanha no seu calend\u00e1rio oficial e mais de 200 munic\u00edpios no Brasil todo. Tudo isso chama a aten\u00e7\u00e3o das pessoas para esse problema. O movimento est\u00e1 crescendo\u201d. Acrescentou que o objetivo da campanha \u00e9 levar a doa\u00e7\u00e3o de \u00f3rg\u00e3os como pauta para a discuss\u00e3o da sociedade no dia a dia.<\/p>\n<p style=\"text-align: justify;\">\n<p style=\"text-align: justify;\">Fonte: Folha de Pernambuco<\/p>\n","protected":false},"excerpt":{"rendered":"<p>A taxa de doadores de \u00f3rg\u00e3os no Brasil subiu de 14,6 pessoas por milh\u00e3o de habitantes para 16,2 no primeiro semestre deste ano, de acordo com pesquisa da Associa\u00e7\u00e3o Brasileira de Transplantes de \u00d3rg\u00e3os (ABTO). A expans\u00e3o atingiu 11,8%, o que leva o pa\u00eds a ficar bem pr\u00f3ximo da meta prevista para este ano de [&hellip;]<\/p>\n","protected":false},"author":1,"featured_media":0,"comment_status":"open","ping_status":"open","sticky":false,"template":"","format":"standard","meta":{"ocean_post_layout":"","ocean_both_sidebars_style":"","ocean_both_sidebars_content_width":0,"ocean_both_sidebars_sidebars_width":0,"ocean_sidebar":"","ocean_second_sidebar":"","ocean_disable_margins":"enable","ocean_add_body_class":"","ocean_shortcode_before_top_bar":"","ocean_shortcode_after_top_bar":"","ocean_shortcode_before_header":"","ocean_shortcode_after_header":"","ocean_has_shortcode":"","ocean_shortcode_after_title":"","ocean_shortcode_before_footer_widgets":"","ocean_shortcode_after_footer_widgets":"","ocean_shortcode_before_footer_bottom":"","ocean_shortcode_after_footer_bottom":"","ocean_display_top_bar":"default","ocean_display_header":"default","ocean_header_style":"","ocean_center_header_left_menu":"","ocean_custom_header_template":"","ocean_custom_logo":0,"ocean_custom_retina_logo":0,"ocean_custom_logo_max_width":0,"ocean_custom_logo_tablet_max_width":0,"ocean_custom_logo_mobile_max_width":0,"ocean_custom_logo_max_height":0,"ocean_custom_logo_tablet_max_height":0,"ocean_custom_logo_mobile_max_height":0,"ocean_header_custom_menu":"","ocean_menu_typo_font_family":"","ocean_menu_typo_font_subset":"","ocean_menu_typo_font_size":0,"ocean_menu_typo_font_size_tablet":0,"ocean_menu_typo_font_size_mobile":0,"ocean_menu_typo_font_size_unit":"px","ocean_menu_typo_font_weight":"","ocean_menu_typo_font_weight_tablet":"","ocean_menu_typo_font_weight_mobile":"","ocean_menu_typo_transform":"","ocean_menu_typo_transform_tablet":"","ocean_menu_typo_transform_mobile":"","ocean_menu_typo_line_height":0,"ocean_menu_typo_line_height_tablet":0,"ocean_menu_typo_line_height_mobile":0,"ocean_menu_typo_line_height_unit":"","ocean_menu_typo_spacing":0,"ocean_menu_typo_spacing_tablet":0,"ocean_menu_typo_spacing_mobile":0,"ocean_menu_typo_spacing_unit":"","ocean_menu_link_color":"","ocean_menu_link_color_hover":"","ocean_menu_link_color_active":"","ocean_menu_link_background":"","ocean_menu_link_hover_background":"","ocean_menu_link_active_background":"","ocean_menu_social_links_bg":"","ocean_menu_social_hover_links_bg":"","ocean_menu_social_links_color":"","ocean_menu_social_hover_links_color":"","ocean_disable_title":"default","ocean_disable_heading":"default","ocean_post_title":"","ocean_post_subheading":"","ocean_post_title_style":"","ocean_post_title_background_color":"","ocean_post_title_background":0,"ocean_post_title_bg_image_position":"","ocean_post_title_bg_image_attachment":"","ocean_post_title_bg_image_repeat":"","ocean_post_title_bg_image_size":"","ocean_post_title_height":0,"ocean_post_title_bg_overlay":0.5,"ocean_post_title_bg_overlay_color":"","ocean_disable_breadcrumbs":"default","ocean_breadcrumbs_color":"","ocean_breadcrumbs_separator_color":"","ocean_breadcrumbs_links_color":"","ocean_breadcrumbs_links_hover_color":"","ocean_display_footer_widgets":"default","ocean_display_footer_bottom":"default","ocean_custom_footer_template":"","ocean_post_oembed":"","ocean_post_self_hosted_media":"","ocean_post_video_embed":"","ocean_link_format":"","ocean_link_format_target":"self","ocean_quote_format":"","ocean_quote_format_link":"post","ocean_gallery_link_images":"on","ocean_gallery_id":[]},"categories":[9],"tags":[],"acf":[],"_links":{"self":[{"href":"https:\/\/www.simepe.com.br\/novo\/wp-json\/wp\/v2\/posts\/40595"}],"collection":[{"href":"https:\/\/www.simepe.com.br\/novo\/wp-json\/wp\/v2\/posts"}],"about":[{"href":"https:\/\/www.simepe.com.br\/novo\/wp-json\/wp\/v2\/types\/post"}],"author":[{"embeddable":true,"href":"https:\/\/www.simepe.com.br\/novo\/wp-json\/wp\/v2\/users\/1"}],"replies":[{"embeddable":true,"href":"https:\/\/www.simepe.com.br\/novo\/wp-json\/wp\/v2\/comments?post=40595"}],"version-history":[{"count":1,"href":"https:\/\/www.simepe.com.br\/novo\/wp-json\/wp\/v2\/posts\/40595\/revisions"}],"predecessor-version":[{"id":40596,"href":"https:\/\/www.simepe.com.br\/novo\/wp-json\/wp\/v2\/posts\/40595\/revisions\/40596"}],"wp:attachment":[{"href":"https:\/\/www.simepe.com.br\/novo\/wp-json\/wp\/v2\/media?parent=40595"}],"wp:term":[{"taxonomy":"category","embeddable":true,"href":"https:\/\/www.simepe.com.br\/novo\/wp-json\/wp\/v2\/categories?post=40595"},{"taxonomy":"post_tag","embeddable":true,"href":"https:\/\/www.simepe.com.br\/novo\/wp-json\/wp\/v2\/tags?post=40595"}],"curies":[{"name":"wp","href":"https:\/\/api.w.org\/{rel}","templated":true}]}}