{"id":41312,"date":"2017-10-09T16:09:28","date_gmt":"2017-10-09T19:09:28","guid":{"rendered":"http:\/\/www.simepe.com.br\/novo\/?p=41312"},"modified":"2017-10-11T14:32:53","modified_gmt":"2017-10-11T17:32:53","slug":"corrida-sao-lucas-enche-ruas-do-recife-de-alegria-e-ratifica-importancia-da-pratica-esportiva","status":"publish","type":"post","link":"https:\/\/www.simepe.com.br\/novo\/corrida-sao-lucas-enche-ruas-do-recife-de-alegria-e-ratifica-importancia-da-pratica-esportiva\/","title":{"rendered":"Corrida S\u00e3o Lucas enche ruas do Recife de alegria e ratifica import\u00e2ncia da pr\u00e1tica esportiva"},"content":{"rendered":"<p style=\"text-align: justify;\">Um show de participa\u00e7\u00e3o, alegria e organiza\u00e7\u00e3o, com incentivo \u00e0 sa\u00fade. Assim pode ser definida a 8a edi\u00e7\u00e3o da Corrida S\u00e3o Lucas, realizada neste s\u00e1bado (07\/10), nas ruas do Recife Antigo. O evento, realizado pelo Sindicato dos M\u00e9dicos de Pernambuco (<span class=\"highlightNode\">Simepe)<\/span>, com patroc\u00ednio da Sicred, com o apoio Confiare, Instituto de Desenvolvimento Educacional (IDE), Armando Nogueira Intermedia\u00e7\u00e3o Imobili\u00e1ria e Sociedade Brasileira de<span class=\"text_exposed_show\">\u00a0Medicina do Exerc\u00edcio e Esporte; faz parte das comemora\u00e7\u00f5es do m\u00eas do m\u00e9dico e teve participa\u00e7\u00e3o recorde de corredores.<\/span><\/p>\n<p style=\"text-align: justify;\">\u00a0A estrutura montada para receber os atletas na concentra\u00e7\u00e3o organizada na Pra\u00e7a do Arsenal, \u00e1rea central da cidade, contou com tenda musical, espa\u00e7o de massagem, guarda-volumes, al\u00e9m de um lounge exclusivo para o repouso e reabastecimento de energias com um saboroso coquetel composto por frutas, sucos, sandu\u00edches naturais e, claro, muita \u00e1gua para hidratar os corredores.<\/p>\n<p style=\"text-align: justify;\">O evento\u00a0faz parte\u00a0do calend\u00e1rio de comemora\u00e7\u00f5es do m\u00eas do m\u00e9dico do Simepe e reuniu mais de 500 atletas em prol da sa\u00fade e da\u00a0pr\u00e1tica de exerc\u00edcios f\u00edsicos. &#8220;A proposta desta Corrida \u00e9 unir a classe m\u00e9dica \u00e0 sociedade em promo\u00e7\u00e3o da sa\u00fade. Todos os dias, n\u00f3s m\u00e9dicos dizemos em nossos consult\u00f3rios e postos de sa\u00fade que o exerc\u00edcio f\u00edsico\u00a0aliado a uma alimenta\u00e7\u00e3o balanceada promovem a sa\u00fade e bem estar do corpo humano. Aqui \u00e9 uma chance que n\u00f3s temos de sair do ambiente de trabalho e mostrarmos na pr\u00e1tica\u00a0o nosso incentivo\u00a0\u00e0 pr\u00f3pria categoria m\u00e9dica e\u00a0\u00e0 popula\u00e7\u00e3o em geral em praticar esse tipo de atividade&#8221;, afirmou o presidente do Simepe, Tadeu Calheiros, que tamb\u00e9m aproveitou a ocasi\u00e3o para correr 5km juntos aos colegas m\u00e9dicos e demais corredores.<\/p>\n<p style=\"text-align: justify;\">A diretora de eventos do Simepe e cardiologista Malu David, refor\u00e7ou o prop\u00f3sito central da tarde. &#8220;O Sindicato dos M\u00e9dicos, promovendo a 8a Corrida S\u00e3o Lucas em comemora\u00e7\u00e3o ao m\u00eas do m\u00e9dico, buscou primeiramente o incentivo \u00e0 sa\u00fade e o est\u00edmulo aos cuidados com o cora\u00e7\u00e3o e preparo f\u00edsico. O melhor rem\u00e9dio para a sa\u00fade \u00e9 a atividade f\u00edsica&#8221;, disse a diretora. O m\u00eas de outubro contar\u00e1 ainda com a exposi\u00e7\u00e3o e a\u00e7\u00e3o social em homenagem ao Outubro Rosa, movimento de preven\u00e7\u00e3o ao c\u00e2ncer de mama, a partir do pr\u00f3ximo dia 18, e com a festa do m\u00e9dico no dia 21\/10, no Clube Portugu\u00eas, cuja atra\u00e7\u00e3o principal ser\u00e1 a banda Blitz.<\/p>\n<div class=\"text_exposed_show\">\n<p style=\"text-align: justify;\">Dentre os grandes vencedores desta edi\u00e7\u00e3o da Corrida S\u00e3o Lucas, est\u00e1 o diretor executivo do Simepe, Eraldo Lavor, que faturou o trof\u00e9u de terceiro colocado geral masculino de 10 km para aqueles abaixo dos 45 anos, uma das categorias mais concorridas da tarde.O\u00a0<span class=\"highlightNode\">Simepe<\/span>\u00a0agradece e parabeniza a participa\u00e7\u00e3o de todos e j\u00e1 est\u00e1 planejando a edi\u00e7\u00e3o do ano que vem.\u00a0Conhe\u00e7a os vencedores desta 8\u00aa edi\u00e7\u00e3o:<\/p>\n<p style=\"text-align: justify;\"><strong>5 km M\u00e9dico \u2013 At\u00e9 45 anos \u2013 Masculino<\/strong><\/p>\n<p style=\"text-align: justify;\">1\u00b0: Manoel Ananias<\/p>\n<p style=\"text-align: justify;\">2\u00b0: Marcelo Raul<\/p>\n<p style=\"text-align: justify;\">3\u00b0: Andr\u00e9 Avelino<\/p>\n<p style=\"text-align: justify;\"><strong>5 km M\u00e9dico \u2013 At\u00e9 45 anos \u2013 Feminino<\/strong><\/p>\n<p style=\"text-align: justify;\">1\u00b0: Raphaela Ferreira<\/p>\n<p style=\"text-align: justify;\">2\u00b0: Jaqueline Kelly<\/p>\n<p style=\"text-align: justify;\">3\u00b0: Cristiane Navarro<\/p>\n<p style=\"text-align: justify;\"><strong>5 km M\u00e9dico \u2013 Acima de 45 anos \u2013 Masculino<\/strong><\/p>\n<p style=\"text-align: justify;\">1\u00b0:\u00a0Luis Armando Gondim Guimaraes Junior<\/p>\n<p style=\"text-align: justify;\">2\u00b0:\u00a0Joao Correia Da Silva<\/p>\n<p style=\"text-align: justify;\">3\u00b0:\u00a0\u00a0Eduardo Magalh\u00e3es<\/p>\n<p style=\"text-align: justify;\"><strong>5 km M\u00e9dico \u2013 Acima de\u00a045 anos \u2013\u00a0Feminino<\/strong><\/p>\n<p style=\"text-align: justify;\">1\u00b0:\u00a0Givogiana Azevedo Neves De Carvalho<\/p>\n<p style=\"text-align: justify;\">2\u00b0:\u00a0Isabel Regalado Da Silva<\/p>\n<p style=\"text-align: justify;\">3\u00b0:\u00a0Maria De Fatima Toscano Barreto<\/p>\n<\/div>\n<p style=\"text-align: justify;\"><strong>5 km\u00a0Geral \u2013 At\u00e9 45 anos \u2013 Masculino<\/strong><\/p>\n<p style=\"text-align: justify;\">1\u00b0:\u00a0Isaquiel Gomes da Silva<\/p>\n<p style=\"text-align: justify;\">2\u00b0:\u00a0Genivaldo Matias De Souza<\/p>\n<p style=\"text-align: justify;\">3\u00b0:\u00a0Ailton Gomes De Veras<\/p>\n<p style=\"text-align: justify;\"><strong>5 km <strong>Geral<\/strong> \u2013 <strong>At\u00e9\u00a045 anos<\/strong> \u2013\u00a0Feminino<\/strong><\/p>\n<p style=\"text-align: justify;\">1\u00b0:\u00a0Elaine Cristina Da Cruz<\/p>\n<p style=\"text-align: justify;\">2\u00b0:\u00a0Vivian Lima<\/p>\n<p style=\"text-align: justify;\">3\u00b0:\u00a0Susyane Nunes Cavalcante<\/p>\n<p style=\"text-align: justify;\"><strong>5 km Geral \u2013 Acima de\u00a045 anos \u2013 Masculino<\/strong><\/p>\n<p style=\"text-align: justify;\">1\u00b0:\u00a0Angelo Marcio Pinheiro Correia<\/p>\n<p style=\"text-align: justify;\">2\u00b0:\u00a0Ademir Francisco Duarte<\/p>\n<p style=\"text-align: justify;\">3\u00b0:\u00a0Nelson Joaquim Da Silva<\/p>\n<p style=\"text-align: justify;\"><strong>5 km Geral \u2013 Acima de\u00a045 anos \u2013\u00a0Feminino<\/strong><\/p>\n<p style=\"text-align: justify;\">1\u00b0:\u00a0Maria Corina Ramos De Santana<\/p>\n<p style=\"text-align: justify;\">2\u00b0:\u00a0M\u00e1rcia Glav\u00e3o De Souza<\/p>\n<p style=\"text-align: justify;\">3\u00b0:\u00a0Josefa Maria De Lima Toscano De Brito<\/p>\n<p><strong>10 km M\u00e9dico \u2013 At\u00e9 45 anos \u2013 Masculino<\/strong><\/p>\n<p>1\u00b0: Ivoleno Nogueira<\/p>\n<p>2\u00b0: Adriano Gomes Muniz<\/p>\n<p>3\u00b0: Eraldo Arraes<\/p>\n<p><strong>10 km M\u00e9dico \u2013 At\u00e9 45 anos \u2013\u00a0Feminino<\/strong><\/p>\n<p>1\u00b0:\u00a0Daniela De Souza Passos<\/p>\n<p>&nbsp;<\/p>\n<p><strong>10 km M\u00e9dico\u2013 Acima de 45 anos \u2013Masculino<\/strong><\/p>\n<p>1\u00b0:\u00a0Henrique Sergio Teles Correia<\/p>\n<p>2\u00b0:\u00a0Jorge Da Mota Silveira Barbosa Junior<\/p>\n<p>3\u00b0:\u00a0<strong>\u00a0<\/strong>Gilberto Fernandes Silva De Abreu<\/p>\n<p><strong>10 km\u00a0M\u00e9dico\u2013 Acima de 45 anos \u2013Feminino<\/strong><\/p>\n<p>1\u00b0:\u00a0Katia Rocha<\/p>\n<p>2\u00b0:\u00a0Ana Maria Barbosa Ferreira<\/p>\n<p>3\u00b0:\u00a0Ana Amelia Correa De Araujo Veras<\/p>\n<p><strong>10 km Geral \u2013 At\u00e9 45 anos \u2013 Masculino<\/strong><\/p>\n<div class=\"text_exposed_show\">\n<p>1\u00b0: Jorge Luiz Lutero<\/p>\n<p>2\u00b0: Adriano Jos\u00e9 da Silva<\/p>\n<p>3\u00b0: Valmir Marques<\/p>\n<\/div>\n<p>&nbsp;<\/p>\n<p><strong>10 km Geral \u2013 At\u00e9 45 anos \u2013 Feminino<\/strong><\/p>\n<p>1\u00b0: Marcia Matilde<\/p>\n<p>2\u00b0: Maria Fl\u00e1via<\/p>\n<p>3\u00b0: Laurylene Correia<\/p>\n<div class=\"text_exposed_show\">\n<p style=\"text-align: justify;\"><strong>10 km Geral \u2013 Acima 45 anos \u2013 Masculino<\/strong><\/p>\n<p style=\"text-align: justify;\">1\u00b0: Paulo Vieira<\/p>\n<p style=\"text-align: justify;\">2\u00b0: Ademir Jos\u00e9<\/p>\n<p style=\"text-align: justify;\">3\u00b0: Valmir Marques<\/p>\n<p style=\"text-align: justify;\"><strong>10 km Geral \u2013 Acima 45 anos \u2013 Feminino<\/strong><\/p>\n<p style=\"text-align: justify;\">1\u00b0: Sandra Costa<\/p>\n<p style=\"text-align: justify;\">2\u00b0: Carmem L\u00facia<\/p>\n<p style=\"text-align: justify;\">3\u00b0: Andr\u00e9a Zacch\u00ea de S\u00e1<\/p>\n<\/div>\n","protected":false},"excerpt":{"rendered":"<p>Um show de participa\u00e7\u00e3o, alegria e organiza\u00e7\u00e3o, com incentivo \u00e0 sa\u00fade. Assim pode ser definida a 8a edi\u00e7\u00e3o da Corrida S\u00e3o Lucas, realizada neste s\u00e1bado (07\/10), nas ruas do Recife Antigo. O evento, realizado pelo Sindicato dos M\u00e9dicos de Pernambuco (Simepe), com patroc\u00ednio da Sicred, com o apoio Confiare, Instituto de Desenvolvimento Educacional (IDE), Armando [&hellip;]<\/p>\n","protected":false},"author":1,"featured_media":41313,"comment_status":"open","ping_status":"open","sticky":false,"template":"","format":"standard","meta":{"ocean_post_layout":"","ocean_both_sidebars_style":"","ocean_both_sidebars_content_width":0,"ocean_both_sidebars_sidebars_width":0,"ocean_sidebar":"","ocean_second_sidebar":"","ocean_disable_margins":"enable","ocean_add_body_class":"","ocean_shortcode_before_top_bar":"","ocean_shortcode_after_top_bar":"","ocean_shortcode_before_header":"","ocean_shortcode_after_header":"","ocean_has_shortcode":"","ocean_shortcode_after_title":"","ocean_shortcode_before_footer_widgets":"","ocean_shortcode_after_footer_widgets":"","ocean_shortcode_before_footer_bottom":"","ocean_shortcode_after_footer_bottom":"","ocean_display_top_bar":"default","ocean_display_header":"default","ocean_header_style":"","ocean_center_header_left_menu":"","ocean_custom_header_template":"","ocean_custom_logo":0,"ocean_custom_retina_logo":0,"ocean_custom_logo_max_width":0,"ocean_custom_logo_tablet_max_width":0,"ocean_custom_logo_mobile_max_width":0,"ocean_custom_logo_max_height":0,"ocean_custom_logo_tablet_max_height":0,"ocean_custom_logo_mobile_max_height":0,"ocean_header_custom_menu":"","ocean_menu_typo_font_family":"","ocean_menu_typo_font_subset":"","ocean_menu_typo_font_size":0,"ocean_menu_typo_font_size_tablet":0,"ocean_menu_typo_font_size_mobile":0,"ocean_menu_typo_font_size_unit":"px","ocean_menu_typo_font_weight":"","ocean_menu_typo_font_weight_tablet":"","ocean_menu_typo_font_weight_mobile":"","ocean_menu_typo_transform":"","ocean_menu_typo_transform_tablet":"","ocean_menu_typo_transform_mobile":"","ocean_menu_typo_line_height":0,"ocean_menu_typo_line_height_tablet":0,"ocean_menu_typo_line_height_mobile":0,"ocean_menu_typo_line_height_unit":"","ocean_menu_typo_spacing":0,"ocean_menu_typo_spacing_tablet":0,"ocean_menu_typo_spacing_mobile":0,"ocean_menu_typo_spacing_unit":"","ocean_menu_link_color":"","ocean_menu_link_color_hover":"","ocean_menu_link_color_active":"","ocean_menu_link_background":"","ocean_menu_link_hover_background":"","ocean_menu_link_active_background":"","ocean_menu_social_links_bg":"","ocean_menu_social_hover_links_bg":"","ocean_menu_social_links_color":"","ocean_menu_social_hover_links_color":"","ocean_disable_title":"default","ocean_disable_heading":"default","ocean_post_title":"","ocean_post_subheading":"","ocean_post_title_style":"","ocean_post_title_background_color":"","ocean_post_title_background":0,"ocean_post_title_bg_image_position":"","ocean_post_title_bg_image_attachment":"","ocean_post_title_bg_image_repeat":"","ocean_post_title_bg_image_size":"","ocean_post_title_height":0,"ocean_post_title_bg_overlay":0.5,"ocean_post_title_bg_overlay_color":"","ocean_disable_breadcrumbs":"default","ocean_breadcrumbs_color":"","ocean_breadcrumbs_separator_color":"","ocean_breadcrumbs_links_color":"","ocean_breadcrumbs_links_hover_color":"","ocean_display_footer_widgets":"default","ocean_display_footer_bottom":"default","ocean_custom_footer_template":"","ocean_post_oembed":"","ocean_post_self_hosted_media":"","ocean_post_video_embed":"","ocean_link_format":"","ocean_link_format_target":"self","ocean_quote_format":"","ocean_quote_format_link":"post","ocean_gallery_link_images":"on","ocean_gallery_id":[]},"categories":[1],"tags":[2389,2369,2390,2388,4],"acf":[],"_links":{"self":[{"href":"https:\/\/www.simepe.com.br\/novo\/wp-json\/wp\/v2\/posts\/41312"}],"collection":[{"href":"https:\/\/www.simepe.com.br\/novo\/wp-json\/wp\/v2\/posts"}],"about":[{"href":"https:\/\/www.simepe.com.br\/novo\/wp-json\/wp\/v2\/types\/post"}],"author":[{"embeddable":true,"href":"https:\/\/www.simepe.com.br\/novo\/wp-json\/wp\/v2\/users\/1"}],"replies":[{"embeddable":true,"href":"https:\/\/www.simepe.com.br\/novo\/wp-json\/wp\/v2\/comments?post=41312"}],"version-history":[{"count":4,"href":"https:\/\/www.simepe.com.br\/novo\/wp-json\/wp\/v2\/posts\/41312\/revisions"}],"predecessor-version":[{"id":41388,"href":"https:\/\/www.simepe.com.br\/novo\/wp-json\/wp\/v2\/posts\/41312\/revisions\/41388"}],"wp:featuredmedia":[{"embeddable":true,"href":"https:\/\/www.simepe.com.br\/novo\/wp-json\/wp\/v2\/media\/41313"}],"wp:attachment":[{"href":"https:\/\/www.simepe.com.br\/novo\/wp-json\/wp\/v2\/media?parent=41312"}],"wp:term":[{"taxonomy":"category","embeddable":true,"href":"https:\/\/www.simepe.com.br\/novo\/wp-json\/wp\/v2\/categories?post=41312"},{"taxonomy":"post_tag","embeddable":true,"href":"https:\/\/www.simepe.com.br\/novo\/wp-json\/wp\/v2\/tags?post=41312"}],"curies":[{"name":"wp","href":"https:\/\/api.w.org\/{rel}","templated":true}]}}