{"id":41443,"date":"2017-10-17T12:35:18","date_gmt":"2017-10-17T15:35:18","guid":{"rendered":"http:\/\/www.simepe.com.br\/novo\/?p=41443"},"modified":"2017-10-19T15:37:13","modified_gmt":"2017-10-19T18:37:13","slug":"medicos-do-recife-realizam-mobilizacao-em-frente-a-pcr-nesta-quarta-feira-1810","status":"publish","type":"post","link":"https:\/\/www.simepe.com.br\/novo\/medicos-do-recife-realizam-mobilizacao-em-frente-a-pcr-nesta-quarta-feira-1810\/","title":{"rendered":"M\u00e9dicos do Recife realizam mobiliza\u00e7\u00e3o em frente \u00e0 PCR nesta quarta-feira (18\/10)"},"content":{"rendered":"<p style=\"text-align: justify;\">Em luta por melhorias essenciais na sa\u00fade da capital pernambucana, os m\u00e9dicos da rede municipal realizam, nesta quarta-feira (18\/10), um ato de mobiliza\u00e7\u00e3o e protesto em frente \u00e0 Prefeitura do Recife, a partir das 9h. A a\u00e7\u00e3o faz parte de uma paralisa\u00e7\u00e3o de advert\u00eancia de dois dias e tem o objetivo de chamar a aten\u00e7\u00e3o para os problemas latentes e j\u00e1 expostos diversas vezes para a gest\u00e3o p\u00fablica sobre as dificuldades enfrentadas pela categoria, como a crescente inseguran\u00e7a nos postos de sa\u00fade, falta de medicamentos, condi\u00e7\u00f5es prec\u00e1rias e improvisadas de trabalho e perdas inflacion\u00e1rias importantes nos \u00faltimos anos.<\/p>\n<p style=\"text-align: justify;\">A mobiliza\u00e7\u00e3o \u00e9 liderada pelo Sindicato dos M\u00e9dicos de Pernambuco, que desde fevereiro vem realizando tratativas com a gest\u00e3o municipal e esbarrando no pouco avan\u00e7o proposto pela PCR. A delibera\u00e7\u00e3o por uma nova paralisa\u00e7\u00e3o foi aprovada em assembleia geral da categoria, no \u00faltimo dia 26 de setembro, oportunidade na qual os profissionais tamb\u00e9m definiram entrar em estado de greve. Com isso, os servi\u00e7os eletivos e ambulatoriais est\u00e3o suspensos nestas quarta e quinta-feira \u2013 funcionando apenas os trabalhos de urg\u00eancia, emerg\u00eancia e maternidades.<\/p>\n<p style=\"text-align: justify;\">\u201cNesta quarta-feira (18), comemoramos o dia do m\u00e9dico. Ou, pelo menos, dever\u00edamos. No entanto, n\u00e3o h\u00e1 motivos para isso no Recife. Desde a retirada dos vigilantes das unidades, no ano passado, a viol\u00eancia aumentou em larga escala. H\u00e1 den\u00fancias e relatos registrados no Simepe de invas\u00f5es, roubos, furtos, agress\u00f5es e at\u00e9 sequestros nos postos. No entanto, ainda n\u00e3o houve retorno da gest\u00e3o municipal sobre a recontrata\u00e7\u00e3o desses profissionais. No tocante \u00e0s perdas inflacion\u00e1rias, no acumulado dos \u00faltimos 12 meses, a infla\u00e7\u00e3o gira em torno de 5,5% a 6%, mas a PCR s\u00f3 apresentou uma proposta de 2%, em outubro, caso consigam alcan\u00e7ar o limite do teto da Lei de Responsabilidade Fiscal \u2013 que j\u00e1 vimos na imprensa que ser\u00e1 algo dif\u00edcil de se atingir. Ou seja: o reajuste pode ser de 0%\u201d, detalha o presidente do Simepe, Tadeu Calheiros.<\/p>\n<p style=\"text-align: justify;\">Uma nova AGE da categoria est\u00e1 marcada para o dia 24 de outubro, na sede da Associa\u00e7\u00e3o M\u00e9dica de Pernambuco (AMPE), a partir das 14h. De acordo com Calheiros, a categoria pode, a qualquer momento, deflagrar uma greve.<\/p>\n","protected":false},"excerpt":{"rendered":"<p>Em luta por melhorias essenciais na sa\u00fade da capital pernambucana, os m\u00e9dicos da rede municipal realizam, nesta quarta-feira (18\/10), um ato de mobiliza\u00e7\u00e3o e protesto em frente \u00e0 Prefeitura do Recife, a partir das 9h. A a\u00e7\u00e3o faz parte de uma paralisa\u00e7\u00e3o de advert\u00eancia de dois dias e tem o objetivo de chamar a aten\u00e7\u00e3o [&hellip;]<\/p>\n","protected":false},"author":1,"featured_media":41444,"comment_status":"open","ping_status":"open","sticky":false,"template":"","format":"standard","meta":{"ocean_post_layout":"","ocean_both_sidebars_style":"","ocean_both_sidebars_content_width":0,"ocean_both_sidebars_sidebars_width":0,"ocean_sidebar":"","ocean_second_sidebar":"","ocean_disable_margins":"enable","ocean_add_body_class":"","ocean_shortcode_before_top_bar":"","ocean_shortcode_after_top_bar":"","ocean_shortcode_before_header":"","ocean_shortcode_after_header":"","ocean_has_shortcode":"","ocean_shortcode_after_title":"","ocean_shortcode_before_footer_widgets":"","ocean_shortcode_after_footer_widgets":"","ocean_shortcode_before_footer_bottom":"","ocean_shortcode_after_footer_bottom":"","ocean_display_top_bar":"default","ocean_display_header":"default","ocean_header_style":"","ocean_center_header_left_menu":"","ocean_custom_header_template":"","ocean_custom_logo":0,"ocean_custom_retina_logo":0,"ocean_custom_logo_max_width":0,"ocean_custom_logo_tablet_max_width":0,"ocean_custom_logo_mobile_max_width":0,"ocean_custom_logo_max_height":0,"ocean_custom_logo_tablet_max_height":0,"ocean_custom_logo_mobile_max_height":0,"ocean_header_custom_menu":"","ocean_menu_typo_font_family":"","ocean_menu_typo_font_subset":"","ocean_menu_typo_font_size":0,"ocean_menu_typo_font_size_tablet":0,"ocean_menu_typo_font_size_mobile":0,"ocean_menu_typo_font_size_unit":"px","ocean_menu_typo_font_weight":"","ocean_menu_typo_font_weight_tablet":"","ocean_menu_typo_font_weight_mobile":"","ocean_menu_typo_transform":"","ocean_menu_typo_transform_tablet":"","ocean_menu_typo_transform_mobile":"","ocean_menu_typo_line_height":0,"ocean_menu_typo_line_height_tablet":0,"ocean_menu_typo_line_height_mobile":0,"ocean_menu_typo_line_height_unit":"","ocean_menu_typo_spacing":0,"ocean_menu_typo_spacing_tablet":0,"ocean_menu_typo_spacing_mobile":0,"ocean_menu_typo_spacing_unit":"","ocean_menu_link_color":"","ocean_menu_link_color_hover":"","ocean_menu_link_color_active":"","ocean_menu_link_background":"","ocean_menu_link_hover_background":"","ocean_menu_link_active_background":"","ocean_menu_social_links_bg":"","ocean_menu_social_hover_links_bg":"","ocean_menu_social_links_color":"","ocean_menu_social_hover_links_color":"","ocean_disable_title":"default","ocean_disable_heading":"default","ocean_post_title":"","ocean_post_subheading":"","ocean_post_title_style":"","ocean_post_title_background_color":"","ocean_post_title_background":0,"ocean_post_title_bg_image_position":"","ocean_post_title_bg_image_attachment":"","ocean_post_title_bg_image_repeat":"","ocean_post_title_bg_image_size":"","ocean_post_title_height":0,"ocean_post_title_bg_overlay":0.5,"ocean_post_title_bg_overlay_color":"","ocean_disable_breadcrumbs":"default","ocean_breadcrumbs_color":"","ocean_breadcrumbs_separator_color":"","ocean_breadcrumbs_links_color":"","ocean_breadcrumbs_links_hover_color":"","ocean_display_footer_widgets":"default","ocean_display_footer_bottom":"default","ocean_custom_footer_template":"","ocean_post_oembed":"","ocean_post_self_hosted_media":"","ocean_post_video_embed":"","ocean_link_format":"","ocean_link_format_target":"self","ocean_quote_format":"","ocean_quote_format_link":"post","ocean_gallery_link_images":"on","ocean_gallery_id":[]},"categories":[1],"tags":[333,2401,935,2400,1824,322,819,748,210,4],"acf":[],"_links":{"self":[{"href":"https:\/\/www.simepe.com.br\/novo\/wp-json\/wp\/v2\/posts\/41443"}],"collection":[{"href":"https:\/\/www.simepe.com.br\/novo\/wp-json\/wp\/v2\/posts"}],"about":[{"href":"https:\/\/www.simepe.com.br\/novo\/wp-json\/wp\/v2\/types\/post"}],"author":[{"embeddable":true,"href":"https:\/\/www.simepe.com.br\/novo\/wp-json\/wp\/v2\/users\/1"}],"replies":[{"embeddable":true,"href":"https:\/\/www.simepe.com.br\/novo\/wp-json\/wp\/v2\/comments?post=41443"}],"version-history":[{"count":1,"href":"https:\/\/www.simepe.com.br\/novo\/wp-json\/wp\/v2\/posts\/41443\/revisions"}],"predecessor-version":[{"id":41445,"href":"https:\/\/www.simepe.com.br\/novo\/wp-json\/wp\/v2\/posts\/41443\/revisions\/41445"}],"wp:featuredmedia":[{"embeddable":true,"href":"https:\/\/www.simepe.com.br\/novo\/wp-json\/wp\/v2\/media\/41444"}],"wp:attachment":[{"href":"https:\/\/www.simepe.com.br\/novo\/wp-json\/wp\/v2\/media?parent=41443"}],"wp:term":[{"taxonomy":"category","embeddable":true,"href":"https:\/\/www.simepe.com.br\/novo\/wp-json\/wp\/v2\/categories?post=41443"},{"taxonomy":"post_tag","embeddable":true,"href":"https:\/\/www.simepe.com.br\/novo\/wp-json\/wp\/v2\/tags?post=41443"}],"curies":[{"name":"wp","href":"https:\/\/api.w.org\/{rel}","templated":true}]}}