{"id":42911,"date":"2018-01-05T10:11:50","date_gmt":"2018-01-05T13:11:50","guid":{"rendered":"http:\/\/www.simepe.com.br\/novo\/?p=42911"},"modified":"2018-01-05T10:19:00","modified_gmt":"2018-01-05T13:19:00","slug":"hospital-geral-do-sertao-devera-ficar-pronto-ate-o-final-do-ano","status":"publish","type":"post","link":"https:\/\/www.simepe.com.br\/novo\/hospital-geral-do-sertao-devera-ficar-pronto-ate-o-final-do-ano\/","title":{"rendered":"Hospital Geral do Sert\u00e3o dever\u00e1 ficar pronto at\u00e9 o final do ano"},"content":{"rendered":"<p>Terraplanagem come\u00e7ou a ser executada nesta quinta-feira<\/p>\n<p>As obras de constru\u00e7\u00e3o do Hospital Geral do Sert\u00e3o Governador Eduardo Campos j\u00e1 come\u00e7aram. Avaliada em R$ 60 milh\u00f5es, a interven\u00e7\u00e3o dever\u00e1 melhorar a qualidade de vida de 235 mil moradores de dez munic\u00edpios da regi\u00e3o. A ordem de servi\u00e7o foi assinada, nesta quinta-feira, pelo governador Paulo C\u00e2mara. A previs\u00e3o \u00e9 de que a nova unidade de sa\u00fade seja inaugurada no final deste ano.<\/p>\n<p>Com capacidade para realizar, em m\u00e9dia, 500 internamentos por m\u00eas, ser\u00e3o disponibilizados, entre outros servi\u00e7os, atendimento ambulatorial nas especialidades de traumato-ortopedia, cl\u00ednica geral, cardiol\u00f3gica e neurol\u00f3gica. &#8220;A gente come\u00e7a 2018 muito otimista em rela\u00e7\u00e3o ao futuro e ciente dos desafios que temos que enfrentar, n\u00e3o podendo descansar sobre a quest\u00e3o da sa\u00fade. N\u00e3o pod\u00edamos deixar de realizar esse investimento, que vai preencher uma lacuna importante. Uma estrutura que vai dialogar com toda a regi\u00e3o. Vamos fazer esse esfor\u00e7o porque sabemos que \u00e9 fundamental para melhorar a sa\u00fade dos pernambucanos. A previs\u00e3o para conclus\u00e3o do hospital era de 24 meses, mas vamos acelerar a obra para tentar entregar o Hospital Geral do Sert\u00e3o j\u00e1 no final do ano, para que a gente tenha condi\u00e7\u00e3o de come\u00e7ar os atendimentos no in\u00edcio de 2019&#8221;, afirmou o governador Paulo C\u00e2mara.<\/p>\n<p>Para a obra de terraplanagem &#8211; primeira etapa das interven\u00e7\u00f5es -, ser\u00e3o investidos cerca de R$ 2,6 milh\u00f5es, e os servi\u00e7os ser\u00e3o realizados em um terreno de 30 mil m\u00b2, \u00e0s margens do Km 418 da BR-232, com prazo de conclus\u00e3o de 90 dias. Al\u00e9m de Serra Talhada, o HGS abranger\u00e1 os munic\u00edpios sertanejos de Bet\u00e2nia, Calumbi, Carnaubeira da Penha, Flores, Floresta, Itacuruba, Santa Cruz da Baixa Verde, S\u00e3o Jos\u00e9 do Belmonte e Triunfo.<\/p>\n<p>Ap\u00f3s a conclus\u00e3o da terraplenagem, ser\u00e1 iniciada a fase de loca\u00e7\u00e3o e escava\u00e7\u00e3o dos elementos de funda\u00e7\u00e3o, drenagem de \u00e1guas pluviais e servi\u00e7os preliminares de constru\u00e7\u00e3o, para que, posteriormente, seja iniciada a edifica\u00e7\u00e3o da unidade hospitalar, que ter\u00e1, aproximadamente, 10 mil m\u00b2 de \u00e1rea constru\u00edda. A previs\u00e3o \u00e9 de que as obras totais do hospital sejam conclu\u00eddas em dezembro de 2019.<\/p>\n<p>A estrutura f\u00edsica do Hospital Governador Eduardo Campos contar\u00e1 com cinco salas de cirurgia, 140 leitos de internamento e 20 leitos de Unidade de Tratamento Intensivo (UTI). O Hospital ir\u00e1 oferecer atendimento ambulatorial nas especialidades de traumato-ortopedia, cl\u00ednicas geral, cardiol\u00f3gica e neurol\u00f3gica, al\u00e9m de cirurgia geral e vai complementar a rede de sa\u00fade da III Macrorregi\u00e3o, que possui 35 munic\u00edpios e atende uma popula\u00e7\u00e3o de 842.153 habitantes. A III Macrorregi\u00e3o \u00e9 composta pelas VI, X e XI Regionais de Sa\u00fade do Estado de Pernambuco.<\/p>\n<p>Fonte: Diario de Pernambuco<\/p>\n","protected":false},"excerpt":{"rendered":"<p>Terraplanagem come\u00e7ou a ser executada nesta quinta-feira As obras de constru\u00e7\u00e3o do Hospital Geral do Sert\u00e3o Governador Eduardo Campos j\u00e1 come\u00e7aram. Avaliada em R$ 60 milh\u00f5es, a interven\u00e7\u00e3o dever\u00e1 melhorar a qualidade de vida de 235 mil moradores de dez munic\u00edpios da regi\u00e3o. A ordem de servi\u00e7o foi assinada, nesta quinta-feira, pelo governador Paulo C\u00e2mara. [&hellip;]<\/p>\n","protected":false},"author":1,"featured_media":0,"comment_status":"open","ping_status":"open","sticky":false,"template":"","format":"standard","meta":{"ocean_post_layout":"","ocean_both_sidebars_style":"","ocean_both_sidebars_content_width":0,"ocean_both_sidebars_sidebars_width":0,"ocean_sidebar":"","ocean_second_sidebar":"","ocean_disable_margins":"enable","ocean_add_body_class":"","ocean_shortcode_before_top_bar":"","ocean_shortcode_after_top_bar":"","ocean_shortcode_before_header":"","ocean_shortcode_after_header":"","ocean_has_shortcode":"","ocean_shortcode_after_title":"","ocean_shortcode_before_footer_widgets":"","ocean_shortcode_after_footer_widgets":"","ocean_shortcode_before_footer_bottom":"","ocean_shortcode_after_footer_bottom":"","ocean_display_top_bar":"default","ocean_display_header":"default","ocean_header_style":"","ocean_center_header_left_menu":"","ocean_custom_header_template":"","ocean_custom_logo":0,"ocean_custom_retina_logo":0,"ocean_custom_logo_max_width":0,"ocean_custom_logo_tablet_max_width":0,"ocean_custom_logo_mobile_max_width":0,"ocean_custom_logo_max_height":0,"ocean_custom_logo_tablet_max_height":0,"ocean_custom_logo_mobile_max_height":0,"ocean_header_custom_menu":"","ocean_menu_typo_font_family":"","ocean_menu_typo_font_subset":"","ocean_menu_typo_font_size":0,"ocean_menu_typo_font_size_tablet":0,"ocean_menu_typo_font_size_mobile":0,"ocean_menu_typo_font_size_unit":"px","ocean_menu_typo_font_weight":"","ocean_menu_typo_font_weight_tablet":"","ocean_menu_typo_font_weight_mobile":"","ocean_menu_typo_transform":"","ocean_menu_typo_transform_tablet":"","ocean_menu_typo_transform_mobile":"","ocean_menu_typo_line_height":0,"ocean_menu_typo_line_height_tablet":0,"ocean_menu_typo_line_height_mobile":0,"ocean_menu_typo_line_height_unit":"","ocean_menu_typo_spacing":0,"ocean_menu_typo_spacing_tablet":0,"ocean_menu_typo_spacing_mobile":0,"ocean_menu_typo_spacing_unit":"","ocean_menu_link_color":"","ocean_menu_link_color_hover":"","ocean_menu_link_color_active":"","ocean_menu_link_background":"","ocean_menu_link_hover_background":"","ocean_menu_link_active_background":"","ocean_menu_social_links_bg":"","ocean_menu_social_hover_links_bg":"","ocean_menu_social_links_color":"","ocean_menu_social_hover_links_color":"","ocean_disable_title":"default","ocean_disable_heading":"default","ocean_post_title":"","ocean_post_subheading":"","ocean_post_title_style":"","ocean_post_title_background_color":"","ocean_post_title_background":0,"ocean_post_title_bg_image_position":"","ocean_post_title_bg_image_attachment":"","ocean_post_title_bg_image_repeat":"","ocean_post_title_bg_image_size":"","ocean_post_title_height":0,"ocean_post_title_bg_overlay":0.5,"ocean_post_title_bg_overlay_color":"","ocean_disable_breadcrumbs":"default","ocean_breadcrumbs_color":"","ocean_breadcrumbs_separator_color":"","ocean_breadcrumbs_links_color":"","ocean_breadcrumbs_links_hover_color":"","ocean_display_footer_widgets":"default","ocean_display_footer_bottom":"default","ocean_custom_footer_template":"","ocean_post_oembed":"","ocean_post_self_hosted_media":"","ocean_post_video_embed":"","ocean_link_format":"","ocean_link_format_target":"self","ocean_quote_format":"","ocean_quote_format_link":"post","ocean_gallery_link_images":"on","ocean_gallery_id":[]},"categories":[9],"tags":[2220,2495,2496],"acf":[],"_links":{"self":[{"href":"https:\/\/www.simepe.com.br\/novo\/wp-json\/wp\/v2\/posts\/42911"}],"collection":[{"href":"https:\/\/www.simepe.com.br\/novo\/wp-json\/wp\/v2\/posts"}],"about":[{"href":"https:\/\/www.simepe.com.br\/novo\/wp-json\/wp\/v2\/types\/post"}],"author":[{"embeddable":true,"href":"https:\/\/www.simepe.com.br\/novo\/wp-json\/wp\/v2\/users\/1"}],"replies":[{"embeddable":true,"href":"https:\/\/www.simepe.com.br\/novo\/wp-json\/wp\/v2\/comments?post=42911"}],"version-history":[{"count":2,"href":"https:\/\/www.simepe.com.br\/novo\/wp-json\/wp\/v2\/posts\/42911\/revisions"}],"predecessor-version":[{"id":42913,"href":"https:\/\/www.simepe.com.br\/novo\/wp-json\/wp\/v2\/posts\/42911\/revisions\/42913"}],"wp:attachment":[{"href":"https:\/\/www.simepe.com.br\/novo\/wp-json\/wp\/v2\/media?parent=42911"}],"wp:term":[{"taxonomy":"category","embeddable":true,"href":"https:\/\/www.simepe.com.br\/novo\/wp-json\/wp\/v2\/categories?post=42911"},{"taxonomy":"post_tag","embeddable":true,"href":"https:\/\/www.simepe.com.br\/novo\/wp-json\/wp\/v2\/tags?post=42911"}],"curies":[{"name":"wp","href":"https:\/\/api.w.org\/{rel}","templated":true}]}}