{"id":42976,"date":"2018-01-09T08:57:34","date_gmt":"2018-01-09T11:57:34","guid":{"rendered":"http:\/\/www.simepe.com.br\/novo\/?p=42976"},"modified":"2018-01-09T08:57:34","modified_gmt":"2018-01-09T11:57:34","slug":"medicos-do-recife-paralisam-as-atividades-ate-sexta","status":"publish","type":"post","link":"https:\/\/www.simepe.com.br\/novo\/medicos-do-recife-paralisam-as-atividades-ate-sexta\/","title":{"rendered":"M\u00e9dicos do Recife paralisam as atividades at\u00e9 sexta"},"content":{"rendered":"<p style=\"text-align: justify;\">Est\u00e3o sendo mantidos os atendimentos de urg\u00eancia e emerg\u00eancia<\/p>\n<p style=\"text-align: justify;\">Os m\u00e9dicos da rede municipal do Recife paralisaram as atividades nesta segunda-feira. A classe vai manter o movimento paredista at\u00e9 sexta para denunciar a inseguran\u00e7a nas unidades, escalas incompletas, estruturas prec\u00e1rias, falta de medicamentos e insumos b\u00e1sicos e aus\u00eancia de recomposi\u00e7\u00e3o das perdas salariais. De acordo com a categoria, o ato, articulado pelo Sindicato dos M\u00e9dicos de Pernambuco, n\u00e3o afeta os atendimentos de urg\u00eancia e emerg\u00eancia (que ser\u00e3o mantidos). A a\u00e7\u00e3o pretende chamar a aten\u00e7\u00e3o para os problemas j\u00e1 expostos para a gest\u00e3o p\u00fablica.<\/p>\n<p style=\"text-align: justify;\">Nesta segunda, dando in\u00edcio ao movimento, os m\u00e9dicos realizaram atendimentos gratuitos para a popula\u00e7\u00e3o no Parque Treze de Maio, no bairro da Boa Vista. A A\u00e7\u00e3o de Sa\u00fade e Cidadania teve aferi\u00e7\u00e3o de press\u00e3o e glicose, entre outros, das 9h \u00e0s 14h.<\/p>\n<p style=\"text-align: justify;\">Dentro da paralisa\u00e7\u00e3o, ser\u00e3o suspensos os servi\u00e7os eletivos, atendimentos ambulatoriais, os Postos de Sa\u00fade da Fam\u00edlia e Centro de Aten\u00e7\u00e3o Psicossocial (Caps). O funcionamento ser\u00e1 normal nos setores de urg\u00eancia, emerg\u00eancia e maternidade. O presidente do Sindicato dos M\u00e9dicos de Pernambuco, Tadeu Calheiros, lamenta a demora por uma resposta eficaz da Prefeitura do Recife. \u201cH\u00e1 quase um ano que estamos tentando negociar com a gest\u00e3o da cidade, mas apesar de haver di\u00e1logo, falta uma proposta efetiva e justa. Infelizmente, a possibilidade da categoria entrar em greve por tempo indeterminado \u00e9 cada vez mais real\u201d, lamenta Tadeu.<\/p>\n<p style=\"text-align: justify;\">A Assembleia Geral Extraordin\u00e1ria da categoria est\u00e1 marcada para a sexta-feira (12), na sede da Associa\u00e7\u00e3o M\u00e9dica de Pernambuco (AMPE), e encerra a semana de paralisa\u00e7\u00e3o dos m\u00e9dicos. No encontro, ser\u00e3o discutidas as novas a\u00e7\u00f5es do movimento.<\/p>\n<p>A Secretaria de Sa\u00fade do Recife enviou nota oficial sobre as reivindica\u00e7\u00f5es da categoria. Confira:<\/p>\n<p><em>A Prefeitura do Recife informa que realizou diversas reuni\u00f5es de negocia\u00e7\u00e3o com o Sindicato dos M\u00e9dicos de Pernambuco (Simepe) e continua aberta ao di\u00e1logo. Os m\u00e9dicos servidores do munic\u00edpio tiveram ganhos cerca de 10% acima da infla\u00e7\u00e3o desde 2013. Foram nomeados 764 novos m\u00e9dicos no per\u00edodo. Com rela\u00e7\u00e3o \u00e0s condi\u00e7\u00f5es de trabalho, a Prefeitura realizou, em apenas cinco anos, R$ 200 milh\u00f5es de investimentos nas unidades de sa\u00fade, o que \u00e9 mais do que os 10 anos anteriores.<\/em><\/p>\n<p style=\"text-align: justify;\"><em>A Secretaria de Sa\u00fade do Recife informa que a maioria dos servi\u00e7os da rede, como vacinas, pr\u00e9-natal, exames etc, est\u00e3o funcionando normalmente. Informa ainda que mais de 70% dos m\u00e9dicos que atuam nas Unidades de Sa\u00fade da Fam\u00edlia est\u00e3o trabalhando normalmente e que quase 90% dos profissionais das Unidades B\u00e1sicas Tradicionais compareceram ao trabalho.<\/em><\/p>\n<p style=\"text-align: justify;\">\n<p style=\"text-align: justify;\">Fonte: Diario de Pernambuco<\/p>\n","protected":false},"excerpt":{"rendered":"<p>Est\u00e3o sendo mantidos os atendimentos de urg\u00eancia e emerg\u00eancia Os m\u00e9dicos da rede municipal do Recife paralisaram as atividades nesta segunda-feira. A classe vai manter o movimento paredista at\u00e9 sexta para denunciar a inseguran\u00e7a nas unidades, escalas incompletas, estruturas prec\u00e1rias, falta de medicamentos e insumos b\u00e1sicos e aus\u00eancia de recomposi\u00e7\u00e3o das perdas salariais. De acordo [&hellip;]<\/p>\n","protected":false},"author":1,"featured_media":0,"comment_status":"open","ping_status":"open","sticky":false,"template":"","format":"standard","meta":{"ocean_post_layout":"","ocean_both_sidebars_style":"","ocean_both_sidebars_content_width":0,"ocean_both_sidebars_sidebars_width":0,"ocean_sidebar":"","ocean_second_sidebar":"","ocean_disable_margins":"enable","ocean_add_body_class":"","ocean_shortcode_before_top_bar":"","ocean_shortcode_after_top_bar":"","ocean_shortcode_before_header":"","ocean_shortcode_after_header":"","ocean_has_shortcode":"","ocean_shortcode_after_title":"","ocean_shortcode_before_footer_widgets":"","ocean_shortcode_after_footer_widgets":"","ocean_shortcode_before_footer_bottom":"","ocean_shortcode_after_footer_bottom":"","ocean_display_top_bar":"default","ocean_display_header":"default","ocean_header_style":"","ocean_center_header_left_menu":"","ocean_custom_header_template":"","ocean_custom_logo":0,"ocean_custom_retina_logo":0,"ocean_custom_logo_max_width":0,"ocean_custom_logo_tablet_max_width":0,"ocean_custom_logo_mobile_max_width":0,"ocean_custom_logo_max_height":0,"ocean_custom_logo_tablet_max_height":0,"ocean_custom_logo_mobile_max_height":0,"ocean_header_custom_menu":"","ocean_menu_typo_font_family":"","ocean_menu_typo_font_subset":"","ocean_menu_typo_font_size":0,"ocean_menu_typo_font_size_tablet":0,"ocean_menu_typo_font_size_mobile":0,"ocean_menu_typo_font_size_unit":"px","ocean_menu_typo_font_weight":"","ocean_menu_typo_font_weight_tablet":"","ocean_menu_typo_font_weight_mobile":"","ocean_menu_typo_transform":"","ocean_menu_typo_transform_tablet":"","ocean_menu_typo_transform_mobile":"","ocean_menu_typo_line_height":0,"ocean_menu_typo_line_height_tablet":0,"ocean_menu_typo_line_height_mobile":0,"ocean_menu_typo_line_height_unit":"","ocean_menu_typo_spacing":0,"ocean_menu_typo_spacing_tablet":0,"ocean_menu_typo_spacing_mobile":0,"ocean_menu_typo_spacing_unit":"","ocean_menu_link_color":"","ocean_menu_link_color_hover":"","ocean_menu_link_color_active":"","ocean_menu_link_background":"","ocean_menu_link_hover_background":"","ocean_menu_link_active_background":"","ocean_menu_social_links_bg":"","ocean_menu_social_hover_links_bg":"","ocean_menu_social_links_color":"","ocean_menu_social_hover_links_color":"","ocean_disable_title":"default","ocean_disable_heading":"default","ocean_post_title":"","ocean_post_subheading":"","ocean_post_title_style":"","ocean_post_title_background_color":"","ocean_post_title_background":0,"ocean_post_title_bg_image_position":"","ocean_post_title_bg_image_attachment":"","ocean_post_title_bg_image_repeat":"","ocean_post_title_bg_image_size":"","ocean_post_title_height":0,"ocean_post_title_bg_overlay":0.5,"ocean_post_title_bg_overlay_color":"","ocean_disable_breadcrumbs":"default","ocean_breadcrumbs_color":"","ocean_breadcrumbs_separator_color":"","ocean_breadcrumbs_links_color":"","ocean_breadcrumbs_links_hover_color":"","ocean_display_footer_widgets":"default","ocean_display_footer_bottom":"default","ocean_custom_footer_template":"","ocean_post_oembed":"","ocean_post_self_hosted_media":"","ocean_post_video_embed":"","ocean_link_format":"","ocean_link_format_target":"self","ocean_quote_format":"","ocean_quote_format_link":"post","ocean_gallery_link_images":"on","ocean_gallery_id":[]},"categories":[9],"tags":[],"acf":[],"_links":{"self":[{"href":"https:\/\/www.simepe.com.br\/novo\/wp-json\/wp\/v2\/posts\/42976"}],"collection":[{"href":"https:\/\/www.simepe.com.br\/novo\/wp-json\/wp\/v2\/posts"}],"about":[{"href":"https:\/\/www.simepe.com.br\/novo\/wp-json\/wp\/v2\/types\/post"}],"author":[{"embeddable":true,"href":"https:\/\/www.simepe.com.br\/novo\/wp-json\/wp\/v2\/users\/1"}],"replies":[{"embeddable":true,"href":"https:\/\/www.simepe.com.br\/novo\/wp-json\/wp\/v2\/comments?post=42976"}],"version-history":[{"count":1,"href":"https:\/\/www.simepe.com.br\/novo\/wp-json\/wp\/v2\/posts\/42976\/revisions"}],"predecessor-version":[{"id":42977,"href":"https:\/\/www.simepe.com.br\/novo\/wp-json\/wp\/v2\/posts\/42976\/revisions\/42977"}],"wp:attachment":[{"href":"https:\/\/www.simepe.com.br\/novo\/wp-json\/wp\/v2\/media?parent=42976"}],"wp:term":[{"taxonomy":"category","embeddable":true,"href":"https:\/\/www.simepe.com.br\/novo\/wp-json\/wp\/v2\/categories?post=42976"},{"taxonomy":"post_tag","embeddable":true,"href":"https:\/\/www.simepe.com.br\/novo\/wp-json\/wp\/v2\/tags?post=42976"}],"curies":[{"name":"wp","href":"https:\/\/api.w.org\/{rel}","templated":true}]}}