{"id":42991,"date":"2018-01-09T09:22:08","date_gmt":"2018-01-09T12:22:08","guid":{"rendered":"http:\/\/www.simepe.com.br\/novo\/?p=42991"},"modified":"2018-01-09T09:22:08","modified_gmt":"2018-01-09T12:22:08","slug":"ministro-da-saude-diz-que-deixara-o-cargo-em-abril-para-disputar-eleicao-de-deputado","status":"publish","type":"post","link":"https:\/\/www.simepe.com.br\/novo\/ministro-da-saude-diz-que-deixara-o-cargo-em-abril-para-disputar-eleicao-de-deputado\/","title":{"rendered":"Ministro da Sa\u00fade diz que deixar\u00e1 o cargo em abril para disputar elei\u00e7\u00e3o de deputado"},"content":{"rendered":"<p style=\"text-align: justify;\">Ricardo Barros diz que fica no minist\u00e9rio at\u00e9 quando presidente quiser, desde que seja 7 de abril, prazo-limite para que se desliguem do governo os ministros que concorrer\u00e3o em 2018.<\/p>\n<p style=\"text-align: justify;\">O ministro da Sa\u00fade, Ricardo Barros, anunciou nesta quinta-feira (4) que vai deixar a pasta para tentar se reeleger deputado federal na elei\u00e7\u00e3o deste ano.<\/p>\n<p style=\"text-align: justify;\">\nBarros fez o an\u00fancio durante uma entrevista coletiva no minist\u00e9rio sobre a execu\u00e7\u00e3o or\u00e7ament\u00e1ria da pasta em 2017.<\/p>\n<p style=\"text-align: justify;\">\nPela legisla\u00e7\u00e3o, ministros que decidirem disputar a elei\u00e7\u00e3o de 2018 t\u00eam at\u00e9 7 de abril para pedir exonera\u00e7\u00e3o.<\/p>\n<p style=\"text-align: justify;\">\nBarros n\u00e3o deu uma data espec\u00edfica de quando vai se desligar do governo porque afirmou que isso depende de decis\u00e3o do presidente Michel Temer. Ap\u00f3s a entrevista, a assessoria do ministro informou que a inten\u00e7\u00e3o dele \u00e9 permanecer at\u00e9 7 de abril.<\/p>\n<p style=\"text-align: justify;\">\n<strong>&#8220;Eu vou sair para disputar a elei\u00e7\u00e3o. Vou concorrer \u00e0 elei\u00e7\u00e3o como deputado federal e fico no minist\u00e9rio at\u00e9 a data que o presidente me solicitar, desde que seja at\u00e9 7 de abril&#8221;, afirmou.<\/strong><\/p>\n<p style=\"text-align: justify;\">\nNos \u00faltimos dias, dois ministros deixaram o governo com o objetivo de disputar as elei\u00e7\u00f5es: Ronaldo Nogueira (PTB-RS), do Trabalho; e Marcos Pereira (PRB), da Ind\u00fastria e Com\u00e9rcio Exterior. A expectativa \u00e9 que outros da equipe ministerial sigam o mesmo caminho.<\/p>\n<p style=\"text-align: justify;\">\n&#8220;Eu vou sair para disputar a elei\u00e7\u00e3o. Vou concorrer \u00e0 elei\u00e7\u00e3o como deputado federal e fico no minist\u00e9rio at\u00e9 a data que o presidente me solicitar, desde que seja at\u00e9 7 de abril&#8221;, afirmou o ministro.<\/p>\n<p style=\"text-align: justify;\">\n<strong>Febre amarela<\/strong><\/p>\n<p style=\"text-align: justify;\">\nO ministro tamb\u00e9m disse que na pr\u00f3xima semana deve ser anunciada uma nova pol\u00edtica de combate e preven\u00e7\u00e3o da febre amarela no pa\u00eds. Para ele, h\u00e1 um &#8220;excesso de zelo&#8221; nas notifica\u00e7\u00f5es de poss\u00edveis casos da doen\u00e7a.<\/p>\n<p style=\"text-align: justify;\">\n&#8220;H\u00e1 um excesso de zelo sobre as notifica\u00e7\u00f5es de possibilidade de febre amarela. Teve 12 casos suspeitos, nenhum foi confirmado, o que provoca excesso de zelo. N\u00e3o est\u00e1 pactuada totalmente a a\u00e7\u00e3o do ministro, do estado e de munic\u00edpios. Semana que vem, vamos fazer um an\u00fancio da pol\u00edtica de combate \u00e0 febre amarela para este ano de 2018&#8221;, afirmou Barros.<\/p>\n<p style=\"text-align: justify;\">\n<p style=\"text-align: justify;\">Fonte: G1<\/p>\n","protected":false},"excerpt":{"rendered":"<p>Ricardo Barros diz que fica no minist\u00e9rio at\u00e9 quando presidente quiser, desde que seja 7 de abril, prazo-limite para que se desliguem do governo os ministros que concorrer\u00e3o em 2018. O ministro da Sa\u00fade, Ricardo Barros, anunciou nesta quinta-feira (4) que vai deixar a pasta para tentar se reeleger deputado federal na elei\u00e7\u00e3o deste ano. [&hellip;]<\/p>\n","protected":false},"author":1,"featured_media":0,"comment_status":"open","ping_status":"open","sticky":false,"template":"","format":"standard","meta":{"ocean_post_layout":"","ocean_both_sidebars_style":"","ocean_both_sidebars_content_width":0,"ocean_both_sidebars_sidebars_width":0,"ocean_sidebar":"","ocean_second_sidebar":"","ocean_disable_margins":"enable","ocean_add_body_class":"","ocean_shortcode_before_top_bar":"","ocean_shortcode_after_top_bar":"","ocean_shortcode_before_header":"","ocean_shortcode_after_header":"","ocean_has_shortcode":"","ocean_shortcode_after_title":"","ocean_shortcode_before_footer_widgets":"","ocean_shortcode_after_footer_widgets":"","ocean_shortcode_before_footer_bottom":"","ocean_shortcode_after_footer_bottom":"","ocean_display_top_bar":"default","ocean_display_header":"default","ocean_header_style":"","ocean_center_header_left_menu":"","ocean_custom_header_template":"","ocean_custom_logo":0,"ocean_custom_retina_logo":0,"ocean_custom_logo_max_width":0,"ocean_custom_logo_tablet_max_width":0,"ocean_custom_logo_mobile_max_width":0,"ocean_custom_logo_max_height":0,"ocean_custom_logo_tablet_max_height":0,"ocean_custom_logo_mobile_max_height":0,"ocean_header_custom_menu":"","ocean_menu_typo_font_family":"","ocean_menu_typo_font_subset":"","ocean_menu_typo_font_size":0,"ocean_menu_typo_font_size_tablet":0,"ocean_menu_typo_font_size_mobile":0,"ocean_menu_typo_font_size_unit":"px","ocean_menu_typo_font_weight":"","ocean_menu_typo_font_weight_tablet":"","ocean_menu_typo_font_weight_mobile":"","ocean_menu_typo_transform":"","ocean_menu_typo_transform_tablet":"","ocean_menu_typo_transform_mobile":"","ocean_menu_typo_line_height":0,"ocean_menu_typo_line_height_tablet":0,"ocean_menu_typo_line_height_mobile":0,"ocean_menu_typo_line_height_unit":"","ocean_menu_typo_spacing":0,"ocean_menu_typo_spacing_tablet":0,"ocean_menu_typo_spacing_mobile":0,"ocean_menu_typo_spacing_unit":"","ocean_menu_link_color":"","ocean_menu_link_color_hover":"","ocean_menu_link_color_active":"","ocean_menu_link_background":"","ocean_menu_link_hover_background":"","ocean_menu_link_active_background":"","ocean_menu_social_links_bg":"","ocean_menu_social_hover_links_bg":"","ocean_menu_social_links_color":"","ocean_menu_social_hover_links_color":"","ocean_disable_title":"default","ocean_disable_heading":"default","ocean_post_title":"","ocean_post_subheading":"","ocean_post_title_style":"","ocean_post_title_background_color":"","ocean_post_title_background":0,"ocean_post_title_bg_image_position":"","ocean_post_title_bg_image_attachment":"","ocean_post_title_bg_image_repeat":"","ocean_post_title_bg_image_size":"","ocean_post_title_height":0,"ocean_post_title_bg_overlay":0.5,"ocean_post_title_bg_overlay_color":"","ocean_disable_breadcrumbs":"default","ocean_breadcrumbs_color":"","ocean_breadcrumbs_separator_color":"","ocean_breadcrumbs_links_color":"","ocean_breadcrumbs_links_hover_color":"","ocean_display_footer_widgets":"default","ocean_display_footer_bottom":"default","ocean_custom_footer_template":"","ocean_post_oembed":"","ocean_post_self_hosted_media":"","ocean_post_video_embed":"","ocean_link_format":"","ocean_link_format_target":"self","ocean_quote_format":"","ocean_quote_format_link":"post","ocean_gallery_link_images":"on","ocean_gallery_id":[]},"categories":[9],"tags":[],"acf":[],"_links":{"self":[{"href":"https:\/\/www.simepe.com.br\/novo\/wp-json\/wp\/v2\/posts\/42991"}],"collection":[{"href":"https:\/\/www.simepe.com.br\/novo\/wp-json\/wp\/v2\/posts"}],"about":[{"href":"https:\/\/www.simepe.com.br\/novo\/wp-json\/wp\/v2\/types\/post"}],"author":[{"embeddable":true,"href":"https:\/\/www.simepe.com.br\/novo\/wp-json\/wp\/v2\/users\/1"}],"replies":[{"embeddable":true,"href":"https:\/\/www.simepe.com.br\/novo\/wp-json\/wp\/v2\/comments?post=42991"}],"version-history":[{"count":1,"href":"https:\/\/www.simepe.com.br\/novo\/wp-json\/wp\/v2\/posts\/42991\/revisions"}],"predecessor-version":[{"id":42992,"href":"https:\/\/www.simepe.com.br\/novo\/wp-json\/wp\/v2\/posts\/42991\/revisions\/42992"}],"wp:attachment":[{"href":"https:\/\/www.simepe.com.br\/novo\/wp-json\/wp\/v2\/media?parent=42991"}],"wp:term":[{"taxonomy":"category","embeddable":true,"href":"https:\/\/www.simepe.com.br\/novo\/wp-json\/wp\/v2\/categories?post=42991"},{"taxonomy":"post_tag","embeddable":true,"href":"https:\/\/www.simepe.com.br\/novo\/wp-json\/wp\/v2\/tags?post=42991"}],"curies":[{"name":"wp","href":"https:\/\/api.w.org\/{rel}","templated":true}]}}