{"id":43059,"date":"2018-01-11T09:09:26","date_gmt":"2018-01-11T12:09:26","guid":{"rendered":"http:\/\/www.simepe.com.br\/novo\/?p=43059"},"modified":"2018-01-11T09:09:26","modified_gmt":"2018-01-11T12:09:26","slug":"assinada-autorizacao-para-construcao-da-upinha-da-varzea","status":"publish","type":"post","link":"https:\/\/www.simepe.com.br\/novo\/assinada-autorizacao-para-construcao-da-upinha-da-varzea\/","title":{"rendered":"Assinada autoriza\u00e7\u00e3o para constru\u00e7\u00e3o da Upinha da V\u00e1rzea"},"content":{"rendered":"<p style=\"text-align: justify;\">Nova unidade \u00e9 reivindica\u00e7\u00e3o desde 2000 das comunidades que hoje s\u00e3o atendidas precariamente num cont\u00eainer.<\/p>\n<p style=\"text-align: justify;\">Cerca de 150 pessoas participaram na noite desta quarta-feira marcou a assinatura do termo de autoriza\u00e7\u00e3o do in\u00edcio das obras da Upinha Vila Arraes, na V\u00e1rzea, Regi\u00e3o Oeste do Recife. \u201cA vit\u00f3ria \u00e9 nossa! Vit\u00f3ria do povo, da comunidade\u201d, enfatizou a comerciante aut\u00f4noma Sheila Fernandes da Silva, 45 anos, ressaltando que a luta por condi\u00e7\u00f5es dignas de assist\u00eancia \u00e0 sa\u00fade das comunidades que integram o bairro come\u00e7ou em 2000, e, por duas vezes, envolveu o fechamento da unidade pelos pr\u00f3prios usu\u00e1rios. Al\u00e9m do prefeito Geraldo Julio, o evento contou com a participa\u00e7\u00e3o do governador Paulo C\u00e2mara, vereadores, secret\u00e1rios de estado, pol\u00edticos e representantes de entidades at\u00e9 do Interior.<\/p>\n<p style=\"text-align: justify;\">Para Sheila Fernandes, a assinatura da autoriza\u00e7\u00e3o \u00e9 uma vit\u00f3ria, mas a luta continuar\u00e1 para garantir a entrega da Upinha Vila Arraes. Segundo ela, atualmente a unidade de sa\u00fade da Prefeitura do Recife para as comunidades da \u00e1rea funciona precariamente num cont\u00eainer e, assim mesmo, com todas as limita\u00e7\u00f5es, est\u00e1 melhor que a anterior, que amea\u00e7ava desabar. Sheila Fernandes tamb\u00e9m salientou a necessidade de que as novas instala\u00e7\u00f5es tenham equipe qualificada e material de trabalho. \u201cA UPA da Caxang\u00e1, que pertence ao (Governo do) Estado \u00e9 a pior do Recife. Meu sobrinho \u00cdtalo morreu porque n\u00e3o conseguiram diagnosticar leptospirose\u201d, exemplificou.<\/p>\n<p style=\"text-align: justify;\">A Upinha Vila Arraes vai ser constru\u00edda numa parte da \u00e1rea onde funcionava a sede da Secretaria Estadual de Educa\u00e7\u00e3o, na Avenida Afonso Olindense, 1.512, segundo a Prefeitura do Recife com or\u00e7amento de R$ 2.846.697,07 e perspectiva de atendimento de mais de 8 mil pessoas das comunidades Campo do Banco, S\u00edtio dos Lotes e Vila Arraes. Est\u00e3o previstas duas equipes de Sa\u00fade da Fam\u00edlia, cada uma com dois m\u00e9dicos, dois enfermeiros, um auxiliar de enfermagem e dez agentes comunit\u00e1rios de sa\u00fade, al\u00e9m de uma equipe de sa\u00fade bucal.<\/p>\n<p style=\"text-align: justify;\">Num discurso de mais de 18 minutos, o prefeito Geraldo Julio fez quest\u00e3o de destacar o trabalho do secret\u00e1rio de Sa\u00fade do Recife, Jailson Correia. \u201cSomente nesse ano de 2017 a gente recebeu no SUS (Sistema \u00danico de Sa\u00fade) no Recife 50 mil pessoas que at\u00e9 2016 tinha o plano de sa\u00fade, e que, por todo o momento que o Brasil est\u00e1 passando, perderam o emprego e perderam junto o plano de sa\u00fade e o SUS atendeu\u201d, disse. \u201cDaqui a pouco mais de um ano, a gente vai voltar aqui pra inaugurar essa Upinha que vai servir a tanta gente, um sonho antigo da comunidade da V\u00e1rzea, de ter o seu bem e a sua sa\u00fade garantida\u201d, disse o governador Paulo C\u00e2mara, encerrando o ato.<\/p>\n<p style=\"text-align: justify;\">\n<p style=\"text-align: justify;\">Fonte: Diario de Pernambuco<\/p>\n","protected":false},"excerpt":{"rendered":"<p>Nova unidade \u00e9 reivindica\u00e7\u00e3o desde 2000 das comunidades que hoje s\u00e3o atendidas precariamente num cont\u00eainer. Cerca de 150 pessoas participaram na noite desta quarta-feira marcou a assinatura do termo de autoriza\u00e7\u00e3o do in\u00edcio das obras da Upinha Vila Arraes, na V\u00e1rzea, Regi\u00e3o Oeste do Recife. \u201cA vit\u00f3ria \u00e9 nossa! Vit\u00f3ria do povo, da comunidade\u201d, enfatizou [&hellip;]<\/p>\n","protected":false},"author":1,"featured_media":0,"comment_status":"open","ping_status":"open","sticky":false,"template":"","format":"standard","meta":{"ocean_post_layout":"","ocean_both_sidebars_style":"","ocean_both_sidebars_content_width":0,"ocean_both_sidebars_sidebars_width":0,"ocean_sidebar":"","ocean_second_sidebar":"","ocean_disable_margins":"enable","ocean_add_body_class":"","ocean_shortcode_before_top_bar":"","ocean_shortcode_after_top_bar":"","ocean_shortcode_before_header":"","ocean_shortcode_after_header":"","ocean_has_shortcode":"","ocean_shortcode_after_title":"","ocean_shortcode_before_footer_widgets":"","ocean_shortcode_after_footer_widgets":"","ocean_shortcode_before_footer_bottom":"","ocean_shortcode_after_footer_bottom":"","ocean_display_top_bar":"default","ocean_display_header":"default","ocean_header_style":"","ocean_center_header_left_menu":"","ocean_custom_header_template":"","ocean_custom_logo":0,"ocean_custom_retina_logo":0,"ocean_custom_logo_max_width":0,"ocean_custom_logo_tablet_max_width":0,"ocean_custom_logo_mobile_max_width":0,"ocean_custom_logo_max_height":0,"ocean_custom_logo_tablet_max_height":0,"ocean_custom_logo_mobile_max_height":0,"ocean_header_custom_menu":"","ocean_menu_typo_font_family":"","ocean_menu_typo_font_subset":"","ocean_menu_typo_font_size":0,"ocean_menu_typo_font_size_tablet":0,"ocean_menu_typo_font_size_mobile":0,"ocean_menu_typo_font_size_unit":"px","ocean_menu_typo_font_weight":"","ocean_menu_typo_font_weight_tablet":"","ocean_menu_typo_font_weight_mobile":"","ocean_menu_typo_transform":"","ocean_menu_typo_transform_tablet":"","ocean_menu_typo_transform_mobile":"","ocean_menu_typo_line_height":0,"ocean_menu_typo_line_height_tablet":0,"ocean_menu_typo_line_height_mobile":0,"ocean_menu_typo_line_height_unit":"","ocean_menu_typo_spacing":0,"ocean_menu_typo_spacing_tablet":0,"ocean_menu_typo_spacing_mobile":0,"ocean_menu_typo_spacing_unit":"","ocean_menu_link_color":"","ocean_menu_link_color_hover":"","ocean_menu_link_color_active":"","ocean_menu_link_background":"","ocean_menu_link_hover_background":"","ocean_menu_link_active_background":"","ocean_menu_social_links_bg":"","ocean_menu_social_hover_links_bg":"","ocean_menu_social_links_color":"","ocean_menu_social_hover_links_color":"","ocean_disable_title":"default","ocean_disable_heading":"default","ocean_post_title":"","ocean_post_subheading":"","ocean_post_title_style":"","ocean_post_title_background_color":"","ocean_post_title_background":0,"ocean_post_title_bg_image_position":"","ocean_post_title_bg_image_attachment":"","ocean_post_title_bg_image_repeat":"","ocean_post_title_bg_image_size":"","ocean_post_title_height":0,"ocean_post_title_bg_overlay":0.5,"ocean_post_title_bg_overlay_color":"","ocean_disable_breadcrumbs":"default","ocean_breadcrumbs_color":"","ocean_breadcrumbs_separator_color":"","ocean_breadcrumbs_links_color":"","ocean_breadcrumbs_links_hover_color":"","ocean_display_footer_widgets":"default","ocean_display_footer_bottom":"default","ocean_custom_footer_template":"","ocean_post_oembed":"","ocean_post_self_hosted_media":"","ocean_post_video_embed":"","ocean_link_format":"","ocean_link_format_target":"self","ocean_quote_format":"","ocean_quote_format_link":"post","ocean_gallery_link_images":"on","ocean_gallery_id":[]},"categories":[9],"tags":[],"acf":[],"_links":{"self":[{"href":"https:\/\/www.simepe.com.br\/novo\/wp-json\/wp\/v2\/posts\/43059"}],"collection":[{"href":"https:\/\/www.simepe.com.br\/novo\/wp-json\/wp\/v2\/posts"}],"about":[{"href":"https:\/\/www.simepe.com.br\/novo\/wp-json\/wp\/v2\/types\/post"}],"author":[{"embeddable":true,"href":"https:\/\/www.simepe.com.br\/novo\/wp-json\/wp\/v2\/users\/1"}],"replies":[{"embeddable":true,"href":"https:\/\/www.simepe.com.br\/novo\/wp-json\/wp\/v2\/comments?post=43059"}],"version-history":[{"count":1,"href":"https:\/\/www.simepe.com.br\/novo\/wp-json\/wp\/v2\/posts\/43059\/revisions"}],"predecessor-version":[{"id":43060,"href":"https:\/\/www.simepe.com.br\/novo\/wp-json\/wp\/v2\/posts\/43059\/revisions\/43060"}],"wp:attachment":[{"href":"https:\/\/www.simepe.com.br\/novo\/wp-json\/wp\/v2\/media?parent=43059"}],"wp:term":[{"taxonomy":"category","embeddable":true,"href":"https:\/\/www.simepe.com.br\/novo\/wp-json\/wp\/v2\/categories?post=43059"},{"taxonomy":"post_tag","embeddable":true,"href":"https:\/\/www.simepe.com.br\/novo\/wp-json\/wp\/v2\/tags?post=43059"}],"curies":[{"name":"wp","href":"https:\/\/api.w.org\/{rel}","templated":true}]}}